{"id":1472,"date":"2016-06-01T10:13:04","date_gmt":"2016-06-01T08:13:04","guid":{"rendered":"http:\/\/www.ceipmaestrorafaelbravomartin.es\/?p=1472"},"modified":"2016-06-01T18:11:41","modified_gmt":"2016-06-01T16:11:41","slug":"fin-de-curso-2015-2016","status":"publish","type":"post","link":"https:\/\/www.ceipmaestrorafaelbravomartin.es\/?p=1472","title":{"rendered":"Fin de Curso 2015-2016"},"content":{"rendered":"<p style=\"text-align: center;\">Estrenamos el \u00faltimo mes del actual curso 2015\/16.<\/p>\n<p style=\"text-align: center;\">Otro m\u00e1s que se nos va casi sin darnos ni cuenta.<\/p>\n<p style=\"text-align: center;\">El alumnado se despide de sus maestras y maestros hasta el curso que viene, aunque algunos\/as se despiden de su paso por nuestro Centro.<\/p>\n<p style=\"text-align: center;\">\u00a1Vamos a celebrar este \u00abhasta luego\u00bb con una gran fiesta!<\/p>\n<p style=\"text-align: center;\"><a href=\"http:\/\/www.ceipmaestrorafaelbravomartin.es\/wp-content\/uploads\/2016\/06\/Fiesta-final-de-curso-blog.jpg\" rel=\"attachment wp-att-1490\"><img loading=\"lazy\" decoding=\"async\" data-attachment-id=\"1490\" data-permalink=\"https:\/\/www.ceipmaestrorafaelbravomartin.es\/?attachment_id=1490\" data-orig-file=\"https:\/\/www.ceipmaestrorafaelbravomartin.es\/wp-content\/uploads\/2016\/06\/Fiesta-final-de-curso-blog.jpg\" data-orig-size=\"1200,1697\" data-comments-opened=\"0\" data-image-meta=\"{&quot;aperture&quot;:&quot;0&quot;,&quot;credit&quot;:&quot;&quot;,&quot;camera&quot;:&quot;&quot;,&quot;caption&quot;:&quot;&quot;,&quot;created_timestamp&quot;:&quot;0&quot;,&quot;copyright&quot;:&quot;&quot;,&quot;focal_length&quot;:&quot;0&quot;,&quot;iso&quot;:&quot;0&quot;,&quot;shutter_speed&quot;:&quot;0&quot;,&quot;title&quot;:&quot;&quot;,&quot;orientation&quot;:&quot;0&quot;}\" data-image-title=\"Fiesta-final-de-curso-blog\" data-image-description=\"\" data-image-caption=\"\" data-medium-file=\"https:\/\/www.ceipmaestrorafaelbravomartin.es\/wp-content\/uploads\/2016\/06\/Fiesta-final-de-curso-blog-212x300.jpg\" data-large-file=\"https:\/\/www.ceipmaestrorafaelbravomartin.es\/wp-content\/uploads\/2016\/06\/Fiesta-final-de-curso-blog-724x1024.jpg\" class=\"aligncenter size-large wp-image-1490\" src=\"http:\/\/www.ceipmaestrorafaelbravomartin.es\/wp-content\/uploads\/2016\/06\/Fiesta-final-de-curso-blog-724x1024.jpg\" alt=\"Fiesta-final-de-curso-blog\" width=\"584\" height=\"826\" srcset=\"https:\/\/www.ceipmaestrorafaelbravomartin.es\/wp-content\/uploads\/2016\/06\/Fiesta-final-de-curso-blog-724x1024.jpg 724w, https:\/\/www.ceipmaestrorafaelbravomartin.es\/wp-content\/uploads\/2016\/06\/Fiesta-final-de-curso-blog-212x300.jpg 212w, https:\/\/www.ceipmaestrorafaelbravomartin.es\/wp-content\/uploads\/2016\/06\/Fiesta-final-de-curso-blog-768x1086.jpg 768w, https:\/\/www.ceipmaestrorafaelbravomartin.es\/wp-content\/uploads\/2016\/06\/Fiesta-final-de-curso-blog.jpg 1200w\" sizes=\"auto, (max-width: 584px) 100vw, 584px\" \/><\/a><\/p>\n<p style=\"text-align: center;\">\u00a0Os a\u00f1adimos el programa donde pod\u00e9is ver el orden de las actuaciones desde<\/p>\n<p style=\"text-align: center;\"><span style=\"color: #0000ff;\"><strong>INFANTIL a PRIMARIA<\/strong><\/span><\/p>\n<p style=\"text-align: center;\">adem\u00e1s de la participaci\u00f3n especial de<\/p>\n<p style=\"text-align: center;\"><span style=\"color: #0000ff;\"><strong>SECUNDARIA<\/strong><\/span><\/p>\n<p style=\"text-align: center;\"><a href=\"http:\/\/www.ceipmaestrorafaelbravomartin.es\/wp-content\/uploads\/2016\/05\/programa-interior-blog.jpg\" rel=\"attachment wp-att-1487\"><img loading=\"lazy\" decoding=\"async\" data-attachment-id=\"1487\" data-permalink=\"https:\/\/www.ceipmaestrorafaelbravomartin.es\/?attachment_id=1487\" data-orig-file=\"https:\/\/www.ceipmaestrorafaelbravomartin.es\/wp-content\/uploads\/2016\/05\/programa-interior-blog.jpg\" data-orig-size=\"1697,1200\" data-comments-opened=\"0\" data-image-meta=\"{&quot;aperture&quot;:&quot;0&quot;,&quot;credit&quot;:&quot;&quot;,&quot;camera&quot;:&quot;&quot;,&quot;caption&quot;:&quot;&quot;,&quot;created_timestamp&quot;:&quot;0&quot;,&quot;copyright&quot;:&quot;&quot;,&quot;focal_length&quot;:&quot;0&quot;,&quot;iso&quot;:&quot;0&quot;,&quot;shutter_speed&quot;:&quot;0&quot;,&quot;title&quot;:&quot;&quot;,&quot;orientation&quot;:&quot;0&quot;}\" data-image-title=\"programa-interior-blog\" data-image-description=\"\" data-image-caption=\"\" data-medium-file=\"https:\/\/www.ceipmaestrorafaelbravomartin.es\/wp-content\/uploads\/2016\/05\/programa-interior-blog-300x212.jpg\" data-large-file=\"https:\/\/www.ceipmaestrorafaelbravomartin.es\/wp-content\/uploads\/2016\/05\/programa-interior-blog-1024x724.jpg\" class=\"aligncenter size-large wp-image-1487\" src=\"http:\/\/www.ceipmaestrorafaelbravomartin.es\/wp-content\/uploads\/2016\/05\/programa-interior-blog-1024x724.jpg\" alt=\"programa-interior-blog\" width=\"584\" height=\"413\" srcset=\"https:\/\/www.ceipmaestrorafaelbravomartin.es\/wp-content\/uploads\/2016\/05\/programa-interior-blog-1024x724.jpg 1024w, https:\/\/www.ceipmaestrorafaelbravomartin.es\/wp-content\/uploads\/2016\/05\/programa-interior-blog-300x212.jpg 300w, https:\/\/www.ceipmaestrorafaelbravomartin.es\/wp-content\/uploads\/2016\/05\/programa-interior-blog-768x543.jpg 768w, https:\/\/www.ceipmaestrorafaelbravomartin.es\/wp-content\/uploads\/2016\/05\/programa-interior-blog-424x300.jpg 424w, https:\/\/www.ceipmaestrorafaelbravomartin.es\/wp-content\/uploads\/2016\/05\/programa-interior-blog.jpg 1697w\" sizes=\"auto, (max-width: 584px) 100vw, 584px\" \/><\/a><span style=\"color: #ff0000;\"><strong>\u00a1OS ESPERAMOS!<\/strong><\/span><\/p>\n","protected":false},"excerpt":{"rendered":"<p>Estrenamos el \u00faltimo mes del actual curso 2015\/16. Otro m\u00e1s que se nos va casi sin darnos ni cuenta. El alumnado se despide de sus maestras y maestros hasta el curso que viene, aunque algunos\/as se despiden de su paso por nuestro Centro. \u00a1Vamos a celebrar este \u00abhasta luego\u00bb con [&hellip;]<\/p>\n","protected":false},"author":4,"featured_media":0,"comment_status":"closed","ping_status":"closed","sticky":false,"template":"","format":"standard","meta":{"jetpack_post_was_ever_published":false,"_jetpack_newsletter_access":"","_jetpack_dont_email_post_to_subs":false,"_jetpack_newsletter_tier_id":0,"_jetpack_memberships_contains_paywalled_content":false,"_jetpack_memberships_contains_paid_content":false,"footnotes":""},"categories":[10,2,1],"tags":[],"class_list":["post-1472","post","type-post","status-publish","format-standard","hentry","category-centro","category-info","category-sin-categoria"],"jetpack_featured_media_url":"","jetpack_sharing_enabled":true,"jetpack_shortlink":"https:\/\/wp.me\/p9VlHp-nK","jetpack-related-posts":[{"id":140,"url":"https:\/\/www.ceipmaestrorafaelbravomartin.es\/?p=140","url_meta":{"origin":1472,"position":0},"title":"Ntra Sra de la ASUNCI\u00d3N, una nueva etapa.","author":"CEIP Maestro Rafael Bravo Mart\u00edn","date":"8 febrero, 2011","format":false,"excerpt":"Si como qued\u00f3 reflejado en el art\u00edculo anterior, el nombre del Centro Nuestra Se\u00f1ora de la Asunci\u00f3n comenz\u00f3 en el curso 1960\/61se puede decir que en el curso 1981\/82 comienza una nueva etapa pues hasta ese momento todo el alumnado, y por tanto el profesorado, pertenec\u00eda al mismo Centro, Colegio\u2026","rel":"","context":"En \u00abHistoria\u00bb","block_context":{"text":"Historia","link":"https:\/\/www.ceipmaestrorafaelbravomartin.es\/?cat=43"},"img":{"alt_text":"","src":"","width":0,"height":0},"classes":[]},{"id":11,"url":"https:\/\/www.ceipmaestrorafaelbravomartin.es\/?p=11","url_meta":{"origin":1472,"position":1},"title":"Matriculaci\u00f3n Curso 2012-2013","author":"CEIP Maestro Rafael Bravo Mart\u00edn","date":"13 octubre, 2010","format":false,"excerpt":"Se comunica que est\u00e1 abierto el plazo de matriculaci\u00f3n para el pr\u00f3ximo curso 2012-13. Podr\u00e1n presentar el impreso de solicitud, que les ser\u00e1 facilitado en la Secretar\u00eda del Centro, en horario de 9 a 11 horas. Adem\u00e1s deber\u00e1n aportar fotocopia de la hoja del Libro de Familia donde est\u00e1 inscrito\u2026","rel":"","context":"En \u00abEl centro\u00bb","block_context":{"text":"El centro","link":"https:\/\/www.ceipmaestrorafaelbravomartin.es\/?cat=10"},"img":{"alt_text":"","src":"","width":0,"height":0},"classes":[]},{"id":146,"url":"https:\/\/www.ceipmaestrorafaelbravomartin.es\/?p=146","url_meta":{"origin":1472,"position":2},"title":"Abierto plazo de matriculaci\u00f3n para el curso 2011\/12","author":"CEIP Maestro Rafael Bravo Mart\u00edn","date":"2 marzo, 2011","format":false,"excerpt":"Se informa que durante todo el mes de marzo, hasta el d\u00eda 31 inclusive, \u00a0permanecer\u00e1 abierto el plazo de presentaci\u00f3n de solicitudes de admisi\u00f3n en los centros educativos p\u00fablicos y privados y concertados. Comienza de este modo el proceso de escolarizaci\u00f3n del curso 2011\/12 en el que participan todos los\u2026","rel":"","context":"En \u00abSecretar\u00eda\u00bb","block_context":{"text":"Secretar\u00eda","link":"https:\/\/www.ceipmaestrorafaelbravomartin.es\/?cat=16"},"img":{"alt_text":"","src":"","width":0,"height":0},"classes":[]},{"id":3551,"url":"https:\/\/www.ceipmaestrorafaelbravomartin.es\/?p=3551","url_meta":{"origin":1472,"position":3},"title":"Inicio de curso 2025\/2026","author":"CEIP Maestro Rafael Bravo Mart\u00edn","date":"5 septiembre, 2025","format":false,"excerpt":"Estimadas familias, El pr\u00f3ximo mi\u00e9rcoles 10 de septiembre iniciamos el nuevo curso escolar cargado de ilusi\u00f3n y ganas de aprender. La organizaci\u00f3n ser\u00e1 de la siguiente manera:\u25cf De 3 a\u00f1os a 1\u00ba: se realizar\u00e1n reuniones de los padres y madres con los\/las tutores\/as a las horas abajo indicadas.\u25cf De 2\u00ba\u2026","rel":"","context":"En \u00abInformaci\u00f3n\u00bb","block_context":{"text":"Informaci\u00f3n","link":"https:\/\/www.ceipmaestrorafaelbravomartin.es\/?cat=2"},"img":{"alt_text":"","src":"","width":0,"height":0},"classes":[]},{"id":159,"url":"https:\/\/www.ceipmaestrorafaelbravomartin.es\/?p=159","url_meta":{"origin":1472,"position":4},"title":"Consjejo Escolar del 10 de mayo de 2011","author":"CEIP Maestro Rafael Bravo Mart\u00edn","date":"26 mayo, 2011","format":false,"excerpt":"En el Consejo Escolar celebrado el 10 de mayo de 2011 a las 17:20 horas en sesi\u00f3n ordinaria, se trataron los siguientes puntos: \u00a0 Lectura y aprobaci\u00f3n del acta anterior. Aprobada. An\u00e1lisis de los resultados de la 2\u00aa evaluaci\u00f3n. Reglamento Org\u00e1nico de Centros de Infantil y Primaria. Don Rafael Bravo,\u2026","rel":"","context":"En \u00abConsejo escolar\u00bb","block_context":{"text":"Consejo escolar","link":"https:\/\/www.ceipmaestrorafaelbravomartin.es\/?cat=12"},"img":{"alt_text":"","src":"","width":0,"height":0},"classes":[]},{"id":252,"url":"https:\/\/www.ceipmaestrorafaelbravomartin.es\/?p=252","url_meta":{"origin":1472,"position":5},"title":"PERSONAL LABORAL DEL CENTRO","author":"CEIP Maestro Rafael Bravo Mart\u00edn","date":"3 mayo, 2012","format":false,"excerpt":"\u00a0\u00a0\u00a0 No ser\u00eda entendible hoy el funcionamiento de un Centro como el nuestro sin la labor llevada a cabo por el Personal Laboral dependiente de la Junta de Andaluc\u00eda, que forma parte de la plantilla del Centro. \u00a0\u00a0\u00a0 En la actualidad son un monitor\/a y un educador\/a los puestos asignados\u2026","rel":"","context":"En \u00abHistoria\u00bb","block_context":{"text":"Historia","link":"https:\/\/www.ceipmaestrorafaelbravomartin.es\/?cat=43"},"img":{"alt_text":"miguel","src":"https:\/\/i0.wp.com\/www.ceipmaestrorafaelbravomartin.es\/wp-content\/uploads\/2012\/05\/miguel.jpg?resize=350%2C200&ssl=1","width":350,"height":200,"srcset":"https:\/\/i0.wp.com\/www.ceipmaestrorafaelbravomartin.es\/wp-content\/uploads\/2012\/05\/miguel.jpg?resize=350%2C200&ssl=1 1x, https:\/\/i0.wp.com\/www.ceipmaestrorafaelbravomartin.es\/wp-content\/uploads\/2012\/05\/miguel.jpg?resize=525%2C300&ssl=1 1.5x, https:\/\/i0.wp.com\/www.ceipmaestrorafaelbravomartin.es\/wp-content\/uploads\/2012\/05\/miguel.jpg?resize=700%2C400&ssl=1 2x, https:\/\/i0.wp.com\/www.ceipmaestrorafaelbravomartin.es\/wp-content\/uploads\/2012\/05\/miguel.jpg?resize=1050%2C600&ssl=1 3x"},"classes":[]}],"_links":{"self":[{"href":"https:\/\/www.ceipmaestrorafaelbravomartin.es\/index.php?rest_route=\/wp\/v2\/posts\/1472","targetHints":{"allow":["GET"]}}],"collection":[{"href":"https:\/\/www.ceipmaestrorafaelbravomartin.es\/index.php?rest_route=\/wp\/v2\/posts"}],"about":[{"href":"https:\/\/www.ceipmaestrorafaelbravomartin.es\/index.php?rest_route=\/wp\/v2\/types\/post"}],"author":[{"embeddable":true,"href":"https:\/\/www.ceipmaestrorafaelbravomartin.es\/index.php?rest_route=\/wp\/v2\/users\/4"}],"replies":[{"embeddable":true,"href":"https:\/\/www.ceipmaestrorafaelbravomartin.es\/index.php?rest_route=%2Fwp%2Fv2%2Fcomments&post=1472"}],"version-history":[{"count":5,"href":"https:\/\/www.ceipmaestrorafaelbravomartin.es\/index.php?rest_route=\/wp\/v2\/posts\/1472\/revisions"}],"predecessor-version":[{"id":1494,"href":"https:\/\/www.ceipmaestrorafaelbravomartin.es\/index.php?rest_route=\/wp\/v2\/posts\/1472\/revisions\/1494"}],"wp:attachment":[{"href":"https:\/\/www.ceipmaestrorafaelbravomartin.es\/index.php?rest_route=%2Fwp%2Fv2%2Fmedia&parent=1472"}],"wp:term":[{"taxonomy":"category","embeddable":true,"href":"https:\/\/www.ceipmaestrorafaelbravomartin.es\/index.php?rest_route=%2Fwp%2Fv2%2Fcategories&post=1472"},{"taxonomy":"post_tag","embeddable":true,"href":"https:\/\/www.ceipmaestrorafaelbravomartin.es\/index.php?rest_route=%2Fwp%2Fv2%2Ftags&post=1472"}],"curies":[{"name":"wp","href":"https:\/\/api.w.org\/{rel}","templated":true}]}}