{"id":151,"date":"2011-03-17T19:29:56","date_gmt":"2011-03-17T18:29:56","guid":{"rendered":"http:\/\/blogasuncion.es\/?p=151"},"modified":"2014-10-12T20:03:15","modified_gmt":"2014-10-12T18:03:15","slug":"carnaval-2011","status":"publish","type":"post","link":"https:\/\/www.ceipmaestrorafaelbravomartin.es\/?p=151","title":{"rendered":"Carnaval 2011"},"content":{"rendered":"<p style=\"text-align: center;\">{jcomments on}Un a\u00f1o m\u00e1s nuestro colegio se visti\u00f3 con colores carnavalescos.<\/p>\n<p style=\"text-align: center;\">Educaci\u00f3n Infantil y el Primer curso de Primaria, el pasado viernes, nos unimos para celebrar el Carnaval. Motivos meteorol\u00f3gicos adversos impidieron que nuestro ya tradicional \u00abpasacalles\u00bb recorriera los aleda\u00f1os del Centro.<\/p>\n<p style=\"text-align: center;\">\u00a0<\/p>\n<p style=\"text-align: center;\">No obstante la fiesta fue muy divertida: El alumnado de 1\u00ba cant\u00f3 canciones que hab\u00eda ensayado los d\u00edas previos&#8230;&nbsp;&nbsp;&nbsp;&nbsp;&nbsp;&nbsp;&nbsp;&nbsp;&nbsp;&nbsp;&nbsp;&nbsp;&nbsp;&nbsp;&nbsp;&nbsp;&nbsp;&nbsp;&nbsp; (Ricardo)<\/p>\n<p style=\"text-align: center;\">\u00a0<\/p>\n<p style=\"text-align: center;\">A continuaci\u00f3n os dejamos un peque\u00f1o reportaje fotogr\u00e1fico de este d\u00eda.<\/p>\n<p style=\"text-align: center;\">\u00a0<\/p>\n<div>\n<object codebase=\"http:\/\/download.macromedia.com\/pub\/shockwave\/cabs\/flash\/swflash.cab#version=10,0,32,18\" classid=\"clsid:d27cdb6e-ae6d-11cf-96b8-444553540000\" type=\"application\/x-shockwave-flash\" height=\"480\" width=\"640\" style=\"display: block; margin-left: auto; margin-right: auto;\"><param name=\"wmode\" value=\"transparent\" \/><param name=\"allowFullScreen\" value=\"true\" \/><param name=\"src\" value=\"http:\/\/pf.kizoa.com\/sflite.swf?did=1585146&amp;k=6894583\" \/><\/object><br \/>\n<br \/><a href=\"http:\/\/www.kizoa.es\/diapositivas\/d1585146k6894583o2\/carnaval-2011\"><b>Carnaval 2011<\/b><\/a> &#8211; <i><a href=\"http:\/\/www.kizoa.es\">diapositivas<\/a><\/i><\/div>\n","protected":false},"excerpt":{"rendered":"<p>{jcomments on}Un a\u00f1o m\u00e1s nuestro colegio se visti\u00f3 con colores carnavalescos. Educaci\u00f3n Infantil y el Primer curso de Primaria, el pasado viernes, nos unimos para celebrar el Carnaval. Motivos meteorol\u00f3gicos adversos impidieron que nuestro ya tradicional \u00abpasacalles\u00bb recorriera los aleda\u00f1os del Centro. \u00a0 No obstante la fiesta fue muy divertida: [&hellip;]<\/p>\n","protected":false},"author":4,"featured_media":0,"comment_status":"closed","ping_status":"open","sticky":false,"template":"","format":"standard","meta":{"jetpack_post_was_ever_published":false,"_jetpack_newsletter_access":"","_jetpack_dont_email_post_to_subs":false,"_jetpack_newsletter_tier_id":0,"_jetpack_memberships_contains_paywalled_content":false,"_jetpack_memberships_contains_paid_content":false,"footnotes":""},"categories":[40],"tags":[],"class_list":["post-151","post","type-post","status-publish","format-standard","hentry","category-curso-201011"],"jetpack_featured_media_url":"","jetpack_sharing_enabled":true,"jetpack_shortlink":"https:\/\/wp.me\/p9VlHp-2r","jetpack-related-posts":[{"id":229,"url":"https:\/\/www.ceipmaestrorafaelbravomartin.es\/?p=229","url_meta":{"origin":151,"position":0},"title":"Carnaval 2012","author":"CEIP Maestro Rafael Bravo Mart\u00edn","date":"28 febrero, 2012","format":false,"excerpt":"Del 22 al 24 de febrero, se celebraron los carnavales en nuestro Cole. Infantil, realiz\u00f3 un pasacalles por el interior del mismo, en el que la mayor\u00eda de los ni\u00f1os y ni\u00f1as iban disfrazados y disfrutaron del ambiente festivo acompa\u00f1ados del alumnado de Primaria, al cual invitaron a participar. El\u2026","rel":"","context":"En \u00abCurso 2011\/12\u00bb","block_context":{"text":"Curso 2011\/12","link":"https:\/\/www.ceipmaestrorafaelbravomartin.es\/?cat=45"},"img":{"alt_text":"","src":"","width":0,"height":0},"classes":[]},{"id":1685,"url":"https:\/\/www.ceipmaestrorafaelbravomartin.es\/?p=1685","url_meta":{"origin":151,"position":1},"title":"Carnaval 2017","author":"CEIP Maestro Rafael Bravo Mart\u00edn","date":"6 marzo, 2017","format":false,"excerpt":"Porque no todo es trabajar, en nuestro colegio nos lo pasamos muy bien. El pasado 3 de marzo celebramos el carnaval donde tuvimos la actuaci\u00f3n de una charanga y las actuaciones de las chirigotas de los sextos. Fue un d\u00eda muy divertido. https:\/\/youtu.be\/JmzhhtZ_CBI Nuestros agradecimiento a la AMPA Asunci\u00f3n y\u2026","rel":"","context":"En \u00abEl centro\u00bb","block_context":{"text":"El centro","link":"https:\/\/www.ceipmaestrorafaelbravomartin.es\/?cat=10"},"img":{"alt_text":"","src":"https:\/\/i0.wp.com\/img.youtube.com\/vi\/JmzhhtZ_CBI\/0.jpg?resize=350%2C200","width":350,"height":200},"classes":[]},{"id":63,"url":"https:\/\/www.ceipmaestrorafaelbravomartin.es\/?p=63","url_meta":{"origin":151,"position":2},"title":"Celebramos el Carnaval en nuestro Centro.","author":"CEIP Maestro Rafael Bravo Mart\u00edn","date":"2 mayo, 2010","format":false,"excerpt":"{morfeo 11}","rel":"","context":"En \u00abCurso 2009\/10\u00bb","block_context":{"text":"Curso 2009\/10","link":"https:\/\/www.ceipmaestrorafaelbravomartin.es\/?cat=27"},"img":{"alt_text":"","src":"","width":0,"height":0},"classes":[]},{"id":1361,"url":"https:\/\/www.ceipmaestrorafaelbravomartin.es\/?p=1361","url_meta":{"origin":151,"position":3},"title":"Carnaval 2016","author":"CEIP Maestro Rafael Bravo Mart\u00edn","date":"19 febrero, 2016","format":false,"excerpt":"No todo va a ser trabajar, tambi\u00e9n tenemos momentos de fiesta, aqu\u00ed tenemos uno de esos momentos. El pasado viernes celebramos el carnaval con una charanga y un pasacalles. Much\u00edsimas gracias a tod@s por colaborar y participar de la vida de nuestro cole. \u00a0 \u00a0","rel":"","context":"En \u00abEl centro\u00bb","block_context":{"text":"El centro","link":"https:\/\/www.ceipmaestrorafaelbravomartin.es\/?cat=10"},"img":{"alt_text":"","src":"","width":0,"height":0},"classes":[]},{"id":1816,"url":"https:\/\/www.ceipmaestrorafaelbravomartin.es\/?p=1816","url_meta":{"origin":151,"position":4},"title":"SEXTO A : CARNAVAL 2018","author":"CEIP Maestro Rafael Bravo Mart\u00edn","date":"16 febrero, 2018","format":false,"excerpt":"Al estar tan cercano el D\u00eda de Andaluc\u00eda, el alumnado de Sexto A\u00a0 ha preparado unos antifaces que hagan alusi\u00f3n al mismo. Hemos contado con la colaboraci\u00f3n de las familias para hacerlos y tambi\u00e9n en las camisetas con los nombres de las provincias de nuestra Comunidad Aut\u00f3noma. Y por \u00faltimo\u2026","rel":"","context":"En \u00abEventos\u00bb","block_context":{"text":"Eventos","link":"https:\/\/www.ceipmaestrorafaelbravomartin.es\/?cat=103"},"img":{"alt_text":"","src":"","width":0,"height":0},"classes":[]},{"id":148,"url":"https:\/\/www.ceipmaestrorafaelbravomartin.es\/?p=148","url_meta":{"origin":151,"position":5},"title":"Semana Cultural: Nuestro Centro. Ayer y Hoy","author":"CEIP Maestro Rafael Bravo Mart\u00edn","date":"10 marzo, 2011","format":false,"excerpt":"Lema: Nuestro Centro. Ayer y Hoy. \u00a0 Durante la semana del 21 al 25 de marzo y durante un tiempo, cada curso con su tutor-a realizar\u00e1 una actividad relacionada con le lema de nuestra semana cultural.\u00a0 \u00a0 Actividades: - Limpieza del centro. - Decoraci\u00f3n del centro. - Conocimiento del centro.\u2026","rel":"","context":"En \u00abActividades extraescolares\u00bb","block_context":{"text":"Actividades extraescolares","link":"https:\/\/www.ceipmaestrorafaelbravomartin.es\/?cat=14"},"img":{"alt_text":"","src":"","width":0,"height":0},"classes":[]}],"_links":{"self":[{"href":"https:\/\/www.ceipmaestrorafaelbravomartin.es\/index.php?rest_route=\/wp\/v2\/posts\/151","targetHints":{"allow":["GET"]}}],"collection":[{"href":"https:\/\/www.ceipmaestrorafaelbravomartin.es\/index.php?rest_route=\/wp\/v2\/posts"}],"about":[{"href":"https:\/\/www.ceipmaestrorafaelbravomartin.es\/index.php?rest_route=\/wp\/v2\/types\/post"}],"author":[{"embeddable":true,"href":"https:\/\/www.ceipmaestrorafaelbravomartin.es\/index.php?rest_route=\/wp\/v2\/users\/4"}],"replies":[{"embeddable":true,"href":"https:\/\/www.ceipmaestrorafaelbravomartin.es\/index.php?rest_route=%2Fwp%2Fv2%2Fcomments&post=151"}],"version-history":[{"count":1,"href":"https:\/\/www.ceipmaestrorafaelbravomartin.es\/index.php?rest_route=\/wp\/v2\/posts\/151\/revisions"}],"predecessor-version":[{"id":926,"href":"https:\/\/www.ceipmaestrorafaelbravomartin.es\/index.php?rest_route=\/wp\/v2\/posts\/151\/revisions\/926"}],"wp:attachment":[{"href":"https:\/\/www.ceipmaestrorafaelbravomartin.es\/index.php?rest_route=%2Fwp%2Fv2%2Fmedia&parent=151"}],"wp:term":[{"taxonomy":"category","embeddable":true,"href":"https:\/\/www.ceipmaestrorafaelbravomartin.es\/index.php?rest_route=%2Fwp%2Fv2%2Fcategories&post=151"},{"taxonomy":"post_tag","embeddable":true,"href":"https:\/\/www.ceipmaestrorafaelbravomartin.es\/index.php?rest_route=%2Fwp%2Fv2%2Ftags&post=151"}],"curies":[{"name":"wp","href":"https:\/\/api.w.org\/{rel}","templated":true}]}}