{"id":1518,"date":"2016-06-27T12:22:33","date_gmt":"2016-06-27T10:22:33","guid":{"rendered":"http:\/\/www.ceipmaestrorafaelbravomartin.es\/?p=1518"},"modified":"2016-07-02T01:36:53","modified_gmt":"2016-07-01T23:36:53","slug":"jornada-de-convivencia-escolar-20152016","status":"publish","type":"post","link":"https:\/\/www.ceipmaestrorafaelbravomartin.es\/?p=1518","title":{"rendered":"Jornada de convivencia escolar 2015\/2016"},"content":{"rendered":"<p>Este a\u00f1o, como en a\u00f1os anteriores, hemos celebrado la jornada de convivencia escolar en nuestro colegio, con un gran \u00e9xito de participaci\u00f3n de toda la comunidad educativa. Esperamos que os gustara y nos vemos el curso que viene.<\/p>\n<p>&nbsp;<\/p>\n<p><span class=\"embed-youtube\" style=\"text-align:center; display: block;\"><iframe loading=\"lazy\" class=\"youtube-player\" width=\"750\" height=\"422\" src=\"https:\/\/www.youtube.com\/embed\/y5Xci4axLxE?version=3&#038;rel=1&#038;showsearch=0&#038;showinfo=1&#038;iv_load_policy=1&#038;fs=1&#038;hl=es-ES&#038;autohide=2&#038;wmode=transparent\" allowfullscreen=\"true\" style=\"border:0;\" sandbox=\"allow-scripts allow-same-origin allow-popups allow-presentation allow-popups-to-escape-sandbox\"><\/iframe><\/span><\/p>\n<p>&nbsp;<\/p>\n","protected":false},"excerpt":{"rendered":"<p>Este a\u00f1o, como en a\u00f1os anteriores, hemos celebrado la jornada de convivencia escolar en nuestro colegio, con un gran \u00e9xito de participaci\u00f3n de toda la comunidad educativa. Esperamos que os gustara y nos vemos el curso que viene. &nbsp; &nbsp;<\/p>\n","protected":false},"author":6,"featured_media":0,"comment_status":"closed","ping_status":"closed","sticky":false,"template":"","format":"standard","meta":{"jetpack_post_was_ever_published":false,"_jetpack_newsletter_access":"","_jetpack_dont_email_post_to_subs":false,"_jetpack_newsletter_tier_id":0,"_jetpack_memberships_contains_paywalled_content":false,"_jetpack_memberships_contains_paid_content":false,"footnotes":""},"categories":[10,103],"tags":[],"class_list":["post-1518","post","type-post","status-publish","format-standard","hentry","category-centro","category-eventos"],"jetpack_featured_media_url":"","jetpack_sharing_enabled":true,"jetpack_shortlink":"https:\/\/wp.me\/p9VlHp-ou","jetpack-related-posts":[{"id":1848,"url":"https:\/\/www.ceipmaestrorafaelbravomartin.es\/?p=1848","url_meta":{"origin":1518,"position":0},"title":"2 de mayo. D\u00eda contra el acoso escolar.","author":"CEIP Maestro Rafael Bravo Mart\u00edn","date":"9 mayo, 2018","format":false,"excerpt":"El pasado 2 de mayo se conmemor\u00f3 el d\u00eda contra el acoso escolar, para darle la importancia que tiene hemos realizado un gran mural donde los alumnos y alumnas han expresado mensajes en contra del acoso y en favor de la convivencia, respetando las diferencias entre cada uno. \u00a0","rel":"","context":"En \u00abSin categor\u00eda\u00bb","block_context":{"text":"Sin categor\u00eda","link":"https:\/\/www.ceipmaestrorafaelbravomartin.es\/?cat=1"},"img":{"alt_text":"Montaje acoso escolar","src":"https:\/\/i0.wp.com\/www.ceipmaestrorafaelbravomartin.es\/wp-content\/uploads\/2018\/05\/Montaje-acoso-escolar-300x169.jpg?resize=350%2C200","width":350,"height":200},"classes":[]},{"id":82,"url":"https:\/\/www.ceipmaestrorafaelbravomartin.es\/?p=82","url_meta":{"origin":1518,"position":1},"title":"Reuni\u00f3n con las familias en Ed. Infantil","author":"CEIP Maestro Rafael Bravo Mart\u00edn","date":"29 noviembre, 2009","format":false,"excerpt":"El 26 de octubre del 2010 se llev\u00f3 a cabo la reuni\u00f3n con las \u00a0 familias del alumnado de Educaci\u00f3n Infantil. En ella se trataron entre otros los siguientes puntos:","rel":"","context":"En \u00abEducaci\u00f3n Infantil\u00bb","block_context":{"text":"Educaci\u00f3n Infantil","link":"https:\/\/www.ceipmaestrorafaelbravomartin.es\/?cat=26"},"img":{"alt_text":"*","src":"file:\/\/\/C:\/DOCUME~1\/ANGELO~1\/CONFIG~1\/Temp\/msohtml1\/01\/clip_image001.gif","width":350,"height":200},"classes":[]},{"id":98,"url":"https:\/\/www.ceipmaestrorafaelbravomartin.es\/?p=98","url_meta":{"origin":1518,"position":2},"title":"Consejo Escolar del 30 de noviembre de 2010","author":"CEIP Maestro Rafael Bravo Mart\u00edn","date":"3 diciembre, 2010","format":false,"excerpt":"En Alcala del R\u00edo, siendo las 17 horas del d\u00eda 3 de noviembre, se reuni\u00f3 el Consejo Escolar del Centro en sesi\u00f3n extraordinaria. Los temas que se trataron fueron:","rel":"","context":"En \u00abConsejo escolar\u00bb","block_context":{"text":"Consejo escolar","link":"https:\/\/www.ceipmaestrorafaelbravomartin.es\/?cat=12"},"img":{"alt_text":"","src":"","width":0,"height":0},"classes":[]},{"id":37,"url":"https:\/\/www.ceipmaestrorafaelbravomartin.es\/?p=37","url_meta":{"origin":1518,"position":3},"title":"Plan de acompa\u00f1amiento","author":"CEIP Maestro Rafael Bravo Mart\u00edn","date":"18 octubre, 2010","format":false,"excerpt":"DESCRIPCI\u00d3NEl curso 2008-09 empez\u00f3 a funcionar en nuestro Colegio el Plan de Acompa\u00f1amiento, dirigido al alumnado del 3er. Ciclo que presentan dificultades de aprendizaje, escasez de h\u00e1bito de estudio, falta de madurez personal, desorganizaci\u00f3n, falta de habilidades sociales para integrarse en el Centro\u2026Este Plan pretende, por tanto, la mejora de\u2026","rel":"","context":"En \u00abPlanes y programas\u00bb","block_context":{"text":"Planes y programas","link":"https:\/\/www.ceipmaestrorafaelbravomartin.es\/?cat=23"},"img":{"alt_text":"","src":"","width":0,"height":0},"classes":[]},{"id":1148,"url":"https:\/\/www.ceipmaestrorafaelbravomartin.es\/?p=1148","url_meta":{"origin":1518,"position":4},"title":"Convivencia en Infantil","author":"CEIP Maestro Rafael Bravo Mart\u00edn","date":"12 junio, 2015","format":false,"excerpt":"El viernes, 29 de mayo, el alumnado de Educaci\u00f3n Infantil, familias y profesorado disfrutaron de un d\u00eda de convivencia en el parque de \"El Hermanamiento\". Fue una jornada muy emotiva donde el alumnado, en compa\u00f1\u00eda de sus familias, realiz\u00f3 talleres y pudo disfrutar de juegos. De las much\u00edsimas fotos que\u2026","rel":"","context":"En \u00abActividades extraescolares\u00bb","block_context":{"text":"Actividades extraescolares","link":"https:\/\/www.ceipmaestrorafaelbravomartin.es\/?cat=14"},"img":{"alt_text":"","src":"","width":0,"height":0},"classes":[]},{"id":275,"url":"https:\/\/www.ceipmaestrorafaelbravomartin.es\/?p=275","url_meta":{"origin":1518,"position":5},"title":"CONSTITUCI\u00d3N DEL NUEVO CONSEJO ESCOLAR","author":"CEIP Maestro Rafael Bravo Mart\u00edn","date":"27 noviembre, 2012","format":false,"excerpt":"El pasado martes 20 de noviembre de 2012, se reuni\u00f3 el Consejo Escolar de nuestro centro, en sesi\u00f3n extraordinaria para la constituci\u00f3n del nuevo Consejo Escolar (cursos 2012\/2013 y 2013\/2014) y la creaci\u00f3n de las comisiones permanete y de convivencia. Como resultado de las votaciones en los distintos sectores, el\u2026","rel":"","context":"En \u00abConsejo escolar\u00bb","block_context":{"text":"Consejo escolar","link":"https:\/\/www.ceipmaestrorafaelbravomartin.es\/?cat=12"},"img":{"alt_text":"","src":"","width":0,"height":0},"classes":[]}],"_links":{"self":[{"href":"https:\/\/www.ceipmaestrorafaelbravomartin.es\/index.php?rest_route=\/wp\/v2\/posts\/1518","targetHints":{"allow":["GET"]}}],"collection":[{"href":"https:\/\/www.ceipmaestrorafaelbravomartin.es\/index.php?rest_route=\/wp\/v2\/posts"}],"about":[{"href":"https:\/\/www.ceipmaestrorafaelbravomartin.es\/index.php?rest_route=\/wp\/v2\/types\/post"}],"author":[{"embeddable":true,"href":"https:\/\/www.ceipmaestrorafaelbravomartin.es\/index.php?rest_route=\/wp\/v2\/users\/6"}],"replies":[{"embeddable":true,"href":"https:\/\/www.ceipmaestrorafaelbravomartin.es\/index.php?rest_route=%2Fwp%2Fv2%2Fcomments&post=1518"}],"version-history":[{"count":1,"href":"https:\/\/www.ceipmaestrorafaelbravomartin.es\/index.php?rest_route=\/wp\/v2\/posts\/1518\/revisions"}],"predecessor-version":[{"id":1519,"href":"https:\/\/www.ceipmaestrorafaelbravomartin.es\/index.php?rest_route=\/wp\/v2\/posts\/1518\/revisions\/1519"}],"wp:attachment":[{"href":"https:\/\/www.ceipmaestrorafaelbravomartin.es\/index.php?rest_route=%2Fwp%2Fv2%2Fmedia&parent=1518"}],"wp:term":[{"taxonomy":"category","embeddable":true,"href":"https:\/\/www.ceipmaestrorafaelbravomartin.es\/index.php?rest_route=%2Fwp%2Fv2%2Fcategories&post=1518"},{"taxonomy":"post_tag","embeddable":true,"href":"https:\/\/www.ceipmaestrorafaelbravomartin.es\/index.php?rest_route=%2Fwp%2Fv2%2Ftags&post=1518"}],"curies":[{"name":"wp","href":"https:\/\/api.w.org\/{rel}","templated":true}]}}