{"id":153,"date":"2011-03-24T19:28:54","date_gmt":"2011-03-24T18:28:54","guid":{"rendered":"http:\/\/blogasuncion.es\/?p=153"},"modified":"2014-10-12T20:02:58","modified_gmt":"2014-10-12T18:02:58","slug":"semana-cultural-i","status":"publish","type":"post","link":"https:\/\/www.ceipmaestrorafaelbravomartin.es\/?p=153","title":{"rendered":"Semana Cultural (I)"},"content":{"rendered":"<p>{jcomments on}<\/p>\n<p style=\"text-align: center;\">Como ya sab\u00e9is, durante estos d\u00edas se celebra la Semana Cultural en nuestro Cole.<br \/>\u00abNUESTRO CENTRO. AYER Y HOY\u00bb<\/p>\n<p style=\"text-align: center;\">\u00a0<\/p>\n<p style=\"text-align: center;\">De las muchas actividades propuestas para estos d\u00edas, se han llevado a cabo ya algunas.<\/p>\n<p style=\"text-align: center;\">Se han ido tomando im\u00e1genes de:<\/p>\n<p style=\"text-align: center;\">&#8211; Conferencias de la Historia de Nuestro Centro y de Alcal\u00e1.<br \/>&#8211; Visita guiada al Centro de interpretaci\u00f3n de la muralla alcalare\u00f1a.<br \/>&#8211; Decoraci\u00f3n del patio interior con grafitis y macetas.<br \/>&#8211; Partido de f\u00fatbol entre maestras\/os &#8211; alumnas\/os.<\/p>\n<p style=\"text-align: center;\">\u00a0<\/p>\n<p style=\"text-align: center;\">Con algunas de ellas hemos realizado un peque\u00f1o montaje para que nos sirva de muestra y recuerdo de estos d\u00edas.<\/p>\n<p style=\"text-align: center;\">\u00a0<\/p>\n<p><object codebase=\"http:\/\/download.macromedia.com\/pub\/shockwave\/cabs\/flash\/swflash.cab#version=10,0,32,18\" classid=\"clsid:d27cdb6e-ae6d-11cf-96b8-444553540000\" type=\"application\/x-shockwave-flash\" height=\"510\" width=\"640\" style=\"display: block; margin-left: auto; margin-right: auto;\"><param name=\"allowFullScreen\" value=\"true\" \/><param name=\"allowscriptaccess\" value=\"always\" \/><param name=\"src\" value=\"http:\/\/www.youtube.com\/v\/Bz6LZaGE0Cg?fs=1&amp;hl=es_ES&amp;rel=0\" \/><\/object><\/p>\n","protected":false},"excerpt":{"rendered":"<p>{jcomments on} Como ya sab\u00e9is, durante estos d\u00edas se celebra la Semana Cultural en nuestro Cole.\u00abNUESTRO CENTRO. AYER Y HOY\u00bb \u00a0 De las muchas actividades propuestas para estos d\u00edas, se han llevado a cabo ya algunas. Se han ido tomando im\u00e1genes de: &#8211; Conferencias de la Historia de Nuestro Centro [&hellip;]<\/p>\n","protected":false},"author":4,"featured_media":0,"comment_status":"closed","ping_status":"open","sticky":false,"template":"","format":"standard","meta":{"jetpack_post_was_ever_published":false,"_jetpack_newsletter_access":"","_jetpack_dont_email_post_to_subs":false,"_jetpack_newsletter_tier_id":0,"_jetpack_memberships_contains_paywalled_content":false,"_jetpack_memberships_contains_paid_content":false,"footnotes":""},"categories":[40],"tags":[],"class_list":["post-153","post","type-post","status-publish","format-standard","hentry","category-curso-201011"],"jetpack_featured_media_url":"","jetpack_sharing_enabled":true,"jetpack_shortlink":"https:\/\/wp.me\/p9VlHp-2t","jetpack-related-posts":[{"id":241,"url":"https:\/\/www.ceipmaestrorafaelbravomartin.es\/?p=241","url_meta":{"origin":153,"position":0},"title":"Semana Cultural 2012","author":"CEIP Maestro Rafael Bravo Mart\u00edn","date":"4 abril, 2012","format":false,"excerpt":"Este a\u00f1o la Semana Cultural de nuestro Centro se ha desarrollado en torno al Bicentenario de La Constituci\u00f3n de 1812 y el vig\u00e9simo aniversario de la Exposici\u00f3n Universal de Sevilla 1992. \u00a0 La Semana Cultural comenz\u00f3 el 16 de marzo con el D\u00eda de Puertas Abiertas y continu\u00f3 del 19\u2026","rel":"","context":"En \u00abCurso 2011\/12\u00bb","block_context":{"text":"Curso 2011\/12","link":"https:\/\/www.ceipmaestrorafaelbravomartin.es\/?cat=45"},"img":{"alt_text":"","src":"","width":0,"height":0},"classes":[]},{"id":90,"url":"https:\/\/www.ceipmaestrorafaelbravomartin.es\/?p=90","url_meta":{"origin":153,"position":1},"title":"\u00a1El oto\u00f1o ha llegado a nuestro cole!","author":"CEIP Maestro Rafael Bravo Mart\u00edn","date":"18 noviembre, 2010","format":false,"excerpt":"\u00a0La semana pasada se realizaron varias actividades relacionadas con el Oto\u00f1o en nuestro Centro:- Hemos decorado el colegio con un \u00e1rbol y ADORNOS realizados por el alumnado de Infantil en colaboraci\u00f3n con sus familiares.- El martes 16 de noviembre ha venido un CASTA\u00d1ERO para que todos\/as comamos casta\u00f1itas asadas. Los\u2026","rel":"","context":"En \u00abCurso 2010\/11\u00bb","block_context":{"text":"Curso 2010\/11","link":"https:\/\/www.ceipmaestrorafaelbravomartin.es\/?cat=40"},"img":{"alt_text":"","src":"","width":0,"height":0},"classes":[]},{"id":154,"url":"https:\/\/www.ceipmaestrorafaelbravomartin.es\/?p=154","url_meta":{"origin":153,"position":2},"title":"Semana Cultural (II)","author":"CEIP Maestro Rafael Bravo Mart\u00edn","date":"28 marzo, 2011","format":false,"excerpt":"El pasado viernes 25 de marzo, se clausur\u00f3 la Semana Cultural 2011 con la \"Jornada de Puertas Abiertas\". \u00a0 Para recoger otras actividades que se han llevado a cabo durante estos d\u00edas, os dejamos el siguiente pase de diapositivas donde hemos intentado plasmar momentos que se han vivido en nuestro\u2026","rel":"","context":"En \u00abCurso 2010\/11\u00bb","block_context":{"text":"Curso 2010\/11","link":"https:\/\/www.ceipmaestrorafaelbravomartin.es\/?cat=40"},"img":{"alt_text":"","src":"","width":0,"height":0},"classes":[]},{"id":235,"url":"https:\/\/www.ceipmaestrorafaelbravomartin.es\/?p=235","url_meta":{"origin":153,"position":3},"title":"200 de La Pepa y 20 de la Expo&#8217;92","author":"CEIP Maestro Rafael Bravo Mart\u00edn","date":"19 marzo, 2012","format":false,"excerpt":"\u00a0 Este a\u00f1o Ntra. Sra. de La Asunci\u00f3n dedica su Semana Cultural a dos acontecimientos trascendentes en nuestra historia: -Hace hoy 200 a\u00f1os que se aprob\u00f3 en C\u00e1diz, \u00fanica ciudad espa\u00f1ola que nunca lleg\u00f3 a ser invadida por los franceses, la 1\u00aa Constituci\u00f3n Espa\u00f1ola: La Pepa. -Este a\u00f1o se cumplen\u2026","rel":"","context":"En \u00abTercer ciclo de Primaria\u00bb","block_context":{"text":"Tercer ciclo de Primaria","link":"https:\/\/www.ceipmaestrorafaelbravomartin.es\/?cat=25"},"img":{"alt_text":"","src":"https:\/\/i0.wp.com\/www.ceipmaestrorafaelbravomartin.es\/wp-content\/uploads\/2012\/03\/Captura%2Bde%2Bpantalla%2B2012-03-19%2Ba%2Blas%2B16.50.44.png?resize=350%2C200&ssl=1","width":350,"height":200},"classes":[]},{"id":152,"url":"https:\/\/www.ceipmaestrorafaelbravomartin.es\/?p=152","url_meta":{"origin":153,"position":4},"title":"\u00abHistoria de Alcal\u00e1\u00bb 1\u00aa parte","author":"CEIP Maestro Rafael Bravo Mart\u00edn","date":"21 marzo, 2011","format":false,"excerpt":"Con motivo de la Semana Cultural que durante estos d\u00edas (del 21 al 25 de marzo) se celebra en nuestro Centro, se llevar\u00e1n a cabo distintas actividades dentro y fuera del mismo. \u00a0 Una de ellas, es la Conferencia sobre la Historia de Alcal\u00e1 a cargo deD. Gregorio Garc\u00eda-Baquero L\u00f3pez\u2026","rel":"","context":"En \u00abActividades extraescolares\u00bb","block_context":{"text":"Actividades extraescolares","link":"https:\/\/www.ceipmaestrorafaelbravomartin.es\/?cat=14"},"img":{"alt_text":"","src":"","width":0,"height":0},"classes":[]},{"id":148,"url":"https:\/\/www.ceipmaestrorafaelbravomartin.es\/?p=148","url_meta":{"origin":153,"position":5},"title":"Semana Cultural: Nuestro Centro. Ayer y Hoy","author":"CEIP Maestro Rafael Bravo Mart\u00edn","date":"10 marzo, 2011","format":false,"excerpt":"Lema: Nuestro Centro. Ayer y Hoy. \u00a0 Durante la semana del 21 al 25 de marzo y durante un tiempo, cada curso con su tutor-a realizar\u00e1 una actividad relacionada con le lema de nuestra semana cultural.\u00a0 \u00a0 Actividades: - Limpieza del centro. - Decoraci\u00f3n del centro. - Conocimiento del centro.\u2026","rel":"","context":"En \u00abActividades extraescolares\u00bb","block_context":{"text":"Actividades extraescolares","link":"https:\/\/www.ceipmaestrorafaelbravomartin.es\/?cat=14"},"img":{"alt_text":"","src":"","width":0,"height":0},"classes":[]}],"_links":{"self":[{"href":"https:\/\/www.ceipmaestrorafaelbravomartin.es\/index.php?rest_route=\/wp\/v2\/posts\/153","targetHints":{"allow":["GET"]}}],"collection":[{"href":"https:\/\/www.ceipmaestrorafaelbravomartin.es\/index.php?rest_route=\/wp\/v2\/posts"}],"about":[{"href":"https:\/\/www.ceipmaestrorafaelbravomartin.es\/index.php?rest_route=\/wp\/v2\/types\/post"}],"author":[{"embeddable":true,"href":"https:\/\/www.ceipmaestrorafaelbravomartin.es\/index.php?rest_route=\/wp\/v2\/users\/4"}],"replies":[{"embeddable":true,"href":"https:\/\/www.ceipmaestrorafaelbravomartin.es\/index.php?rest_route=%2Fwp%2Fv2%2Fcomments&post=153"}],"version-history":[{"count":1,"href":"https:\/\/www.ceipmaestrorafaelbravomartin.es\/index.php?rest_route=\/wp\/v2\/posts\/153\/revisions"}],"predecessor-version":[{"id":924,"href":"https:\/\/www.ceipmaestrorafaelbravomartin.es\/index.php?rest_route=\/wp\/v2\/posts\/153\/revisions\/924"}],"wp:attachment":[{"href":"https:\/\/www.ceipmaestrorafaelbravomartin.es\/index.php?rest_route=%2Fwp%2Fv2%2Fmedia&parent=153"}],"wp:term":[{"taxonomy":"category","embeddable":true,"href":"https:\/\/www.ceipmaestrorafaelbravomartin.es\/index.php?rest_route=%2Fwp%2Fv2%2Fcategories&post=153"},{"taxonomy":"post_tag","embeddable":true,"href":"https:\/\/www.ceipmaestrorafaelbravomartin.es\/index.php?rest_route=%2Fwp%2Fv2%2Ftags&post=153"}],"curies":[{"name":"wp","href":"https:\/\/api.w.org\/{rel}","templated":true}]}}