{"id":154,"date":"2011-03-28T19:15:18","date_gmt":"2011-03-28T17:15:18","guid":{"rendered":"http:\/\/blogasuncion.es\/?p=154"},"modified":"2014-10-12T20:02:49","modified_gmt":"2014-10-12T18:02:49","slug":"semana-cultural-ii","status":"publish","type":"post","link":"https:\/\/www.ceipmaestrorafaelbravomartin.es\/?p=154","title":{"rendered":"Semana Cultural (II)"},"content":{"rendered":"<p style=\"text-align: center;\">El pasado viernes 25 de marzo, se clausur\u00f3 la Semana Cultural 2011 con la \u00abJornada de Puertas Abiertas\u00bb.<\/p>\n<p style=\"text-align: center;\">\u00a0<\/p>\n<p style=\"text-align: center;\">Para  recoger otras actividades que se han llevado a cabo durante estos d\u00edas,  os dejamos el siguiente pase de diapositivas donde hemos intentado  plasmar momentos que se han vivido en nuestro Cole, e im\u00e1genes que  intentaremos guardar en nuestros recuerdos.<\/p>\n<p style=\"text-align: center;\">\u00a0<\/p>\n<div>\n<object codebase=\"http:\/\/download.macromedia.com\/pub\/shockwave\/cabs\/flash\/swflash.cab#version=10,0,32,18\" classid=\"clsid:d27cdb6e-ae6d-11cf-96b8-444553540000\" type=\"application\/x-shockwave-flash\" height=\"480\" width=\"640\" style=\"display: block; margin-left: auto; margin-right: auto;\"><param name=\"wmode\" value=\"transparent\" \/><param name=\"allowFullScreen\" value=\"true\" \/><param name=\"src\" value=\"http:\/\/pf.kizoa.com\/sflite.swf?did=1619531&amp;k=9399542\" \/><\/object><br \/>\n<br \/><a href=\"http:\/\/www.kizoa.es\/diapositivas\/d1619531k9399542o2\/semana-cultural-ii\"><b>{jcomments on}<br \/><\/b><\/a><i><a href=\"http:\/\/www.kizoa.es\"><\/a><\/i><\/div>\n","protected":false},"excerpt":{"rendered":"<p>El pasado viernes 25 de marzo, se clausur\u00f3 la Semana Cultural 2011 con la \u00abJornada de Puertas Abiertas\u00bb. \u00a0 Para recoger otras actividades que se han llevado a cabo durante estos d\u00edas, os dejamos el siguiente pase de diapositivas donde hemos intentado plasmar momentos que se han vivido en nuestro [&hellip;]<\/p>\n","protected":false},"author":4,"featured_media":0,"comment_status":"closed","ping_status":"open","sticky":false,"template":"","format":"standard","meta":{"jetpack_post_was_ever_published":false,"_jetpack_newsletter_access":"","_jetpack_dont_email_post_to_subs":false,"_jetpack_newsletter_tier_id":0,"_jetpack_memberships_contains_paywalled_content":false,"_jetpack_memberships_contains_paid_content":false,"footnotes":""},"categories":[40],"tags":[],"class_list":["post-154","post","type-post","status-publish","format-standard","hentry","category-curso-201011"],"jetpack_featured_media_url":"","jetpack_sharing_enabled":true,"jetpack_shortlink":"https:\/\/wp.me\/p9VlHp-2u","jetpack-related-posts":[{"id":153,"url":"https:\/\/www.ceipmaestrorafaelbravomartin.es\/?p=153","url_meta":{"origin":154,"position":0},"title":"Semana Cultural (I)","author":"CEIP Maestro Rafael Bravo Mart\u00edn","date":"24 marzo, 2011","format":false,"excerpt":"{jcomments on} Como ya sab\u00e9is, durante estos d\u00edas se celebra la Semana Cultural en nuestro Cole.\"NUESTRO CENTRO. AYER Y HOY\" \u00a0 De las muchas actividades propuestas para estos d\u00edas, se han llevado a cabo ya algunas. Se han ido tomando im\u00e1genes de: - Conferencias de la Historia de Nuestro Centro\u2026","rel":"","context":"En \u00abCurso 2010\/11\u00bb","block_context":{"text":"Curso 2010\/11","link":"https:\/\/www.ceipmaestrorafaelbravomartin.es\/?cat=40"},"img":{"alt_text":"","src":"","width":0,"height":0},"classes":[]},{"id":148,"url":"https:\/\/www.ceipmaestrorafaelbravomartin.es\/?p=148","url_meta":{"origin":154,"position":1},"title":"Semana Cultural: Nuestro Centro. Ayer y Hoy","author":"CEIP Maestro Rafael Bravo Mart\u00edn","date":"10 marzo, 2011","format":false,"excerpt":"Lema: Nuestro Centro. Ayer y Hoy. \u00a0 Durante la semana del 21 al 25 de marzo y durante un tiempo, cada curso con su tutor-a realizar\u00e1 una actividad relacionada con le lema de nuestra semana cultural.\u00a0 \u00a0 Actividades: - Limpieza del centro. - Decoraci\u00f3n del centro. - Conocimiento del centro.\u2026","rel":"","context":"En \u00abActividades extraescolares\u00bb","block_context":{"text":"Actividades extraescolares","link":"https:\/\/www.ceipmaestrorafaelbravomartin.es\/?cat=14"},"img":{"alt_text":"","src":"","width":0,"height":0},"classes":[]},{"id":241,"url":"https:\/\/www.ceipmaestrorafaelbravomartin.es\/?p=241","url_meta":{"origin":154,"position":2},"title":"Semana Cultural 2012","author":"CEIP Maestro Rafael Bravo Mart\u00edn","date":"4 abril, 2012","format":false,"excerpt":"Este a\u00f1o la Semana Cultural de nuestro Centro se ha desarrollado en torno al Bicentenario de La Constituci\u00f3n de 1812 y el vig\u00e9simo aniversario de la Exposici\u00f3n Universal de Sevilla 1992. \u00a0 La Semana Cultural comenz\u00f3 el 16 de marzo con el D\u00eda de Puertas Abiertas y continu\u00f3 del 19\u2026","rel":"","context":"En \u00abCurso 2011\/12\u00bb","block_context":{"text":"Curso 2011\/12","link":"https:\/\/www.ceipmaestrorafaelbravomartin.es\/?cat=45"},"img":{"alt_text":"","src":"","width":0,"height":0},"classes":[]},{"id":235,"url":"https:\/\/www.ceipmaestrorafaelbravomartin.es\/?p=235","url_meta":{"origin":154,"position":3},"title":"200 de La Pepa y 20 de la Expo&#8217;92","author":"CEIP Maestro Rafael Bravo Mart\u00edn","date":"19 marzo, 2012","format":false,"excerpt":"\u00a0 Este a\u00f1o Ntra. Sra. de La Asunci\u00f3n dedica su Semana Cultural a dos acontecimientos trascendentes en nuestra historia: -Hace hoy 200 a\u00f1os que se aprob\u00f3 en C\u00e1diz, \u00fanica ciudad espa\u00f1ola que nunca lleg\u00f3 a ser invadida por los franceses, la 1\u00aa Constituci\u00f3n Espa\u00f1ola: La Pepa. -Este a\u00f1o se cumplen\u2026","rel":"","context":"En \u00abTercer ciclo de Primaria\u00bb","block_context":{"text":"Tercer ciclo de Primaria","link":"https:\/\/www.ceipmaestrorafaelbravomartin.es\/?cat=25"},"img":{"alt_text":"","src":"https:\/\/i0.wp.com\/www.ceipmaestrorafaelbravomartin.es\/wp-content\/uploads\/2012\/03\/Captura%2Bde%2Bpantalla%2B2012-03-19%2Ba%2Blas%2B16.50.44.png?resize=350%2C200&ssl=1","width":350,"height":200},"classes":[]},{"id":57,"url":"https:\/\/www.ceipmaestrorafaelbravomartin.es\/?p=57","url_meta":{"origin":154,"position":4},"title":"Semana Cultural.","author":"CEIP Maestro Rafael Bravo Mart\u00edn","date":"17 abril, 2010","format":false,"excerpt":"Celebraci\u00f3n en nuestro Centro de la Semana Cultural que se realiz\u00f3 entre los d\u00edas 12 y 16 de abril.\u00a0\u00a0 {morfeo 7}","rel":"","context":"En \u00abCurso 2009\/10\u00bb","block_context":{"text":"Curso 2009\/10","link":"https:\/\/www.ceipmaestrorafaelbravomartin.es\/?cat=27"},"img":{"alt_text":"","src":"","width":0,"height":0},"classes":[]},{"id":214,"url":"https:\/\/www.ceipmaestrorafaelbravomartin.es\/?p=214","url_meta":{"origin":154,"position":5},"title":"Celebraci\u00f3n del D\u00eda de la Constituci\u00f3n","author":"CEIP Maestro Rafael Bravo Mart\u00edn","date":"12 diciembre, 2011","format":false,"excerpt":"Este a\u00f1o, en nuestro Centro se han realizado diversas actividades para celebrar el XXXIII Aniversario de la Constituci\u00f3n Espa\u00f1ola. El d\u00eda de la Constituci\u00f3n es festivo (6 de Diciembre), y se conmemora la celebraci\u00f3n del Refer\u00e9ndum Constitucional de 1978, en el que el pueblo espa\u00f1ol la aprob\u00f3 por amplia mayor\u00eda.\u2026","rel":"","context":"En \u00abCurso 2011\/12\u00bb","block_context":{"text":"Curso 2011\/12","link":"https:\/\/www.ceipmaestrorafaelbravomartin.es\/?cat=45"},"img":{"alt_text":"","src":"https:\/\/i0.wp.com\/www.ceipmaestrorafaelbravomartin.es\/wp-content\/uploads\/2011\/12\/Captura%2Bde%2Bpantalla%2B2011-12-04%2Ba%2Blas%2B19.31.33.png?resize=350%2C200&ssl=1","width":350,"height":200},"classes":[]}],"_links":{"self":[{"href":"https:\/\/www.ceipmaestrorafaelbravomartin.es\/index.php?rest_route=\/wp\/v2\/posts\/154","targetHints":{"allow":["GET"]}}],"collection":[{"href":"https:\/\/www.ceipmaestrorafaelbravomartin.es\/index.php?rest_route=\/wp\/v2\/posts"}],"about":[{"href":"https:\/\/www.ceipmaestrorafaelbravomartin.es\/index.php?rest_route=\/wp\/v2\/types\/post"}],"author":[{"embeddable":true,"href":"https:\/\/www.ceipmaestrorafaelbravomartin.es\/index.php?rest_route=\/wp\/v2\/users\/4"}],"replies":[{"embeddable":true,"href":"https:\/\/www.ceipmaestrorafaelbravomartin.es\/index.php?rest_route=%2Fwp%2Fv2%2Fcomments&post=154"}],"version-history":[{"count":1,"href":"https:\/\/www.ceipmaestrorafaelbravomartin.es\/index.php?rest_route=\/wp\/v2\/posts\/154\/revisions"}],"predecessor-version":[{"id":923,"href":"https:\/\/www.ceipmaestrorafaelbravomartin.es\/index.php?rest_route=\/wp\/v2\/posts\/154\/revisions\/923"}],"wp:attachment":[{"href":"https:\/\/www.ceipmaestrorafaelbravomartin.es\/index.php?rest_route=%2Fwp%2Fv2%2Fmedia&parent=154"}],"wp:term":[{"taxonomy":"category","embeddable":true,"href":"https:\/\/www.ceipmaestrorafaelbravomartin.es\/index.php?rest_route=%2Fwp%2Fv2%2Fcategories&post=154"},{"taxonomy":"post_tag","embeddable":true,"href":"https:\/\/www.ceipmaestrorafaelbravomartin.es\/index.php?rest_route=%2Fwp%2Fv2%2Ftags&post=154"}],"curies":[{"name":"wp","href":"https:\/\/api.w.org\/{rel}","templated":true}]}}