{"id":1546,"date":"2016-09-12T21:34:02","date_gmt":"2016-09-12T19:34:02","guid":{"rendered":"http:\/\/www.ceipmaestrorafaelbravomartin.es\/?p=1546"},"modified":"2016-09-12T21:49:22","modified_gmt":"2016-09-12T19:49:22","slug":"samuel","status":"publish","type":"post","link":"https:\/\/www.ceipmaestrorafaelbravomartin.es\/?p=1546","title":{"rendered":"SAMUEL"},"content":{"rendered":"<p style=\"text-align: center;\"><a href=\"http:\/\/www.ceipmaestrorafaelbravomartin.es\/wp-content\/uploads\/2016\/09\/47.jpg\" rel=\"attachment wp-att-1548\"><img loading=\"lazy\" decoding=\"async\" data-attachment-id=\"1548\" data-permalink=\"https:\/\/www.ceipmaestrorafaelbravomartin.es\/?attachment_id=1548\" data-orig-file=\"https:\/\/www.ceipmaestrorafaelbravomartin.es\/wp-content\/uploads\/2016\/09\/47.jpg\" data-orig-size=\"1600,1158\" data-comments-opened=\"0\" data-image-meta=\"{&quot;aperture&quot;:&quot;74099370.67&quot;,&quot;credit&quot;:&quot;&quot;,&quot;camera&quot;:&quot;&quot;,&quot;caption&quot;:&quot;&quot;,&quot;created_timestamp&quot;:&quot;0&quot;,&quot;copyright&quot;:&quot;&quot;,&quot;focal_length&quot;:&quot;74099370.666667&quot;,&quot;iso&quot;:&quot;0&quot;,&quot;shutter_speed&quot;:&quot;74099370.666667&quot;,&quot;title&quot;:&quot;&quot;,&quot;orientation&quot;:&quot;0&quot;}\" data-image-title=\"47\" data-image-description=\"\" data-image-caption=\"\" data-medium-file=\"https:\/\/www.ceipmaestrorafaelbravomartin.es\/wp-content\/uploads\/2016\/09\/47-300x217.jpg\" data-large-file=\"https:\/\/www.ceipmaestrorafaelbravomartin.es\/wp-content\/uploads\/2016\/09\/47-1024x741.jpg\" class=\"size-large wp-image-1548 aligncenter\" src=\"http:\/\/www.ceipmaestrorafaelbravomartin.es\/wp-content\/uploads\/2016\/09\/47-1024x741.jpg\" alt=\"47\" width=\"584\" height=\"423\" srcset=\"https:\/\/www.ceipmaestrorafaelbravomartin.es\/wp-content\/uploads\/2016\/09\/47-1024x741.jpg 1024w, https:\/\/www.ceipmaestrorafaelbravomartin.es\/wp-content\/uploads\/2016\/09\/47-300x217.jpg 300w, https:\/\/www.ceipmaestrorafaelbravomartin.es\/wp-content\/uploads\/2016\/09\/47-768x556.jpg 768w, https:\/\/www.ceipmaestrorafaelbravomartin.es\/wp-content\/uploads\/2016\/09\/47-415x300.jpg 415w, https:\/\/www.ceipmaestrorafaelbravomartin.es\/wp-content\/uploads\/2016\/09\/47.jpg 1600w\" sizes=\"auto, (max-width: 584px) 100vw, 584px\" \/><\/a><\/p>\n<p style=\"text-align: center;\">\u201cCuando mires al cielo, por la noche, como yo habitar\u00e9 en una de ellas, como yo reir\u00e9 en una de ellas, ser\u00e1 para ti como si rieran todas las estrellas. \u00a1T\u00fa y solo t\u00fa tendr\u00e1s estrellas que saben re\u00edr!\u201d<\/p>\n<p style=\"text-align: center;\"><a href=\"http:\/\/www.ceipmaestrorafaelbravomartin.es\/wp-content\/uploads\/2016\/09\/poema-corto-velero-e1473707232174.jpg\" rel=\"attachment wp-att-1551\"><img loading=\"lazy\" decoding=\"async\" data-attachment-id=\"1551\" data-permalink=\"https:\/\/www.ceipmaestrorafaelbravomartin.es\/?attachment_id=1551\" data-orig-file=\"https:\/\/www.ceipmaestrorafaelbravomartin.es\/wp-content\/uploads\/2016\/09\/poema-corto-velero-e1473707232174.jpg\" data-orig-size=\"600,392\" data-comments-opened=\"0\" data-image-meta=\"{&quot;aperture&quot;:&quot;0&quot;,&quot;credit&quot;:&quot;&quot;,&quot;camera&quot;:&quot;&quot;,&quot;caption&quot;:&quot;&quot;,&quot;created_timestamp&quot;:&quot;0&quot;,&quot;copyright&quot;:&quot;&quot;,&quot;focal_length&quot;:&quot;0&quot;,&quot;iso&quot;:&quot;0&quot;,&quot;shutter_speed&quot;:&quot;0&quot;,&quot;title&quot;:&quot;&quot;,&quot;orientation&quot;:&quot;0&quot;}\" data-image-title=\"poema-corto-velero\" data-image-description=\"\" data-image-caption=\"\" data-medium-file=\"https:\/\/www.ceipmaestrorafaelbravomartin.es\/wp-content\/uploads\/2016\/09\/poema-corto-velero-300x196.jpg\" data-large-file=\"https:\/\/www.ceipmaestrorafaelbravomartin.es\/wp-content\/uploads\/2016\/09\/poema-corto-velero-e1473707232174.jpg\" class=\"aligncenter wp-image-1551\" src=\"http:\/\/www.ceipmaestrorafaelbravomartin.es\/wp-content\/uploads\/2016\/09\/poema-corto-velero-e1473707232174.jpg\" alt=\"poema-corto-velero\" width=\"315\" height=\"209\" \/><\/a><\/p>\n<p style=\"text-align: center;\">Sobrevolando las aguas<br \/>\nnavegaba el velero<br \/>\nsobre la mar.<\/p>\n<p style=\"text-align: center;\"><em>\u00a1Velero!<\/em><br \/>\nGritaban los delfines.<br \/>\n<em>\u00a1Velero!<\/em><br \/>\nCantaban las ballenas<br \/>\nguiando con su canto<br \/>\nal velero en su remar.<\/p>\n<p style=\"text-align: center;\">So\u00f1aba el velero<br \/>\ncon surcar las aguas,<br \/>\nlas aguas del mar.<\/p>\n<p style=\"text-align: center;\">\u00a0El CEIP Maestro Rafael Bravo Mart\u00edn, su cole, da su m\u00e1s sentido p\u00e9same a su familia.<\/p>\n<p style=\"text-align: left;\"><a href=\"http:\/\/www.ceipmaestrorafaelbravomartin.es\/wp-content\/uploads\/2016\/09\/logo-y-lazo.jpg\" rel=\"attachment wp-att-1547\"><img loading=\"lazy\" decoding=\"async\" data-attachment-id=\"1547\" data-permalink=\"https:\/\/www.ceipmaestrorafaelbravomartin.es\/?attachment_id=1547\" data-orig-file=\"https:\/\/www.ceipmaestrorafaelbravomartin.es\/wp-content\/uploads\/2016\/09\/logo-y-lazo.jpg\" data-orig-size=\"860,499\" data-comments-opened=\"0\" data-image-meta=\"{&quot;aperture&quot;:&quot;0&quot;,&quot;credit&quot;:&quot;&quot;,&quot;camera&quot;:&quot;&quot;,&quot;caption&quot;:&quot;&quot;,&quot;created_timestamp&quot;:&quot;0&quot;,&quot;copyright&quot;:&quot;&quot;,&quot;focal_length&quot;:&quot;0&quot;,&quot;iso&quot;:&quot;0&quot;,&quot;shutter_speed&quot;:&quot;0&quot;,&quot;title&quot;:&quot;&quot;,&quot;orientation&quot;:&quot;1&quot;}\" data-image-title=\"logo-y-lazo\" data-image-description=\"\" data-image-caption=\"\" data-medium-file=\"https:\/\/www.ceipmaestrorafaelbravomartin.es\/wp-content\/uploads\/2016\/09\/logo-y-lazo-300x174.jpg\" data-large-file=\"https:\/\/www.ceipmaestrorafaelbravomartin.es\/wp-content\/uploads\/2016\/09\/logo-y-lazo.jpg\" class=\"aligncenter size-full wp-image-1547\" src=\"http:\/\/www.ceipmaestrorafaelbravomartin.es\/wp-content\/uploads\/2016\/09\/logo-y-lazo.jpg\" alt=\"logo-y-lazo\" width=\"860\" height=\"499\" srcset=\"https:\/\/www.ceipmaestrorafaelbravomartin.es\/wp-content\/uploads\/2016\/09\/logo-y-lazo.jpg 860w, https:\/\/www.ceipmaestrorafaelbravomartin.es\/wp-content\/uploads\/2016\/09\/logo-y-lazo-300x174.jpg 300w, https:\/\/www.ceipmaestrorafaelbravomartin.es\/wp-content\/uploads\/2016\/09\/logo-y-lazo-768x446.jpg 768w, https:\/\/www.ceipmaestrorafaelbravomartin.es\/wp-content\/uploads\/2016\/09\/logo-y-lazo-500x290.jpg 500w\" sizes=\"auto, (max-width: 860px) 100vw, 860px\" \/><\/a><\/p>\n","protected":false},"excerpt":{"rendered":"<p>\u201cCuando mires al cielo, por la noche, como yo habitar\u00e9 en una de ellas, como yo reir\u00e9 en una de ellas, ser\u00e1 para ti como si rieran todas las estrellas. \u00a1T\u00fa y solo t\u00fa tendr\u00e1s estrellas que saben re\u00edr!\u201d Sobrevolando las aguas navegaba el velero sobre la mar. \u00a1Velero! Gritaban [&hellip;]<\/p>\n","protected":false},"author":4,"featured_media":0,"comment_status":"open","ping_status":"closed","sticky":false,"template":"","format":"standard","meta":{"jetpack_post_was_ever_published":false,"_jetpack_newsletter_access":"","_jetpack_dont_email_post_to_subs":false,"_jetpack_newsletter_tier_id":0,"_jetpack_memberships_contains_paywalled_content":false,"_jetpack_memberships_contains_paid_content":false,"footnotes":""},"categories":[24,46],"tags":[],"class_list":["post-1546","post","type-post","status-publish","format-standard","hentry","category-c59-dedicatorias","category-direccion"],"jetpack_featured_media_url":"","jetpack_sharing_enabled":true,"jetpack_shortlink":"https:\/\/wp.me\/s9VlHp-samuel","jetpack-related-posts":[{"id":210,"url":"https:\/\/www.ceipmaestrorafaelbravomartin.es\/?p=210","url_meta":{"origin":1546,"position":0},"title":"Taller del Hogar realizado por 4\u00ba de primaria","author":"CEIP Maestro Rafael Bravo Mart\u00edn","date":"5 diciembre, 2011","format":false,"excerpt":"Al tener como uno de nuestros Programas el de Coeducaci\u00f3n, los cursos de 4\u00ba realizamos un taller del hogar en el que ense\u00f1amos a nuestros\/as alumnos\/as como planchar, poner la mesa, barrer, fregar, limpiar ventanas, etc. Todo esto con la intenci\u00f3n de hacer constar que tanto ni\u00f1os como ni\u00f1as deben\u2026","rel":"","context":"En \u00abSegundo ciclo de Primaria\u00bb","block_context":{"text":"Segundo ciclo de Primaria","link":"https:\/\/www.ceipmaestrorafaelbravomartin.es\/?cat=47"},"img":{"alt_text":"","src":"","width":0,"height":0},"classes":[]},{"id":14,"url":"https:\/\/www.ceipmaestrorafaelbravomartin.es\/?p=14","url_meta":{"origin":1546,"position":1},"title":"Nota informativa: actividades extraescolares","author":"CEIP Maestro Rafael Bravo Mart\u00edn","date":"13 octubre, 2010","format":false,"excerpt":"Estimados padres y madres,Desde el AMPA queremos informaros de las actividades extraescolares que se llevar\u00e1n a cabo a partir del 15 de Octubre. Cada una de ellas ser\u00e1 dos d\u00edas a la semana, una hora al d\u00eda, por las tardes a partir de las 16:00 h.","rel":"","context":"En \u00abA.M.P.A.\u00bb","block_context":{"text":"A.M.P.A.","link":"https:\/\/www.ceipmaestrorafaelbravomartin.es\/?cat=15"},"img":{"alt_text":"","src":"","width":0,"height":0},"classes":[]},{"id":1589,"url":"https:\/\/www.ceipmaestrorafaelbravomartin.es\/?p=1589","url_meta":{"origin":1546,"position":2},"title":"Celebramos el trig\u00e9simo aniversario de nuestra Biblioteca Municipal (continuaci\u00f3n)","author":"CEIP Maestro Rafael Bravo Mart\u00edn","date":"25 noviembre, 2016","format":false,"excerpt":"Como ya se anunci\u00f3, se han seguido realizando actividades en nuestro centro para celebrar el aniversario de nuestra Biblioteca Municipal. Dando continuidad a la propuesta que desde all\u00ed se hizo, 5\u00baA en el \u00e1rea de Lengua, ha trabajado la poes\u00eda de Antonio Machado. Plasm\u00e1ndose como resultado final una de ellas\u2026","rel":"","context":"En \u00abInformaci\u00f3n\u00bb","block_context":{"text":"Informaci\u00f3n","link":"https:\/\/www.ceipmaestrorafaelbravomartin.es\/?cat=2"},"img":{"alt_text":"","src":"","width":0,"height":0},"classes":[]},{"id":145,"url":"https:\/\/www.ceipmaestrorafaelbravomartin.es\/?p=145","url_meta":{"origin":1546,"position":3},"title":"Gu\u00eda de formaci\u00f3n TIC para padres y madres de adolescentes","author":"CEIP Maestro Rafael Bravo Mart\u00edn","date":"2 marzo, 2011","format":false,"excerpt":"Estamos en un nuevo tiempo donde los accesos a la informaci\u00f3n y el proceso de aprendizaje a cambiado r\u00e1pidamente mediante la introducci\u00f3n de las TIC. Para ayudar a nuestros hijos e hijas en la actual sociedad debemos comprender qu\u00e9 son las TIC, c\u00f3mo funcionan y cu\u00e1l es la mejor forma\u2026","rel":"","context":"En \u00abDocumentos TIC\u00bb","block_context":{"text":"Documentos TIC","link":"https:\/\/www.ceipmaestrorafaelbravomartin.es\/?cat=37"},"img":{"alt_text":"","src":"","width":0,"height":0},"classes":[]},{"id":1028,"url":"https:\/\/www.ceipmaestrorafaelbravomartin.es\/?p=1028","url_meta":{"origin":1546,"position":4},"title":"Simposio Internacional: Cien a\u00f1os de Platero y Yo","author":"CEIP Maestro Rafael Bravo Mart\u00edn","date":"30 noviembre, 2014","format":false,"excerpt":"Platero es peque\u00f1o,\u00a0 peludo, suave... y sigue si\u00e9ndolo \u00a1aunque ya ha cumplido 100 a\u00f1os! La C\u00e1tedra Juan Ram\u00f3n Jim\u00e9nez de la Universidad de Huelva ha celebrado durante los d\u00edas 24 a 28 de noviembre el Simposio Internacional: \"CIEN A\u00d1OS DE PLATERO Y YO\" y, como representantes de nuestro blog y\u2026","rel":"","context":"En \u00abEl centro\u00bb","block_context":{"text":"El centro","link":"https:\/\/www.ceipmaestrorafaelbravomartin.es\/?cat=10"},"img":{"alt_text":"http:\/\/www.moguerplatero2014.es\/","src":"https:\/\/i0.wp.com\/4.bp.blogspot.com\/-hHbQ5g5s3Fs\/Uz7M0itRmdI\/AAAAAAAADtc\/vTqyzIIp5Fs\/s1600\/Captura%2Bde%2Bpantalla%2B2014-04-04%2Ba%2Blas%2B17.16.05.png?resize=350%2C200","width":350,"height":200},"classes":[]},{"id":211,"url":"https:\/\/www.ceipmaestrorafaelbravomartin.es\/?p=211","url_meta":{"origin":1546,"position":5},"title":"Halloween 2011","author":"CEIP Maestro Rafael Bravo Mart\u00edn","date":"3 diciembre, 2011","format":false,"excerpt":"Para celebrar la fiesta correspondiente al d\u00eda 31 de Octubre-1 de Noviembre y teniendo en cuenta que nuestro Centro es Biling\u00fce; todo el Centro se dispuso a trabajar el tema referente a Halloween (fiesta perteneciente a la cultura Norteamericana) y que se celebra en la fecha indicada. El alumnado decor\u00f3\u2026","rel":"","context":"En \u00abSegundo ciclo de Primaria\u00bb","block_context":{"text":"Segundo ciclo de Primaria","link":"https:\/\/www.ceipmaestrorafaelbravomartin.es\/?cat=47"},"img":{"alt_text":"","src":"","width":0,"height":0},"classes":[]}],"_links":{"self":[{"href":"https:\/\/www.ceipmaestrorafaelbravomartin.es\/index.php?rest_route=\/wp\/v2\/posts\/1546","targetHints":{"allow":["GET"]}}],"collection":[{"href":"https:\/\/www.ceipmaestrorafaelbravomartin.es\/index.php?rest_route=\/wp\/v2\/posts"}],"about":[{"href":"https:\/\/www.ceipmaestrorafaelbravomartin.es\/index.php?rest_route=\/wp\/v2\/types\/post"}],"author":[{"embeddable":true,"href":"https:\/\/www.ceipmaestrorafaelbravomartin.es\/index.php?rest_route=\/wp\/v2\/users\/4"}],"replies":[{"embeddable":true,"href":"https:\/\/www.ceipmaestrorafaelbravomartin.es\/index.php?rest_route=%2Fwp%2Fv2%2Fcomments&post=1546"}],"version-history":[{"count":7,"href":"https:\/\/www.ceipmaestrorafaelbravomartin.es\/index.php?rest_route=\/wp\/v2\/posts\/1546\/revisions"}],"predecessor-version":[{"id":1556,"href":"https:\/\/www.ceipmaestrorafaelbravomartin.es\/index.php?rest_route=\/wp\/v2\/posts\/1546\/revisions\/1556"}],"wp:attachment":[{"href":"https:\/\/www.ceipmaestrorafaelbravomartin.es\/index.php?rest_route=%2Fwp%2Fv2%2Fmedia&parent=1546"}],"wp:term":[{"taxonomy":"category","embeddable":true,"href":"https:\/\/www.ceipmaestrorafaelbravomartin.es\/index.php?rest_route=%2Fwp%2Fv2%2Fcategories&post=1546"},{"taxonomy":"post_tag","embeddable":true,"href":"https:\/\/www.ceipmaestrorafaelbravomartin.es\/index.php?rest_route=%2Fwp%2Fv2%2Ftags&post=1546"}],"curies":[{"name":"wp","href":"https:\/\/api.w.org\/{rel}","templated":true}]}}