{"id":1559,"date":"2016-09-19T01:46:40","date_gmt":"2016-09-18T23:46:40","guid":{"rendered":"http:\/\/www.ceipmaestrorafaelbravomartin.es\/?p=1559"},"modified":"2016-09-19T01:46:40","modified_gmt":"2016-09-18T23:46:40","slug":"inicio-de-curso-2016-2017","status":"publish","type":"post","link":"https:\/\/www.ceipmaestrorafaelbravomartin.es\/?p=1559","title":{"rendered":"Inicio de curso 2016 \/ 2017"},"content":{"rendered":"<p>Aqu\u00ed ten\u00e9is los discursos de bienvenida para el curso escolar que comienza.<\/p>\n<p>&nbsp;<\/p>\n<p><span class=\"embed-youtube\" style=\"text-align:center; display: block;\"><iframe loading=\"lazy\" class=\"youtube-player\" width=\"750\" height=\"422\" src=\"https:\/\/www.youtube.com\/embed\/6TLtdzdhtsg?version=3&#038;rel=1&#038;showsearch=0&#038;showinfo=1&#038;iv_load_policy=1&#038;fs=1&#038;hl=es-ES&#038;autohide=2&#038;wmode=transparent\" allowfullscreen=\"true\" style=\"border:0;\" sandbox=\"allow-scripts allow-same-origin allow-popups allow-presentation allow-popups-to-escape-sandbox\"><\/iframe><\/span><\/p>\n<p>Mucha fuerza y feliz curso.<\/p>\n<p>&nbsp;<\/p>\n","protected":false},"excerpt":{"rendered":"<p>Aqu\u00ed ten\u00e9is los discursos de bienvenida para el curso escolar que comienza. &nbsp; Mucha fuerza y feliz curso. &nbsp;<\/p>\n","protected":false},"author":6,"featured_media":0,"comment_status":"closed","ping_status":"closed","sticky":false,"template":"","format":"standard","meta":{"jetpack_post_was_ever_published":false,"_jetpack_newsletter_access":"","_jetpack_dont_email_post_to_subs":false,"_jetpack_newsletter_tier_id":0,"_jetpack_memberships_contains_paywalled_content":false,"_jetpack_memberships_contains_paid_content":false,"footnotes":""},"categories":[109,10,103],"tags":[],"class_list":["post-1559","post","type-post","status-publish","format-standard","hentry","category-bilinguismo-planes-y-programas","category-centro","category-eventos"],"jetpack_featured_media_url":"","jetpack_sharing_enabled":true,"jetpack_shortlink":"https:\/\/wp.me\/p9VlHp-p9","jetpack-related-posts":[{"id":149,"url":"https:\/\/www.ceipmaestrorafaelbravomartin.es\/?p=149","url_meta":{"origin":1559,"position":0},"title":"EQUIPOS DIRECTIVOS DESDE EL CURSO 1981\/82","author":"CEIP Maestro Rafael Bravo Mart\u00edn","date":"10 marzo, 2011","format":false,"excerpt":"\u00a0Como qued\u00f3 reflejado en el art\u00edculo anterior, al final del curso 1980\/81 siendo\u00a0Don Ram\u00f3n Fern\u00e1ndez Garc\u00eda el Director del Colegio Nacional Nuestra Se\u00f1ora de la Asunci\u00f3n se produjo la divisi\u00f3n del alumnado y del profesorado form\u00e1ndose a partir de esa fecha dos centros independientes de Infantil y EGB que empezaron\u2026","rel":"","context":"En \u00abHistoria\u00bb","block_context":{"text":"Historia","link":"https:\/\/www.ceipmaestrorafaelbravomartin.es\/?cat=43"},"img":{"alt_text":"","src":"https:\/\/i0.wp.com\/www.ceipmaestrorafaelbravomartin.es\/wp-content\/uploads\/2011\/03\/equipo-copia.jpg?resize=350%2C200","width":350,"height":200,"srcset":"https:\/\/i0.wp.com\/www.ceipmaestrorafaelbravomartin.es\/wp-content\/uploads\/2011\/03\/equipo-copia.jpg?resize=350%2C200 1x, https:\/\/i0.wp.com\/www.ceipmaestrorafaelbravomartin.es\/wp-content\/uploads\/2011\/03\/equipo-copia.jpg?resize=525%2C300 1.5x, https:\/\/i0.wp.com\/www.ceipmaestrorafaelbravomartin.es\/wp-content\/uploads\/2011\/03\/equipo-copia.jpg?resize=700%2C400 2x, https:\/\/i0.wp.com\/www.ceipmaestrorafaelbravomartin.es\/wp-content\/uploads\/2011\/03\/equipo-copia.jpg?resize=1050%2C600 3x, https:\/\/i0.wp.com\/www.ceipmaestrorafaelbravomartin.es\/wp-content\/uploads\/2011\/03\/equipo-copia.jpg?resize=1400%2C800 4x"},"classes":[]},{"id":20,"url":"https:\/\/www.ceipmaestrorafaelbravomartin.es\/?p=20","url_meta":{"origin":1559,"position":1},"title":"Presentaci\u00f3n del curso 2010\/11","author":"CEIP Maestro Rafael Bravo Mart\u00edn","date":"13 septiembre, 2010","format":false,"excerpt":"En el d\u00eda de hoy, viernes 10 de septiembre de 2010, ha tenido lugar en nuestro Centro la \u00a0presentaci\u00f3n oficial de curso 2010\/11. El equipo directivo, encabezado por el Director del Centro D\u00ba. \u00a0Rafael Bravo Mart\u00edn, se dirigi\u00f3 a todos los asistentes al evento y explic\u00f3 algunas de las novedades\u2026","rel":"","context":"En \u00abPlanes y programas\u00bb","block_context":{"text":"Planes y programas","link":"https:\/\/www.ceipmaestrorafaelbravomartin.es\/?cat=9"},"img":{"alt_text":"","src":"","width":0,"height":0},"classes":[]},{"id":22,"url":"https:\/\/www.ceipmaestrorafaelbravomartin.es\/?p=22","url_meta":{"origin":1559,"position":2},"title":"Materiales Escolares Curso 2010\/11","author":"CEIP Maestro Rafael Bravo Mart\u00edn","date":"14 septiembre, 2010","format":false,"excerpt":"Aqu\u00ed puedes consultar los materiales para el presente curso escolar.Haz clic en el siguiente enlace para descargar los libros de texto para el curso 2010\/11, \u00a0los cuales ya est\u00e1n incluidos en el cheque-libro correspondiente al programa de gratuidad de libros de texto:Libros de texto incluidos en el cheque-libro.En los enlaces\u2026","rel":"","context":"En \u00abPlanes y programas\u00bb","block_context":{"text":"Planes y programas","link":"https:\/\/www.ceipmaestrorafaelbravomartin.es\/?cat=9"},"img":{"alt_text":"","src":"","width":0,"height":0},"classes":[]},{"id":1472,"url":"https:\/\/www.ceipmaestrorafaelbravomartin.es\/?p=1472","url_meta":{"origin":1559,"position":3},"title":"Fin de Curso 2015-2016","author":"CEIP Maestro Rafael Bravo Mart\u00edn","date":"1 junio, 2016","format":false,"excerpt":"Estrenamos el \u00faltimo mes del actual curso 2015\/16. Otro m\u00e1s que se nos va casi sin darnos ni cuenta. El alumnado se despide de sus maestras y maestros hasta el curso que viene, aunque algunos\/as se despiden de su paso por nuestro Centro. \u00a1Vamos a celebrar este \"hasta luego\" con\u2026","rel":"","context":"En \u00abEl centro\u00bb","block_context":{"text":"El centro","link":"https:\/\/www.ceipmaestrorafaelbravomartin.es\/?cat=10"},"img":{"alt_text":"Fiesta-final-de-curso-blog","src":"https:\/\/i0.wp.com\/www.ceipmaestrorafaelbravomartin.es\/wp-content\/uploads\/2016\/06\/Fiesta-final-de-curso-blog-724x1024.jpg?resize=350%2C200","width":350,"height":200,"srcset":"https:\/\/i0.wp.com\/www.ceipmaestrorafaelbravomartin.es\/wp-content\/uploads\/2016\/06\/Fiesta-final-de-curso-blog-724x1024.jpg?resize=350%2C200 1x, https:\/\/i0.wp.com\/www.ceipmaestrorafaelbravomartin.es\/wp-content\/uploads\/2016\/06\/Fiesta-final-de-curso-blog-724x1024.jpg?resize=525%2C300 1.5x"},"classes":[]},{"id":140,"url":"https:\/\/www.ceipmaestrorafaelbravomartin.es\/?p=140","url_meta":{"origin":1559,"position":4},"title":"Ntra Sra de la ASUNCI\u00d3N, una nueva etapa.","author":"CEIP Maestro Rafael Bravo Mart\u00edn","date":"8 febrero, 2011","format":false,"excerpt":"Si como qued\u00f3 reflejado en el art\u00edculo anterior, el nombre del Centro Nuestra Se\u00f1ora de la Asunci\u00f3n comenz\u00f3 en el curso 1960\/61se puede decir que en el curso 1981\/82 comienza una nueva etapa pues hasta ese momento todo el alumnado, y por tanto el profesorado, pertenec\u00eda al mismo Centro, Colegio\u2026","rel":"","context":"En \u00abHistoria\u00bb","block_context":{"text":"Historia","link":"https:\/\/www.ceipmaestrorafaelbravomartin.es\/?cat=43"},"img":{"alt_text":"","src":"","width":0,"height":0},"classes":[]},{"id":3293,"url":"https:\/\/www.ceipmaestrorafaelbravomartin.es\/?p=3293","url_meta":{"origin":1559,"position":5},"title":"Inicio de curso","author":"CEIP Maestro Rafael Bravo Mart\u00edn","date":"7 septiembre, 2022","format":false,"excerpt":"Estimadas familias, El pr\u00f3ximo martes 13 de septiembre se inicia el curso escolar en nuestro centro. Os dejamos la planificaci\u00f3n para tal d\u00eda. Inicio de cursoDescarga Nos vemos en el cole.","rel":"","context":"En \u00abInformaci\u00f3n\u00bb","block_context":{"text":"Informaci\u00f3n","link":"https:\/\/www.ceipmaestrorafaelbravomartin.es\/?cat=20"},"img":{"alt_text":"","src":"","width":0,"height":0},"classes":[]}],"_links":{"self":[{"href":"https:\/\/www.ceipmaestrorafaelbravomartin.es\/index.php?rest_route=\/wp\/v2\/posts\/1559","targetHints":{"allow":["GET"]}}],"collection":[{"href":"https:\/\/www.ceipmaestrorafaelbravomartin.es\/index.php?rest_route=\/wp\/v2\/posts"}],"about":[{"href":"https:\/\/www.ceipmaestrorafaelbravomartin.es\/index.php?rest_route=\/wp\/v2\/types\/post"}],"author":[{"embeddable":true,"href":"https:\/\/www.ceipmaestrorafaelbravomartin.es\/index.php?rest_route=\/wp\/v2\/users\/6"}],"replies":[{"embeddable":true,"href":"https:\/\/www.ceipmaestrorafaelbravomartin.es\/index.php?rest_route=%2Fwp%2Fv2%2Fcomments&post=1559"}],"version-history":[{"count":1,"href":"https:\/\/www.ceipmaestrorafaelbravomartin.es\/index.php?rest_route=\/wp\/v2\/posts\/1559\/revisions"}],"predecessor-version":[{"id":1560,"href":"https:\/\/www.ceipmaestrorafaelbravomartin.es\/index.php?rest_route=\/wp\/v2\/posts\/1559\/revisions\/1560"}],"wp:attachment":[{"href":"https:\/\/www.ceipmaestrorafaelbravomartin.es\/index.php?rest_route=%2Fwp%2Fv2%2Fmedia&parent=1559"}],"wp:term":[{"taxonomy":"category","embeddable":true,"href":"https:\/\/www.ceipmaestrorafaelbravomartin.es\/index.php?rest_route=%2Fwp%2Fv2%2Fcategories&post=1559"},{"taxonomy":"post_tag","embeddable":true,"href":"https:\/\/www.ceipmaestrorafaelbravomartin.es\/index.php?rest_route=%2Fwp%2Fv2%2Ftags&post=1559"}],"curies":[{"name":"wp","href":"https:\/\/api.w.org\/{rel}","templated":true}]}}