{"id":1565,"date":"2016-10-26T20:47:40","date_gmt":"2016-10-26T18:47:40","guid":{"rendered":"http:\/\/www.ceipmaestrorafaelbravomartin.es\/?p=1565"},"modified":"2016-10-26T20:47:40","modified_gmt":"2016-10-26T18:47:40","slug":"jornadacharla-sobre-prevencion-de-riesgos","status":"publish","type":"post","link":"https:\/\/www.ceipmaestrorafaelbravomartin.es\/?p=1565","title":{"rendered":"Jornada\/charla sobre prevenci\u00f3n de riesgos"},"content":{"rendered":"<p><a href=\"http:\/\/www.ceipmaestrorafaelbravomartin.es\/wp-content\/uploads\/2016\/10\/cuerpo-de-bomberos.jpg\" rel=\"attachment wp-att-1566\"><img loading=\"lazy\" decoding=\"async\" data-attachment-id=\"1566\" data-permalink=\"https:\/\/www.ceipmaestrorafaelbravomartin.es\/?attachment_id=1566\" data-orig-file=\"https:\/\/www.ceipmaestrorafaelbravomartin.es\/wp-content\/uploads\/2016\/10\/cuerpo-de-bomberos.jpg\" data-orig-size=\"1200,1600\" data-comments-opened=\"0\" data-image-meta=\"{&quot;aperture&quot;:&quot;0&quot;,&quot;credit&quot;:&quot;&quot;,&quot;camera&quot;:&quot;&quot;,&quot;caption&quot;:&quot;&quot;,&quot;created_timestamp&quot;:&quot;0&quot;,&quot;copyright&quot;:&quot;&quot;,&quot;focal_length&quot;:&quot;0&quot;,&quot;iso&quot;:&quot;0&quot;,&quot;shutter_speed&quot;:&quot;0&quot;,&quot;title&quot;:&quot;&quot;,&quot;orientation&quot;:&quot;0&quot;}\" data-image-title=\"cuerpo-de-bomberos\" data-image-description=\"\" data-image-caption=\"\" data-medium-file=\"https:\/\/www.ceipmaestrorafaelbravomartin.es\/wp-content\/uploads\/2016\/10\/cuerpo-de-bomberos-225x300.jpg\" data-large-file=\"https:\/\/www.ceipmaestrorafaelbravomartin.es\/wp-content\/uploads\/2016\/10\/cuerpo-de-bomberos-768x1024.jpg\" class=\"wp-image-1566 alignleft\" src=\"http:\/\/www.ceipmaestrorafaelbravomartin.es\/wp-content\/uploads\/2016\/10\/cuerpo-de-bomberos-768x1024.jpg\" alt=\"cuerpo-de-bomberos\" width=\"344\" height=\"456\" \/><\/a><\/p>\n<p>&nbsp;<\/p>\n<p>Ma\u00f1ana, jueves 27 de octubre de 2016, se impartir\u00e1 una charla y proyecci\u00f3n de v\u00eddeos sobre seguridad en el hogar y actuaci\u00f3n ante incendios en viviendas.<\/p>\n<p>A cargo de<strong> D. J.Ram\u00f3n Mac\u00edas Vargas-Machuca<\/strong>, cabo de bomberos del Ayuntamiento de Sevilla.<\/p>\n<p>Las sesiones ser\u00e1n:<br \/>\n3\u00b0 a las 10:00h<br \/>\n4\u00b0 a las 11:00h<br \/>\n5\u00b0 y 6\u00b0 a las 12:30h<\/p>\n","protected":false},"excerpt":{"rendered":"<p>&nbsp; Ma\u00f1ana, jueves 27 de octubre de 2016, se impartir\u00e1 una charla y proyecci\u00f3n de v\u00eddeos sobre seguridad en el hogar y actuaci\u00f3n ante incendios en viviendas. A cargo de D. J.Ram\u00f3n Mac\u00edas Vargas-Machuca, cabo de bomberos del Ayuntamiento de Sevilla. Las sesiones ser\u00e1n: 3\u00b0 a las 10:00h 4\u00b0 a [&hellip;]<\/p>\n","protected":false},"author":4,"featured_media":0,"comment_status":"closed","ping_status":"closed","sticky":false,"template":"","format":"standard","meta":{"jetpack_post_was_ever_published":false,"_jetpack_newsletter_access":"","_jetpack_dont_email_post_to_subs":false,"_jetpack_newsletter_tier_id":0,"_jetpack_memberships_contains_paywalled_content":false,"_jetpack_memberships_contains_paid_content":false,"footnotes":""},"categories":[10,2],"tags":[],"class_list":["post-1565","post","type-post","status-publish","format-standard","hentry","category-centro","category-info"],"jetpack_featured_media_url":"","jetpack_sharing_enabled":true,"jetpack_shortlink":"https:\/\/wp.me\/p9VlHp-pf","jetpack-related-posts":[{"id":1463,"url":"https:\/\/www.ceipmaestrorafaelbravomartin.es\/?p=1463","url_meta":{"origin":1565,"position":0},"title":"Matriculaci\u00f3n curso 2016-2017","author":"CEIP Maestro Rafael Bravo Mart\u00edn","date":"25 mayo, 2016","format":false,"excerpt":"CURSO 2016-2017 HOJA DE MATRICULACI\u00d3N\u00a0 (que ya ha sido repartida al alumnado) Deber\u00e1 ser entregada al tutor\/a de su hijo\/a antes del Martes, d\u00eda 31 de Mayo. AULA MATINAL El plazo para solicitar plaza en el Aula Matinal es del 1 al 8 de Junio, ambos inclusive. El horario de\u2026","rel":"","context":"En \u00abEl centro\u00bb","block_context":{"text":"El centro","link":"https:\/\/www.ceipmaestrorafaelbravomartin.es\/?cat=10"},"img":{"alt_text":"","src":"","width":0,"height":0},"classes":[]},{"id":643,"url":"https:\/\/www.ceipmaestrorafaelbravomartin.es\/?p=643","url_meta":{"origin":1565,"position":1},"title":"Campa\u00f1a de C\u00e1ritas","author":"CEIP Maestro Rafael Bravo Mart\u00edn","date":"19 enero, 2014","format":false,"excerpt":"Durante las Jornadas Culturales del pasado curso, por primera vez, se llev\u00f3 a cabo en nuestro centro una charla-coloquio al alumnado de 4\u00ba, 5\u00ba y 6\u00ba de primaria por parte de representantes de C\u00c1RITAS con objeto de concienciar a \u00e9ste de las necesidades de tantas personas y de la labor\u2026","rel":"","context":"En \u00abDedicatorias\u00bb","block_context":{"text":"Dedicatorias","link":"https:\/\/www.ceipmaestrorafaelbravomartin.es\/?cat=24"},"img":{"alt_text":"IMG_3252r","src":"https:\/\/i0.wp.com\/blogasuncion.es\/wp-content\/uploads\/2013\/01\/IMG_3252r.jpg?resize=350%2C200","width":350,"height":200},"classes":[]},{"id":312,"url":"https:\/\/www.ceipmaestrorafaelbravomartin.es\/?p=312","url_meta":{"origin":1565,"position":2},"title":"PROGRAMA JORNADAS CULTURALES, ABRIL 2013","author":"CEIP Maestro Rafael Bravo Mart\u00edn","date":"9 abril, 2013","format":false,"excerpt":"D\u00eda 1 (lunes): Teatro de ingl\u00e9s por la compa\u00f1\u00eda FACE 2 FACE THEATRE. Lugar: Casa de la Cultura. D\u00eda 2 (martes) y hasta finalizar la tarea: Decoraci\u00f3n de la nueva entrada: Cuentos infantiles. (Alumnado de Infantil, 4 y 5 a\u00f1os, y Primaria) D\u00eda 10 (mi\u00e9rcole): Intercambio-Cambalache de cuentos, c\u00f3mics... Lugar:\u2026","rel":"","context":"En \u00abEl centro\u00bb","block_context":{"text":"El centro","link":"https:\/\/www.ceipmaestrorafaelbravomartin.es\/?cat=10"},"img":{"alt_text":"","src":"","width":0,"height":0},"classes":[]},{"id":653,"url":"https:\/\/www.ceipmaestrorafaelbravomartin.es\/?p=653","url_meta":{"origin":1565,"position":3},"title":"30 DE ENERO","author":"CEIP Maestro Rafael Bravo Mart\u00edn","date":"30 enero, 2014","format":false,"excerpt":"Hoy 30 de enero hemos celebrado en nuestro centro el D\u00cdA ESCOLAR DE LA NO VIOLENCIA Y LA PAZ. M\u00faltiples actividades han llenado estos d\u00edas de valores nuestras aulas. Finalizando en un acto global de centro, que adem\u00e1s repercutir\u00e1 en la campa\u00f1a de C\u00c1RITAS cuya charla-coloquio, este curso, tendr\u00e1 lugar\u2026","rel":"","context":"En \u00abCelebraciones\u00bb","block_context":{"text":"Celebraciones","link":"https:\/\/www.ceipmaestrorafaelbravomartin.es\/?cat=42"},"img":{"alt_text":"","src":"","width":0,"height":0},"classes":[]},{"id":110,"url":"https:\/\/www.ceipmaestrorafaelbravomartin.es\/?p=110","url_meta":{"origin":1565,"position":4},"title":"Inauguraci\u00f3n de: \u00abEL RINCON TIC\u00bb.","author":"CEIP Maestro Rafael Bravo Mart\u00edn","date":"15 diciembre, 2010","format":false,"excerpt":"Tengo el placer de informaros de la inauguraci\u00f3n de un nuevo espacio en nuestra web con t\u00edtulo: EL RINC\u00d3N TIC, al cual se puede acceder desde el men\u00fa principal horizontal de nuestra web. Este espacio surge de la necesidad de tener un lugar donde recopilar toda la informaci\u00f3n relacionada con\u2026","rel":"","context":"En \u00abNoticias TIC\u00bb","block_context":{"text":"Noticias TIC","link":"https:\/\/www.ceipmaestrorafaelbravomartin.es\/?cat=19"},"img":{"alt_text":"","src":"https:\/\/i0.wp.com\/blogasuncion.es\/wp-content\/uploads\/2010\/12\/tic.gif?resize=350%2C200","width":350,"height":200},"classes":[]},{"id":15,"url":"https:\/\/www.ceipmaestrorafaelbravomartin.es\/?p=15","url_meta":{"origin":1565,"position":5},"title":"Nota informativa sobre escuelas deportivas","author":"CEIP Maestro Rafael Bravo Mart\u00edn","date":"13 octubre, 2010","format":false,"excerpt":"Se comunica a todo\/as las madres y padres de las alumnas\/os del centro que el pr\u00f3ximo lunes, 4 de octubre comenzar\u00e1n el proyecto \u201cEscuelas deportivas\u201d (o talleres de multideporte).Los talleres ir\u00e1n dirigidos a los alumnos\/as de la etapa de educaci\u00f3n primaria (de 1\u00ba a 6\u00ba curso).","rel":"","context":"En \u00abEscuelas deportivas\u00bb","block_context":{"text":"Escuelas deportivas","link":"https:\/\/www.ceipmaestrorafaelbravomartin.es\/?cat=18"},"img":{"alt_text":"","src":"","width":0,"height":0},"classes":[]}],"_links":{"self":[{"href":"https:\/\/www.ceipmaestrorafaelbravomartin.es\/index.php?rest_route=\/wp\/v2\/posts\/1565","targetHints":{"allow":["GET"]}}],"collection":[{"href":"https:\/\/www.ceipmaestrorafaelbravomartin.es\/index.php?rest_route=\/wp\/v2\/posts"}],"about":[{"href":"https:\/\/www.ceipmaestrorafaelbravomartin.es\/index.php?rest_route=\/wp\/v2\/types\/post"}],"author":[{"embeddable":true,"href":"https:\/\/www.ceipmaestrorafaelbravomartin.es\/index.php?rest_route=\/wp\/v2\/users\/4"}],"replies":[{"embeddable":true,"href":"https:\/\/www.ceipmaestrorafaelbravomartin.es\/index.php?rest_route=%2Fwp%2Fv2%2Fcomments&post=1565"}],"version-history":[{"count":1,"href":"https:\/\/www.ceipmaestrorafaelbravomartin.es\/index.php?rest_route=\/wp\/v2\/posts\/1565\/revisions"}],"predecessor-version":[{"id":1567,"href":"https:\/\/www.ceipmaestrorafaelbravomartin.es\/index.php?rest_route=\/wp\/v2\/posts\/1565\/revisions\/1567"}],"wp:attachment":[{"href":"https:\/\/www.ceipmaestrorafaelbravomartin.es\/index.php?rest_route=%2Fwp%2Fv2%2Fmedia&parent=1565"}],"wp:term":[{"taxonomy":"category","embeddable":true,"href":"https:\/\/www.ceipmaestrorafaelbravomartin.es\/index.php?rest_route=%2Fwp%2Fv2%2Fcategories&post=1565"},{"taxonomy":"post_tag","embeddable":true,"href":"https:\/\/www.ceipmaestrorafaelbravomartin.es\/index.php?rest_route=%2Fwp%2Fv2%2Ftags&post=1565"}],"curies":[{"name":"wp","href":"https:\/\/api.w.org\/{rel}","templated":true}]}}