{"id":157,"date":"2011-05-16T23:00:00","date_gmt":"2011-05-16T21:00:00","guid":{"rendered":"http:\/\/blogasuncion.es\/?p=157"},"modified":"2014-10-12T20:02:21","modified_gmt":"2014-10-12T18:02:21","slug":"2o-edicion-de-la-qventana-escolarq","status":"publish","type":"post","link":"https:\/\/www.ceipmaestrorafaelbravomartin.es\/?p=157","title":{"rendered":"2\u00aa  edici\u00f3n de la \u00abVentana Escolar\u00bb"},"content":{"rendered":"<ul>\n<li style=\"line-height: normal;\" class=\"MsoNormal\"><span style=\"font-size: 10pt; font-family: 'Times New Roman', serif;\">La      direcci\u00f3n de correo electr\u00f3nico a la que se pueden mandar los escritos: <strong><a href=\"mailto:periodicoasuncion@gmail.com\"><span style=\"color: blue;\">periodicoasuncion@gmail.com<\/span><\/a><span style=\"display: none;\">Esta direcci\u00f3n electr\u00f3nica esta      protegida contra spam bots. Necesita activar JavaScript para visualizarla <\/span>&nbsp;<\/strong><\/span><\/li>\n<li style=\"line-height: normal;\" class=\"MsoNormal\"><span style=\"font-size: 10pt; font-family: 'Times New Roman', serif;\"><br \/><\/span><\/li>\n<li style=\"line-height: normal;\" class=\"MsoNormal\"><span style=\"font-size: 10pt; font-family: 'Times New Roman', serif;\">Se      admitir\u00e1n trabajos realizados a mano, con ordenador, en papel, soporte digital      o enviados desde la web del Centro.<\/span><\/li>\n<li style=\"line-height: normal;\" class=\"MsoNormal\"><span style=\"font-size: 10pt; font-family: 'Times New Roman', serif;\"><\/span><\/li>\n<li style=\"line-height: normal;\" class=\"MsoNormal\"><span style=\"font-size: 10pt; font-family: 'Times New Roman', serif;\">Los      escritos se entregar\u00e1n a los profesores\/as (Andr\u00e9s, Aurora o Puri), se      enviar\u00e1n por e-mail, o se escribir\u00e1n directamente en la web del centro      como se ha explicado antes.<\/span><\/li>\n<li style=\"line-height: normal;\" class=\"MsoNormal\"><span style=\"font-size: 10pt; font-family: 'Times New Roman', serif;\"><\/span><\/li>\n<li style=\"line-height: normal;\" class=\"MsoNormal\"><span style=\"font-size: 10pt; font-family: 'Times New Roman', serif;\">Deben      cumplir las recomendaciones propias del Taller de peri\u00f3dico. De lo      contrario, no ser\u00e1n admitidos en la selecci\u00f3n definitiva.<\/span><\/li>\n<li style=\"line-height: normal;\" class=\"MsoNormal\"><span style=\"font-size: 10pt; font-family: 'Times New Roman', serif;\">Temporalizaci\u00f3n: saldr\u00e1 el mes de Junio.<\/span><\/li>\n<li style=\"line-height: normal;\" class=\"MsoNormal\"><span style=\"font-size: 10pt; font-family: 'Times New Roman', serif;\">Dibujo de la portada: tema libre.<\/span><\/li>\n<li style=\"line-height: normal;\" class=\"MsoNormal\"><span style=\"font-size: 10pt; font-family: 'Times New Roman', serif;\">Entrega de trabajos: <strong>martes, 21 de mayo.<\/strong><\/span><\/li>\n<li style=\"line-height: normal;\" class=\"MsoNormal\"><span style=\"font-size: 10pt; font-family: 'Times New Roman', serif;\"><br \/><\/span><\/li>\n<\/ul>\n<ul>\n<li style=\"line-height: normal;\" class=\"MsoNormal\"><span style=\"font-size: 10pt; font-family: 'Times New Roman', serif;\">Les      recordamos las <strong><em><span style=\"text-decoration: underline;\">secciones del peri\u00f3dico:<\/span><\/em><\/strong><\/span><\/li>\n<li style=\"line-height: normal;\" class=\"MsoNormal\"><span style=\"font-size: 10pt; font-family: 'Times New Roman', serif;\"><span style=\"text-decoration: underline;\"><br \/><\/span><\/span><\/li>\n<li style=\"line-height: normal;\" class=\"MsoNormal\"><span style=\"font-size: 10pt; font-family: 'Times New Roman', serif;\"><strong><em><span style=\"text-decoration: underline;\"><\/span><\/em><\/strong><\/span>\n<ul>\n<li style=\"line-height: normal;\" class=\"MsoNormal\"><span style=\"font-size: 10pt; font-family: 'Times New Roman', serif;\">CARTAS       DE LOS LECTORES Y LECTORAS. Expresar opini\u00f3n sobre cualquier tema.<\/span><\/li>\n<li style=\"line-height: normal;\" class=\"MsoNormal\"><span style=\"font-size: 10pt; font-family: 'Times New Roman', serif;\">NOTICIAS       INTERNAS. Fiesta del oto\u00f1o, d\u00eda de la Constituci\u00f3n, Navidad, d\u00eda de la       Paz.<\/span><\/li>\n<li style=\"line-height: normal;\" class=\"MsoNormal\"><span style=\"font-size: 10pt; font-family: 'Times New Roman', serif;\">NOTICIAS       EXTERNAS. De la provincia, del pueblo, de Andaluc\u00eda, de Espa\u00f1a, del       mundo. &nbsp; &nbsp; &nbsp; &nbsp; &nbsp;<\/span><\/li>\n<li style=\"line-height: normal;\" class=\"MsoNormal\"><span style=\"font-size: 10pt; font-family: 'Times New Roman', serif;\">MIS       LIBROS Y PEL\u00cdCULAS PREFERIDOS. Contar alg\u00fan libro, pel\u00edcula, serie, que       les haya gustado mucho.<\/span><\/li>\n<li style=\"line-height: normal;\" class=\"MsoNormal\"><span style=\"font-size: 10pt; font-family: 'Times New Roman', serif;\">RECOMENDACIONES       DE P\u00c1GINAS WEBS. Direcciones de p\u00e1ginas web donde podemos encontrar algo       \u00fatil o divertido.<\/span><\/li>\n<li style=\"line-height: normal;\" class=\"MsoNormal\"><span style=\"font-size: 10pt; font-family: 'Times New Roman', serif;\">DEPORTES.       Comentarios de actos deportivos dentro o fuera del colegio.<\/span><\/li>\n<li style=\"line-height: normal;\" class=\"MsoNormal\"><span style=\"font-size: 10pt; font-family: 'Times New Roman', serif;\">PASATIEMPOS.       Chistes, adivinanzas, sopa de letras, etc.<\/span><\/li>\n<li style=\"line-height: normal;\" class=\"MsoNormal\"><span style=\"font-size: 10pt; font-family: 'Times New Roman', serif;\">RECETAS<\/span><\/li>\n<li style=\"line-height: normal;\" class=\"MsoNormal\"><span style=\"font-size: 10pt; font-family: 'Times New Roman', serif;\">CREACI\u00d3N       LITERARIA. Cuentos, poemas, c\u00f3mics, todos inventados y no copiados.<\/span><\/li>\n<li style=\"line-height: normal;\" class=\"MsoNormal\"><span style=\"font-size: 10pt; font-family: 'Times New Roman', serif;\"><br \/><\/span><\/li>\n<\/ul>\n<\/li>\n<\/ul>\n<p align=\"center\" class=\"MsoNormal\" style=\"margin-bottom: 0.0001pt; text-align: center; line-height: normal;\"><strong><span style=\"text-decoration: underline;\"><span style=\"font-family: 'Times New Roman', serif;\">RECOMENDACIONES<\/span><\/span><\/strong><\/p>\n<ol>\n<li style=\"line-height: normal;\" class=\"MsoNormal\"><span style=\"font-size: 10pt; font-family: 'Times New Roman', serif;\">El <strong>dibujo<\/strong> de la <strong>portada <\/strong>se har\u00e1 en un folio, como siempre sin colorear,      respetando los m\u00e1rgenes, y se pasar\u00e1 a boli negro.<\/span><\/li>\n<li style=\"line-height: normal;\" class=\"MsoNormal\"><span style=\"font-size: 10pt; font-family: 'Times New Roman', serif;\">Los<strong> trabajos escritos<\/strong> deben respetar los m\u00e1rgenes que se se\u00f1alan en las      plantillas (\u00e9stas se pueden usar para ponerlas debajo, as\u00ed sirven para que      no se tuerzan).<\/span><\/li>\n<li style=\"line-height: normal;\" class=\"MsoNormal\"><span style=\"font-size: 10pt; font-family: 'Times New Roman', serif;\">Los <strong>trabajos      de ordenador<\/strong> pueden usar cualquier tipo de fuente entendible y color      negro. Tambi\u00e9n pueden adjuntar archivos.<\/span><\/li>\n<li style=\"line-height: normal;\" class=\"MsoNormal\"><span style=\"font-size: 10pt; font-family: 'Times New Roman', serif;\">Los      tutores\/as deben <strong>seleccionar<\/strong> los trabajos de los alumnos\/as de su      clase y mandarlos ya <strong>corregidos<\/strong>, tanto si est\u00e1n hechos a mano como      si es con ordenador.<\/span><\/li>\n<li style=\"line-height: normal;\" class=\"MsoNormal\"><span style=\"font-size: 10pt; font-family: 'Times New Roman', serif;\">Finalmente      la comisi\u00f3n&nbsp; del peri\u00f3dico realizar\u00e1 la selecci\u00f3n definitiva.<\/span><\/li>\n<li style=\"line-height: normal;\" class=\"MsoNormal\"><span style=\"font-size: 10pt; font-family: 'Times New Roman', serif;\">Se      procurar\u00e1 que haya representaci\u00f3n de todos los cursos.<\/span><\/li>\n<\/ol>\n","protected":false},"excerpt":{"rendered":"<p><img loading=\"lazy\" decoding=\"async\" border=\"0\" width=\"118\" height=\"88\" src=\"http:\/\/blogasuncion.es\/wp-content\/uploads\/2010\/11\/ventana.png\" \/>&nbsp;<span style=\"font-family: 'Times New Roman', serif; font-size: 13px;\">A todos los ni\u00f1os y ni\u00f1as, maestros y maestras que deseen colaborar. Tambi\u00e9n a los padres, madres&nbsp; y antiguos alumnos\/as: estamos preparando la 2\u00aa edici\u00f3n de \u00abVentana Escolar\u00bb.<\/span><\/p>\n<p class=\"MsoNormal\" style=\"line-height: normal;\"><span style=\"font-size: 10pt; font-family: 'Times New Roman', serif;\">Por eso deb\u00e9is saber:<\/span><\/p>\n","protected":false},"author":4,"featured_media":86,"comment_status":"closed","ping_status":"open","sticky":false,"template":"","format":"standard","meta":{"jetpack_post_was_ever_published":false,"_jetpack_newsletter_access":"","_jetpack_dont_email_post_to_subs":false,"_jetpack_newsletter_tier_id":0,"_jetpack_memberships_contains_paywalled_content":false,"_jetpack_memberships_contains_paid_content":false,"footnotes":""},"categories":[17],"tags":[94],"class_list":["post-157","post","type-post","status-publish","format-standard","has-post-thumbnail","hentry","category-c45-periodico","tag-periodico-escolar"],"jetpack_featured_media_url":"https:\/\/www.ceipmaestrorafaelbravomartin.es\/wp-content\/uploads\/2010\/11\/ventana.png","jetpack_sharing_enabled":true,"jetpack_shortlink":"https:\/\/wp.me\/p9VlHp-2x","jetpack-related-posts":[{"id":91,"url":"https:\/\/www.ceipmaestrorafaelbravomartin.es\/?p=91","url_meta":{"origin":157,"position":0},"title":"1\u00aa  edici\u00f3n de la \u00abVentana Escolar\u00bb","author":"CEIP Maestro Rafael Bravo Mart\u00edn","date":"17 noviembre, 2010","format":false,"excerpt":"\u00a0A todos los ni\u00f1os y ni\u00f1as, maestros y maestras que deseen colaborar. Tambi\u00e9n a los padres, madres\u00a0 y antiguos alumnos\/as: estamos preparando la 1\u00aa edici\u00f3n de \"Ventana Escolar\". Por eso deb\u00e9is saber:","rel":"","context":"En \u00abInformaci\u00f3n\u00bb","block_context":{"text":"Informaci\u00f3n","link":"https:\/\/www.ceipmaestrorafaelbravomartin.es\/?cat=17"},"img":{"alt_text":"","src":"https:\/\/i0.wp.com\/www.ceipmaestrorafaelbravomartin.es\/wp-content\/uploads\/2010\/11\/ventana.png?resize=350%2C200&ssl=1","width":350,"height":200},"classes":[]},{"id":160,"url":"https:\/\/www.ceipmaestrorafaelbravomartin.es\/?p=160","url_meta":{"origin":157,"position":1},"title":"Ventana Escolar 2\u00aa tirada. Curso 2010-2011","author":"CEIP Maestro Rafael Bravo Mart\u00edn","date":"14 junio, 2011","format":false,"excerpt":"\u00a1Ya se acaba este curso! \u00a0 Con mucho esfuerzo y entusiasmo, hemos intentado y conseguido{jcomments on} publicar el segundo ejemplar de \"Ventana Escolar\", y como ya viene siendo costumbre tambi\u00e9n queremos mostrarlo en nuestra web. \u00a0 Desde el Taller de Peri\u00f3dico, queremos agradecer la colaboraci\u00f3n y el trabajo aportado por\u2026","rel":"","context":"En \u00abPublicaciones Ventana Escolar\u00bb","block_context":{"text":"Publicaciones Ventana Escolar","link":"https:\/\/www.ceipmaestrorafaelbravomartin.es\/?cat=39"},"img":{"alt_text":"","src":"","width":0,"height":0},"classes":[]},{"id":283,"url":"https:\/\/www.ceipmaestrorafaelbravomartin.es\/?p=283","url_meta":{"origin":157,"position":2},"title":"1\u00aa tirada del peri\u00f3dico &#8211;  2012-13","author":"CEIP Maestro Rafael Bravo Mart\u00edn","date":"15 enero, 2013","format":false,"excerpt":"TALLER DE PERI\u00d3DICO Otro a\u00f1o mas nos disponemos a sacar el peri\u00f3dico del colegio Asunci\u00f3n. Por lo tanto animamos a todo el alumnado, profesorado, padres y madres, a participar en esta edici\u00f3n de \u201c Ventana Escolar\u201d. Os recordamos la direcci\u00f3n de correo electr\u00f3nico: periodicoasuncion@gmail.com -Se admitir\u00e1n trabajos tanto a mano\u2026","rel":"","context":"En \u00abInformaci\u00f3n\u00bb","block_context":{"text":"Informaci\u00f3n","link":"https:\/\/www.ceipmaestrorafaelbravomartin.es\/?cat=17"},"img":{"alt_text":"","src":"","width":0,"height":0},"classes":[]},{"id":320,"url":"https:\/\/www.ceipmaestrorafaelbravomartin.es\/?p=320","url_meta":{"origin":157,"position":3},"title":"Ventana Escolar (junio de 2013)","author":"CEIP Maestro Rafael Bravo Mart\u00edn","date":"15 junio, 2013","format":false,"excerpt":"Con un poco de premura, y publicando ahora algunos de los art\u00edculos que fueron seleccionados en la primera tirada de este curso, lanzamos la segunda. Solamente se publicar\u00e1 el peri\u00f3dico completo en la versi\u00f3n digital. Se intentar\u00e1, en los d\u00edas que quedan de clase imprimir y repatir una versi\u00f3n reducida\u2026","rel":"","context":"En \u00abPeri\u00f3dico Escolar\u00bb","block_context":{"text":"Peri\u00f3dico Escolar","link":"https:\/\/www.ceipmaestrorafaelbravomartin.es\/?cat=6"},"img":{"alt_text":"","src":"https:\/\/i0.wp.com\/2.bp.blogspot.com\/-q1EcQRBaVWw\/Uby2_GXaCAI\/AAAAAAAADPQ\/9BL7O8gK0I8\/s400\/peri%C3%B3dico.jpg?resize=350%2C200","width":350,"height":200},"classes":[]},{"id":239,"url":"https:\/\/www.ceipmaestrorafaelbravomartin.es\/?p=239","url_meta":{"origin":157,"position":4},"title":"Ventana Escolar: curso 2011\/12","author":"CEIP Maestro Rafael Bravo Mart\u00edn","date":"26 marzo, 2012","format":false,"excerpt":"Publicamos, a pocos d\u00edas de Semana Santa, nuestro peri\u00f3dico escolar del curso 2011\/12. \u00a0 Se ha conseguido gracias a todo el alumnado, que ha realizado los distintos art\u00edculos, y al trabajo del profesorado encargado de la coordinaci\u00f3n del mismo. \u00a0 {jcomments on} Open publication - Free publishing - More escolar","rel":"","context":"En \u00abPublicaciones Ventana Escolar\u00bb","block_context":{"text":"Publicaciones Ventana Escolar","link":"https:\/\/www.ceipmaestrorafaelbravomartin.es\/?cat=39"},"img":{"alt_text":"","src":"","width":0,"height":0},"classes":[]},{"id":308,"url":"https:\/\/www.ceipmaestrorafaelbravomartin.es\/?p=308","url_meta":{"origin":157,"position":5},"title":"Ventana Escolar 2012\/13","author":"CEIP Maestro Rafael Bravo Mart\u00edn","date":"10 marzo, 2013","format":false,"excerpt":"Publicamos, a pocos d\u00edas de Semana Santa (como ya viene siendo habitual), nuestro peri\u00f3dico escolar del curso 2012\/13. Se ha conseguido gracias a todo el alumnado, que ha realizado los distintos art\u00edculos, y al trabajo del profesorado encargado de la coordinaci\u00f3n del mismo.","rel":"","context":"En \u00abPeri\u00f3dico Escolar\u00bb","block_context":{"text":"Peri\u00f3dico Escolar","link":"https:\/\/www.ceipmaestrorafaelbravomartin.es\/?cat=6"},"img":{"alt_text":"","src":"","width":0,"height":0},"classes":[]}],"_links":{"self":[{"href":"https:\/\/www.ceipmaestrorafaelbravomartin.es\/index.php?rest_route=\/wp\/v2\/posts\/157","targetHints":{"allow":["GET"]}}],"collection":[{"href":"https:\/\/www.ceipmaestrorafaelbravomartin.es\/index.php?rest_route=\/wp\/v2\/posts"}],"about":[{"href":"https:\/\/www.ceipmaestrorafaelbravomartin.es\/index.php?rest_route=\/wp\/v2\/types\/post"}],"author":[{"embeddable":true,"href":"https:\/\/www.ceipmaestrorafaelbravomartin.es\/index.php?rest_route=\/wp\/v2\/users\/4"}],"replies":[{"embeddable":true,"href":"https:\/\/www.ceipmaestrorafaelbravomartin.es\/index.php?rest_route=%2Fwp%2Fv2%2Fcomments&post=157"}],"version-history":[{"count":1,"href":"https:\/\/www.ceipmaestrorafaelbravomartin.es\/index.php?rest_route=\/wp\/v2\/posts\/157\/revisions"}],"predecessor-version":[{"id":920,"href":"https:\/\/www.ceipmaestrorafaelbravomartin.es\/index.php?rest_route=\/wp\/v2\/posts\/157\/revisions\/920"}],"wp:featuredmedia":[{"embeddable":true,"href":"https:\/\/www.ceipmaestrorafaelbravomartin.es\/index.php?rest_route=\/wp\/v2\/media\/86"}],"wp:attachment":[{"href":"https:\/\/www.ceipmaestrorafaelbravomartin.es\/index.php?rest_route=%2Fwp%2Fv2%2Fmedia&parent=157"}],"wp:term":[{"taxonomy":"category","embeddable":true,"href":"https:\/\/www.ceipmaestrorafaelbravomartin.es\/index.php?rest_route=%2Fwp%2Fv2%2Fcategories&post=157"},{"taxonomy":"post_tag","embeddable":true,"href":"https:\/\/www.ceipmaestrorafaelbravomartin.es\/index.php?rest_route=%2Fwp%2Fv2%2Ftags&post=157"}],"curies":[{"name":"wp","href":"https:\/\/api.w.org\/{rel}","templated":true}]}}