{"id":1575,"date":"2016-11-11T00:56:33","date_gmt":"2016-11-10T23:56:33","guid":{"rendered":"http:\/\/www.ceipmaestrorafaelbravomartin.es\/?p=1575"},"modified":"2016-11-11T07:39:49","modified_gmt":"2016-11-11T06:39:49","slug":"cuentacuentos-the-magic-of-stories","status":"publish","type":"post","link":"https:\/\/www.ceipmaestrorafaelbravomartin.es\/?p=1575","title":{"rendered":"Cuentacuentos: The Magic of Stories"},"content":{"rendered":"<p style=\"text-align: center;\">Pulsando sobre la imagen, podremos ver la informaci\u00f3n completa sobre la activad que se realizar\u00e1 en La Casa de la Cultura los d\u00edas 16 y 17 de noviembre.<\/p>\n<p><a href=\"http:\/\/www.ceipmaestrorafaelbravomartin.es\/wp-content\/uploads\/2016\/11\/documentacion_lamagiadeloscuentos_previaactuacion.pdf\" target=\"_blank\" rel=\"attachment wp-att-1577\"><img loading=\"lazy\" decoding=\"async\" data-attachment-id=\"1577\" data-permalink=\"https:\/\/www.ceipmaestrorafaelbravomartin.es\/?attachment_id=1577\" data-orig-file=\"https:\/\/www.ceipmaestrorafaelbravomartin.es\/wp-content\/uploads\/2016\/11\/cartel.jpg\" data-orig-size=\"566,794\" data-comments-opened=\"0\" data-image-meta=\"{&quot;aperture&quot;:&quot;0&quot;,&quot;credit&quot;:&quot;&quot;,&quot;camera&quot;:&quot;&quot;,&quot;caption&quot;:&quot;&quot;,&quot;created_timestamp&quot;:&quot;0&quot;,&quot;copyright&quot;:&quot;&quot;,&quot;focal_length&quot;:&quot;0&quot;,&quot;iso&quot;:&quot;0&quot;,&quot;shutter_speed&quot;:&quot;0&quot;,&quot;title&quot;:&quot;&quot;,&quot;orientation&quot;:&quot;0&quot;}\" data-image-title=\"cartel\" data-image-description=\"\" data-image-caption=\"\" data-medium-file=\"https:\/\/www.ceipmaestrorafaelbravomartin.es\/wp-content\/uploads\/2016\/11\/cartel-214x300.jpg\" data-large-file=\"https:\/\/www.ceipmaestrorafaelbravomartin.es\/wp-content\/uploads\/2016\/11\/cartel.jpg\" class=\"aligncenter size-full wp-image-1577\" src=\"http:\/\/www.ceipmaestrorafaelbravomartin.es\/wp-content\/uploads\/2016\/11\/cartel.jpg\" alt=\"cartel\" width=\"566\" height=\"794\" srcset=\"https:\/\/www.ceipmaestrorafaelbravomartin.es\/wp-content\/uploads\/2016\/11\/cartel.jpg 566w, https:\/\/www.ceipmaestrorafaelbravomartin.es\/wp-content\/uploads\/2016\/11\/cartel-214x300.jpg 214w\" sizes=\"auto, (max-width: 566px) 100vw, 566px\" \/><\/a><\/p>\n","protected":false},"excerpt":{"rendered":"<p>Pulsando sobre la imagen, podremos ver la informaci\u00f3n completa sobre la activad que se realizar\u00e1 en La Casa de la Cultura los d\u00edas 16 y 17 de noviembre.<\/p>\n","protected":false},"author":4,"featured_media":0,"comment_status":"closed","ping_status":"closed","sticky":false,"template":"","format":"standard","meta":{"jetpack_post_was_ever_published":false,"_jetpack_newsletter_access":"","_jetpack_dont_email_post_to_subs":false,"_jetpack_newsletter_tier_id":0,"_jetpack_memberships_contains_paywalled_content":false,"_jetpack_memberships_contains_paid_content":false,"footnotes":""},"categories":[109,10,2],"tags":[],"class_list":["post-1575","post","type-post","status-publish","format-standard","hentry","category-bilinguismo-planes-y-programas","category-centro","category-info"],"jetpack_featured_media_url":"","jetpack_sharing_enabled":true,"jetpack_shortlink":"https:\/\/wp.me\/p9VlHp-pp","jetpack-related-posts":[{"id":110,"url":"https:\/\/www.ceipmaestrorafaelbravomartin.es\/?p=110","url_meta":{"origin":1575,"position":0},"title":"Inauguraci\u00f3n de: \u00abEL RINCON TIC\u00bb.","author":"CEIP Maestro Rafael Bravo Mart\u00edn","date":"15 diciembre, 2010","format":false,"excerpt":"Tengo el placer de informaros de la inauguraci\u00f3n de un nuevo espacio en nuestra web con t\u00edtulo: EL RINC\u00d3N TIC, al cual se puede acceder desde el men\u00fa principal horizontal de nuestra web. Este espacio surge de la necesidad de tener un lugar donde recopilar toda la informaci\u00f3n relacionada con\u2026","rel":"","context":"En \u00abNoticias TIC\u00bb","block_context":{"text":"Noticias TIC","link":"https:\/\/www.ceipmaestrorafaelbravomartin.es\/?cat=19"},"img":{"alt_text":"","src":"https:\/\/i0.wp.com\/blogasuncion.es\/wp-content\/uploads\/2010\/12\/tic.gif?resize=350%2C200","width":350,"height":200},"classes":[]},{"id":3250,"url":"https:\/\/www.ceipmaestrorafaelbravomartin.es\/?p=3250","url_meta":{"origin":1575,"position":1},"title":"Ex\u00e1menes de Cambridge","author":"CEIP Maestro Rafael Bravo Mart\u00edn","date":"5 abril, 2022","format":false,"excerpt":"Os dejamos aqu\u00ed toda la informaci\u00f3n de inter\u00e9s sobre los ex\u00e1menes de Cambridge. Fecha de examen: 31 de mayo en horario de tarde.Fecha l\u00edmite de matr\u00edculas: 22 de abril.Email de Marta Arn\u00e1iz (Area Manager - Andaluc\u00eda occidental, Extremadura & Ceuta): marta.arnaiz@cambridge.org Documentos importantes: Tasas de examen Descarga Instrucciones para la\u2026","rel":"","context":"En \u00abBiling\u00fcismo\u00bb","block_context":{"text":"Biling\u00fcismo","link":"https:\/\/www.ceipmaestrorafaelbravomartin.es\/?cat=109"},"img":{"alt_text":"","src":"","width":0,"height":0},"classes":[]},{"id":1463,"url":"https:\/\/www.ceipmaestrorafaelbravomartin.es\/?p=1463","url_meta":{"origin":1575,"position":2},"title":"Matriculaci\u00f3n curso 2016-2017","author":"CEIP Maestro Rafael Bravo Mart\u00edn","date":"25 mayo, 2016","format":false,"excerpt":"CURSO 2016-2017 HOJA DE MATRICULACI\u00d3N\u00a0 (que ya ha sido repartida al alumnado) Deber\u00e1 ser entregada al tutor\/a de su hijo\/a antes del Martes, d\u00eda 31 de Mayo. AULA MATINAL El plazo para solicitar plaza en el Aula Matinal es del 1 al 8 de Junio, ambos inclusive. El horario de\u2026","rel":"","context":"En \u00abEl centro\u00bb","block_context":{"text":"El centro","link":"https:\/\/www.ceipmaestrorafaelbravomartin.es\/?cat=10"},"img":{"alt_text":"","src":"","width":0,"height":0},"classes":[]},{"id":3337,"url":"https:\/\/www.ceipmaestrorafaelbravomartin.es\/?p=3337","url_meta":{"origin":1575,"position":3},"title":"Admisi\u00f3n curso 2023\/2024","author":"CEIP Maestro Rafael Bravo Mart\u00edn","date":"3 marzo, 2023","format":false,"excerpt":"Acceda a toda la informaci\u00f3n sobre la admisi\u00f3n del alumnado nuevo en la pesta\u00f1a Admisi\u00f3n 2023\/2024","rel":"","context":"En \u00abInformaci\u00f3n\u00bb","block_context":{"text":"Informaci\u00f3n","link":"https:\/\/www.ceipmaestrorafaelbravomartin.es\/?cat=20"},"img":{"alt_text":"","src":"https:\/\/i0.wp.com\/www.ceipmaestrorafaelbravomartin.es\/wp-content\/uploads\/2023\/03\/CARTEL-COLE-41_page-0001-150x150.jpg?resize=350%2C200&ssl=1","width":350,"height":200,"srcset":"https:\/\/i0.wp.com\/www.ceipmaestrorafaelbravomartin.es\/wp-content\/uploads\/2023\/03\/CARTEL-COLE-41_page-0001-150x150.jpg?resize=350%2C200&ssl=1 1x, https:\/\/i0.wp.com\/www.ceipmaestrorafaelbravomartin.es\/wp-content\/uploads\/2023\/03\/CARTEL-COLE-41_page-0001-150x150.jpg?resize=525%2C300&ssl=1 1.5x, https:\/\/i0.wp.com\/www.ceipmaestrorafaelbravomartin.es\/wp-content\/uploads\/2023\/03\/CARTEL-COLE-41_page-0001-150x150.jpg?resize=700%2C400&ssl=1 2x, https:\/\/i0.wp.com\/www.ceipmaestrorafaelbravomartin.es\/wp-content\/uploads\/2023\/03\/CARTEL-COLE-41_page-0001-150x150.jpg?resize=1050%2C600&ssl=1 3x, https:\/\/i0.wp.com\/www.ceipmaestrorafaelbravomartin.es\/wp-content\/uploads\/2023\/03\/CARTEL-COLE-41_page-0001-150x150.jpg?resize=1400%2C800&ssl=1 4x"},"classes":[]},{"id":196,"url":"https:\/\/www.ceipmaestrorafaelbravomartin.es\/?p=196","url_meta":{"origin":1575,"position":4},"title":"Recursos TIC para el d\u00eda de Halloween","author":"CEIP Maestro Rafael Bravo Mart\u00edn","date":"24 octubre, 2011","format":false,"excerpt":"Aqu\u00ed os dejo algunos recursos para aprender un poco m\u00e1s sobre esta fiesta que celebramos durante esta semana en nuestro Centro. Haz clic en las im\u00e1genes para acceder a ellos. \u00a0 Primero una aplicaci\u00f3n donde encontrar\u00e1s multitud de juegos e informaci\u00f3n sobre este d\u00eda. Puedes elegir si verla en ingl\u00e9s\u2026","rel":"","context":"En \u00abRecursos TIC\u00bb","block_context":{"text":"Recursos TIC","link":"https:\/\/www.ceipmaestrorafaelbravomartin.es\/?cat=44"},"img":{"alt_text":"","src":"https:\/\/i0.wp.com\/blogasuncion.es\/wp-content\/uploads\/2011\/10\/halowen-300x224.jpg?resize=350%2C200","width":350,"height":200},"classes":[]},{"id":1568,"url":"https:\/\/www.ceipmaestrorafaelbravomartin.es\/?p=1568","url_meta":{"origin":1575,"position":5},"title":"Agradecimiento","author":"CEIP Maestro Rafael Bravo Mart\u00edn","date":"27 octubre, 2016","format":false,"excerpt":"El alumnado y el profesorado de nuestro colegio, agradece a D. J.Ram\u00f3n Mac\u00edas Vargas-Machuca cabo del cuerpo de bomberos del Ayuntamiento de Sevilla, que haya dedicado toda la ma\u00f1ana de hoy a instruirnos y transmitirnos sus consejos sobre la prevenci\u00f3n y riesgos relativos a los incendios. A continuaci\u00f3n os dejamos\u2026","rel":"","context":"En \u00abEl centro\u00bb","block_context":{"text":"El centro","link":"https:\/\/www.ceipmaestrorafaelbravomartin.es\/?cat=10"},"img":{"alt_text":"","src":"","width":0,"height":0},"classes":[]}],"_links":{"self":[{"href":"https:\/\/www.ceipmaestrorafaelbravomartin.es\/index.php?rest_route=\/wp\/v2\/posts\/1575","targetHints":{"allow":["GET"]}}],"collection":[{"href":"https:\/\/www.ceipmaestrorafaelbravomartin.es\/index.php?rest_route=\/wp\/v2\/posts"}],"about":[{"href":"https:\/\/www.ceipmaestrorafaelbravomartin.es\/index.php?rest_route=\/wp\/v2\/types\/post"}],"author":[{"embeddable":true,"href":"https:\/\/www.ceipmaestrorafaelbravomartin.es\/index.php?rest_route=\/wp\/v2\/users\/4"}],"replies":[{"embeddable":true,"href":"https:\/\/www.ceipmaestrorafaelbravomartin.es\/index.php?rest_route=%2Fwp%2Fv2%2Fcomments&post=1575"}],"version-history":[{"count":3,"href":"https:\/\/www.ceipmaestrorafaelbravomartin.es\/index.php?rest_route=\/wp\/v2\/posts\/1575\/revisions"}],"predecessor-version":[{"id":1580,"href":"https:\/\/www.ceipmaestrorafaelbravomartin.es\/index.php?rest_route=\/wp\/v2\/posts\/1575\/revisions\/1580"}],"wp:attachment":[{"href":"https:\/\/www.ceipmaestrorafaelbravomartin.es\/index.php?rest_route=%2Fwp%2Fv2%2Fmedia&parent=1575"}],"wp:term":[{"taxonomy":"category","embeddable":true,"href":"https:\/\/www.ceipmaestrorafaelbravomartin.es\/index.php?rest_route=%2Fwp%2Fv2%2Fcategories&post=1575"},{"taxonomy":"post_tag","embeddable":true,"href":"https:\/\/www.ceipmaestrorafaelbravomartin.es\/index.php?rest_route=%2Fwp%2Fv2%2Ftags&post=1575"}],"curies":[{"name":"wp","href":"https:\/\/api.w.org\/{rel}","templated":true}]}}