{"id":1582,"date":"2016-11-21T22:18:26","date_gmt":"2016-11-21T21:18:26","guid":{"rendered":"http:\/\/www.ceipmaestrorafaelbravomartin.es\/?p=1582"},"modified":"2016-11-21T22:18:26","modified_gmt":"2016-11-21T21:18:26","slug":"celebramos-el-trigesimo-aniversario-de-nuestra-biblioteca-municipal","status":"publish","type":"post","link":"https:\/\/www.ceipmaestrorafaelbravomartin.es\/?p=1582","title":{"rendered":"Celebramos el trig\u00e9simo aniversario de nuestra Biblioteca Municipal"},"content":{"rendered":"<div style=\"text-align: center;\">La<a href=\"http:\/\/www.bibliotecaspublicas.es\/alcaladelrio\/\" target=\"_blank\"> Biblioteca Municipal de Alcal\u00e1 del R\u00edo<\/a> cumple 30 a\u00f1os y la<a href=\"http:\/\/www.redidea.es\/Idea\/general\/destacados\/15809ad4-a66b-11e6-bd4a-b35ede70e2cd\" target=\"_blank\"> Delegaci\u00f3n de<\/a><br \/>\n<a href=\"http:\/\/www.redidea.es\/Idea\/general\/destacados\/15809ad4-a66b-11e6-bd4a-b35ede70e2cd\" target=\"_blank\"> Cultura<\/a> est\u00e1 realizando actividades de fomento de la lectura en el marco de<br \/>\ndicha celebraci\u00f3n.<\/div>\n<div style=\"text-align: center;\">El alumnado de 5\u00ba de Primaria del CEIP Maestro Rafael Bravo Mart\u00edn ha realizado una actividad de decoraci\u00f3n de piedras que conjuga pintura, literatura y poes\u00eda.<\/div>\n<div style=\"text-align: center;\">Actividad propuesta por la Biblioteca de nuestro pueblo.<\/div>\n<div style=\"text-align: center;\"><\/div>\n<div style=\"text-align: center;\">De ella os dejamos un v\u00eddeo donde podemos ver dichos trabajos.<\/div>\n<div style=\"text-align: center;\"><\/div>\n<div style=\"text-align: center;\"><iframe loading=\"lazy\" src=\"https:\/\/www.youtube.com\/embed\/9VpxKmUlqy0\" width=\"560\" height=\"315\" frameborder=\"0\" allowfullscreen=\"allowfullscreen\"><\/iframe><\/div>\n<div style=\"text-align: center;\"><\/div>\n<div style=\"text-align: center;\">Adem\u00e1s, entre otras actividades previstas, nuestro alumnado de Infantil est\u00e1 visitando durante estos d\u00edas la Biblioteca de nuestra localidad con objeto de conocer su funcionamiento y saliendo de la misma con su carn\u00e9 de lectores\/as.<\/div>\n<div style=\"text-align: center;\">De otras actividades que se ir\u00e1n realizando en nuestro centro, daremos noticias pr\u00f3ximamente.<\/div>\n","protected":false},"excerpt":{"rendered":"<p>La Biblioteca Municipal de Alcal\u00e1 del R\u00edo cumple 30 a\u00f1os y la Delegaci\u00f3n de Cultura est\u00e1 realizando actividades de fomento de la lectura en el marco de dicha celebraci\u00f3n. El alumnado de 5\u00ba de Primaria del CEIP Maestro Rafael Bravo Mart\u00edn ha realizado una actividad de decoraci\u00f3n de piedras que [&hellip;]<\/p>\n","protected":false},"author":4,"featured_media":0,"comment_status":"closed","ping_status":"closed","sticky":false,"template":"","format":"standard","meta":{"jetpack_post_was_ever_published":false,"_jetpack_newsletter_access":"","_jetpack_dont_email_post_to_subs":false,"_jetpack_newsletter_tier_id":0,"_jetpack_memberships_contains_paywalled_content":false,"_jetpack_memberships_contains_paid_content":false,"footnotes":""},"categories":[10,2],"tags":[],"class_list":["post-1582","post","type-post","status-publish","format-standard","hentry","category-centro","category-info"],"jetpack_featured_media_url":"","jetpack_sharing_enabled":true,"jetpack_shortlink":"https:\/\/wp.me\/p9VlHp-pw","jetpack-related-posts":[{"id":209,"url":"https:\/\/www.ceipmaestrorafaelbravomartin.es\/?p=209","url_meta":{"origin":1582,"position":0},"title":"Tercero de primaria  con la igualdad entre ni\u00f1os y ni\u00f1as.","author":"CEIP Maestro Rafael Bravo Mart\u00edn","date":"30 noviembre, 2011","format":false,"excerpt":"El d\u00eda 29 de noviembre, los\/as alumnos\/as de 3er curso hicieron una actividad relacionada con la igualdad entre ni\u00f1os y ni\u00f1as. Se reunieron en l a biblioteca con las monitoras encargadas de la actividad; ellas le explicaron en que consist\u00eda y, en grupo, fueron confeccionando estos dibujos que aqu\u00ed veis.\u2026","rel":"","context":"En \u00abTercer ciclo de Primaria\u00bb","block_context":{"text":"Tercer ciclo de Primaria","link":"https:\/\/www.ceipmaestrorafaelbravomartin.es\/?cat=25"},"img":{"alt_text":"","src":"","width":0,"height":0},"classes":[]},{"id":1640,"url":"https:\/\/www.ceipmaestrorafaelbravomartin.es\/?p=1640","url_meta":{"origin":1582,"position":1},"title":"Ganador del concurso: \u00abUna mascota para la biblioteca\u00bb.","author":"CEIP Maestro Rafael Bravo Mart\u00edn","date":"16 enero, 2017","format":false,"excerpt":"Aqu\u00ed ten\u00e9is el ganador del concurso: \"una mascota para la biblioteca\". Su nombre es Jos\u00e9 Mar\u00eda y es de 4\u00ba A y su dibujo ha sido el ganador, por lo que aparecer\u00e1 en todos los carn\u00e9s de la biblioteca de nuestro colegio. Muchas felicidades y gracias a todos\/as por participar.","rel":"","context":"En \u00abBiblioteca Escolar\u00bb","block_context":{"text":"Biblioteca Escolar","link":"https:\/\/www.ceipmaestrorafaelbravomartin.es\/?cat=4"},"img":{"alt_text":"Carnet biblioteca con logo","src":"https:\/\/i0.wp.com\/www.ceipmaestrorafaelbravomartin.es\/wp-content\/uploads\/2017\/01\/Carnet-biblioteca-con-logo-300x200.jpg?resize=350%2C200","width":350,"height":200},"classes":[]},{"id":1589,"url":"https:\/\/www.ceipmaestrorafaelbravomartin.es\/?p=1589","url_meta":{"origin":1582,"position":2},"title":"Celebramos el trig\u00e9simo aniversario de nuestra Biblioteca Municipal (continuaci\u00f3n)","author":"CEIP Maestro Rafael Bravo Mart\u00edn","date":"25 noviembre, 2016","format":false,"excerpt":"Como ya se anunci\u00f3, se han seguido realizando actividades en nuestro centro para celebrar el aniversario de nuestra Biblioteca Municipal. Dando continuidad a la propuesta que desde all\u00ed se hizo, 5\u00baA en el \u00e1rea de Lengua, ha trabajado la poes\u00eda de Antonio Machado. Plasm\u00e1ndose como resultado final una de ellas\u2026","rel":"","context":"En \u00abInformaci\u00f3n\u00bb","block_context":{"text":"Informaci\u00f3n","link":"https:\/\/www.ceipmaestrorafaelbravomartin.es\/?cat=2"},"img":{"alt_text":"","src":"","width":0,"height":0},"classes":[]},{"id":312,"url":"https:\/\/www.ceipmaestrorafaelbravomartin.es\/?p=312","url_meta":{"origin":1582,"position":3},"title":"PROGRAMA JORNADAS CULTURALES, ABRIL 2013","author":"CEIP Maestro Rafael Bravo Mart\u00edn","date":"9 abril, 2013","format":false,"excerpt":"D\u00eda 1 (lunes): Teatro de ingl\u00e9s por la compa\u00f1\u00eda FACE 2 FACE THEATRE. Lugar: Casa de la Cultura. D\u00eda 2 (martes) y hasta finalizar la tarea: Decoraci\u00f3n de la nueva entrada: Cuentos infantiles. (Alumnado de Infantil, 4 y 5 a\u00f1os, y Primaria) D\u00eda 10 (mi\u00e9rcole): Intercambio-Cambalache de cuentos, c\u00f3mics... Lugar:\u2026","rel":"","context":"En \u00abEl centro\u00bb","block_context":{"text":"El centro","link":"https:\/\/www.ceipmaestrorafaelbravomartin.es\/?cat=10"},"img":{"alt_text":"","src":"","width":0,"height":0},"classes":[]},{"id":34,"url":"https:\/\/www.ceipmaestrorafaelbravomartin.es\/?p=34","url_meta":{"origin":1582,"position":4},"title":"Biblioteca Escolar","author":"CEIP Maestro Rafael Bravo Mart\u00edn","date":"18 octubre, 2010","format":false,"excerpt":"El colegio p\u00fablico Nuestra Se\u00f1ora de Asunci\u00f3n de Alcal\u00e1 del R\u00edo dispone de una magnifica biblioteca de centro, instalada en una sala de la segunda planta , dicha sala est\u00e1 habilitada con 9 mesas y unas 40 sillas para la lectura y el estudio, 5 estanter\u00edas grandes\u00a0 de madera de\u2026","rel":"","context":"En \u00abPlanes y programas\u00bb","block_context":{"text":"Planes y programas","link":"https:\/\/www.ceipmaestrorafaelbravomartin.es\/?cat=23"},"img":{"alt_text":"","src":"","width":0,"height":0},"classes":[]},{"id":2506,"url":"https:\/\/www.ceipmaestrorafaelbravomartin.es\/?p=2506","url_meta":{"origin":1582,"position":5},"title":"D\u00eda del libro","author":"CEIP Maestro Rafael Bravo Mart\u00edn","date":"23 abril, 2020","format":false,"excerpt":"Desde el ciclo de Educaci\u00f3n Infantil han preparado esta actividad para el d\u00eda del libro. Los ni\u00f1os\/as han hecho un dibujo sobre el cuento que les han contado sus maestras. A continuaci\u00f3n os dejamos sus dibujos y el cuento de las se\u00f1os. Esperamos que os gusten. \u00a1Feliz d\u00eda del libro!\u2026","rel":"","context":"En \u00abBiblioteca Escolar\u00bb","block_context":{"text":"Biblioteca Escolar","link":"https:\/\/www.ceipmaestrorafaelbravomartin.es\/?cat=4"},"img":{"alt_text":"","src":"https:\/\/i0.wp.com\/www.ceipmaestrorafaelbravomartin.es\/wp-content\/uploads\/2020\/04\/inCollage_20200422_235133829_resized_20200423_125650520-1-150x150.jpg?resize=350%2C200&ssl=1","width":350,"height":200,"srcset":"https:\/\/i0.wp.com\/www.ceipmaestrorafaelbravomartin.es\/wp-content\/uploads\/2020\/04\/inCollage_20200422_235133829_resized_20200423_125650520-1-150x150.jpg?resize=350%2C200&ssl=1 1x, https:\/\/i0.wp.com\/www.ceipmaestrorafaelbravomartin.es\/wp-content\/uploads\/2020\/04\/inCollage_20200422_235133829_resized_20200423_125650520-1-150x150.jpg?resize=525%2C300&ssl=1 1.5x, https:\/\/i0.wp.com\/www.ceipmaestrorafaelbravomartin.es\/wp-content\/uploads\/2020\/04\/inCollage_20200422_235133829_resized_20200423_125650520-1-150x150.jpg?resize=700%2C400&ssl=1 2x"},"classes":[]}],"_links":{"self":[{"href":"https:\/\/www.ceipmaestrorafaelbravomartin.es\/index.php?rest_route=\/wp\/v2\/posts\/1582","targetHints":{"allow":["GET"]}}],"collection":[{"href":"https:\/\/www.ceipmaestrorafaelbravomartin.es\/index.php?rest_route=\/wp\/v2\/posts"}],"about":[{"href":"https:\/\/www.ceipmaestrorafaelbravomartin.es\/index.php?rest_route=\/wp\/v2\/types\/post"}],"author":[{"embeddable":true,"href":"https:\/\/www.ceipmaestrorafaelbravomartin.es\/index.php?rest_route=\/wp\/v2\/users\/4"}],"replies":[{"embeddable":true,"href":"https:\/\/www.ceipmaestrorafaelbravomartin.es\/index.php?rest_route=%2Fwp%2Fv2%2Fcomments&post=1582"}],"version-history":[{"count":2,"href":"https:\/\/www.ceipmaestrorafaelbravomartin.es\/index.php?rest_route=\/wp\/v2\/posts\/1582\/revisions"}],"predecessor-version":[{"id":1584,"href":"https:\/\/www.ceipmaestrorafaelbravomartin.es\/index.php?rest_route=\/wp\/v2\/posts\/1582\/revisions\/1584"}],"wp:attachment":[{"href":"https:\/\/www.ceipmaestrorafaelbravomartin.es\/index.php?rest_route=%2Fwp%2Fv2%2Fmedia&parent=1582"}],"wp:term":[{"taxonomy":"category","embeddable":true,"href":"https:\/\/www.ceipmaestrorafaelbravomartin.es\/index.php?rest_route=%2Fwp%2Fv2%2Fcategories&post=1582"},{"taxonomy":"post_tag","embeddable":true,"href":"https:\/\/www.ceipmaestrorafaelbravomartin.es\/index.php?rest_route=%2Fwp%2Fv2%2Ftags&post=1582"}],"curies":[{"name":"wp","href":"https:\/\/api.w.org\/{rel}","templated":true}]}}