{"id":1589,"date":"2016-11-25T20:18:16","date_gmt":"2016-11-25T19:18:16","guid":{"rendered":"http:\/\/www.ceipmaestrorafaelbravomartin.es\/?p=1589"},"modified":"2016-11-25T20:18:16","modified_gmt":"2016-11-25T19:18:16","slug":"celebramos-el-trigesimo-aniversario-de-nuestra-biblioteca-municipal-continuacion","status":"publish","type":"post","link":"https:\/\/www.ceipmaestrorafaelbravomartin.es\/?p=1589","title":{"rendered":"Celebramos el trig\u00e9simo aniversario de nuestra Biblioteca Municipal (continuaci\u00f3n)"},"content":{"rendered":"<p style=\"text-align: center;\">Como ya se anunci\u00f3, se han seguido realizando actividades en nuestro centro para celebrar el aniversario de nuestra Biblioteca Municipal. Dando continuidad a la propuesta que desde all\u00ed se hizo, 5\u00baA en el \u00e1rea de Lengua, ha trabajado la poes\u00eda de Antonio Machado.<\/p>\n<p style=\"text-align: center;\">Plasm\u00e1ndose como resultado final una de ellas en piedras.<\/p>\n<p><iframe loading=\"lazy\" src=\"https:\/\/www.youtube.com\/embed\/6TMN378W5Ac\" width=\"560\" height=\"315\" frameborder=\"0\" allowfullscreen=\"allowfullscreen\"><\/iframe><\/p>\n","protected":false},"excerpt":{"rendered":"<p>Como ya se anunci\u00f3, se han seguido realizando actividades en nuestro centro para celebrar el aniversario de nuestra Biblioteca Municipal. Dando continuidad a la propuesta que desde all\u00ed se hizo, 5\u00baA en el \u00e1rea de Lengua, ha trabajado la poes\u00eda de Antonio Machado. Plasm\u00e1ndose como resultado final una de ellas [&hellip;]<\/p>\n","protected":false},"author":4,"featured_media":0,"comment_status":"closed","ping_status":"closed","sticky":false,"template":"","format":"standard","meta":{"jetpack_post_was_ever_published":false,"_jetpack_newsletter_access":"","_jetpack_dont_email_post_to_subs":false,"_jetpack_newsletter_tier_id":0,"_jetpack_memberships_contains_paywalled_content":false,"_jetpack_memberships_contains_paid_content":false,"footnotes":""},"categories":[2,25],"tags":[],"class_list":["post-1589","post","type-post","status-publish","format-standard","hentry","category-info","category-ciclo3"],"jetpack_featured_media_url":"","jetpack_sharing_enabled":true,"jetpack_shortlink":"https:\/\/wp.me\/p9VlHp-pD","jetpack-related-posts":[{"id":1582,"url":"https:\/\/www.ceipmaestrorafaelbravomartin.es\/?p=1582","url_meta":{"origin":1589,"position":0},"title":"Celebramos el trig\u00e9simo aniversario de nuestra Biblioteca Municipal","author":"CEIP Maestro Rafael Bravo Mart\u00edn","date":"21 noviembre, 2016","format":false,"excerpt":"La Biblioteca Municipal de Alcal\u00e1 del R\u00edo cumple 30 a\u00f1os y la Delegaci\u00f3n de Cultura est\u00e1 realizando actividades de fomento de la lectura en el marco de dicha celebraci\u00f3n. El alumnado de 5\u00ba de Primaria del CEIP Maestro Rafael Bravo Mart\u00edn ha realizado una actividad de decoraci\u00f3n de piedras que\u2026","rel":"","context":"En \u00abEl centro\u00bb","block_context":{"text":"El centro","link":"https:\/\/www.ceipmaestrorafaelbravomartin.es\/?cat=10"},"img":{"alt_text":"","src":"","width":0,"height":0},"classes":[]},{"id":34,"url":"https:\/\/www.ceipmaestrorafaelbravomartin.es\/?p=34","url_meta":{"origin":1589,"position":1},"title":"Biblioteca Escolar","author":"CEIP Maestro Rafael Bravo Mart\u00edn","date":"18 octubre, 2010","format":false,"excerpt":"El colegio p\u00fablico Nuestra Se\u00f1ora de Asunci\u00f3n de Alcal\u00e1 del R\u00edo dispone de una magnifica biblioteca de centro, instalada en una sala de la segunda planta , dicha sala est\u00e1 habilitada con 9 mesas y unas 40 sillas para la lectura y el estudio, 5 estanter\u00edas grandes\u00a0 de madera de\u2026","rel":"","context":"En \u00abPlanes y programas\u00bb","block_context":{"text":"Planes y programas","link":"https:\/\/www.ceipmaestrorafaelbravomartin.es\/?cat=23"},"img":{"alt_text":"","src":"","width":0,"height":0},"classes":[]},{"id":140,"url":"https:\/\/www.ceipmaestrorafaelbravomartin.es\/?p=140","url_meta":{"origin":1589,"position":2},"title":"Ntra Sra de la ASUNCI\u00d3N, una nueva etapa.","author":"CEIP Maestro Rafael Bravo Mart\u00edn","date":"8 febrero, 2011","format":false,"excerpt":"Si como qued\u00f3 reflejado en el art\u00edculo anterior, el nombre del Centro Nuestra Se\u00f1ora de la Asunci\u00f3n comenz\u00f3 en el curso 1960\/61se puede decir que en el curso 1981\/82 comienza una nueva etapa pues hasta ese momento todo el alumnado, y por tanto el profesorado, pertenec\u00eda al mismo Centro, Colegio\u2026","rel":"","context":"En \u00abHistoria\u00bb","block_context":{"text":"Historia","link":"https:\/\/www.ceipmaestrorafaelbravomartin.es\/?cat=43"},"img":{"alt_text":"","src":"","width":0,"height":0},"classes":[]},{"id":1644,"url":"https:\/\/www.ceipmaestrorafaelbravomartin.es\/?p=1644","url_meta":{"origin":1589,"position":3},"title":"RAFAEL&#8230; cuarto aniversario.","author":"CEIP Maestro Rafael Bravo Mart\u00edn","date":"18 enero, 2017","format":false,"excerpt":"Siempre te diferenciaste por tu car\u00e1cter, por tu apoyo... aquellas personas que logramos conocerte tuvimos mucha suerte por habernos cruzado contigo. Hace ya cuatro a\u00f1os que no est\u00e1s aqu\u00ed, pero seguimos teni\u00e9ndote en nuestro pensamiento. Permaneces en tu COLE. Seguimos recordando que nuestro cole decidi\u00f3 unirse a la campa\u00f1a de\u2026","rel":"","context":"En \u00abDedicatorias\u00bb","block_context":{"text":"Dedicatorias","link":"https:\/\/www.ceipmaestrorafaelbravomartin.es\/?cat=24"},"img":{"alt_text":"19-1-27","src":"https:\/\/i0.wp.com\/www.ceipmaestrorafaelbravomartin.es\/wp-content\/uploads\/2017\/01\/19-1-27-1024x751.jpg?resize=350%2C200","width":350,"height":200,"srcset":"https:\/\/i0.wp.com\/www.ceipmaestrorafaelbravomartin.es\/wp-content\/uploads\/2017\/01\/19-1-27-1024x751.jpg?resize=350%2C200 1x, https:\/\/i0.wp.com\/www.ceipmaestrorafaelbravomartin.es\/wp-content\/uploads\/2017\/01\/19-1-27-1024x751.jpg?resize=525%2C300 1.5x"},"classes":[]},{"id":10,"url":"https:\/\/www.ceipmaestrorafaelbravomartin.es\/?p=10","url_meta":{"origin":1589,"position":4},"title":"Instalaciones","author":"CEIP Maestro Rafael Bravo Mart\u00edn","date":"13 octubre, 2010","format":false,"excerpt":"Nuestro colegio est\u00e1 formado por tres edificios: El primer edificio cuenta con tres plantas donde se ubican las aulas de Educaci\u00f3n Primaria: Ciclo 1\u00ba en planta baja.Ciclo 2\u00ba en planta primera.Ciclo 3\u00ba en la segunda planta. En el segundo edificio se ubica: Infantil (dos aulas de cada nivel).Dos aulas de\u2026","rel":"","context":"En \u00abEl centro\u00bb","block_context":{"text":"El centro","link":"https:\/\/www.ceipmaestrorafaelbravomartin.es\/?cat=10"},"img":{"alt_text":"","src":"","width":0,"height":0},"classes":[]},{"id":3254,"url":"https:\/\/www.ceipmaestrorafaelbravomartin.es\/?p=3254","url_meta":{"origin":1589,"position":5},"title":"Premio concurso de relatos","author":"CEIP Maestro Rafael Bravo Mart\u00edn","date":"5 abril, 2022","format":false,"excerpt":"Muchas felicidades a nuestra alumna por conseguir el primer premio en el concurso de literario \"Lo que la historia no nos cont\u00f3\". Muchas felicidades de nuevo y a seguir creando.","rel":"","context":"En \u00abBiblioteca Escolar\u00bb","block_context":{"text":"Biblioteca Escolar","link":"https:\/\/www.ceipmaestrorafaelbravomartin.es\/?cat=4"},"img":{"alt_text":"","src":"https:\/\/i0.wp.com\/www.ceipmaestrorafaelbravomartin.es\/wp-content\/uploads\/2022\/04\/concurso-literario-lo-que-la-historia-nonos-conto-150x150.jpg?resize=350%2C200&ssl=1","width":350,"height":200,"srcset":"https:\/\/i0.wp.com\/www.ceipmaestrorafaelbravomartin.es\/wp-content\/uploads\/2022\/04\/concurso-literario-lo-que-la-historia-nonos-conto-150x150.jpg?resize=350%2C200&ssl=1 1x, https:\/\/i0.wp.com\/www.ceipmaestrorafaelbravomartin.es\/wp-content\/uploads\/2022\/04\/concurso-literario-lo-que-la-historia-nonos-conto-150x150.jpg?resize=525%2C300&ssl=1 1.5x, https:\/\/i0.wp.com\/www.ceipmaestrorafaelbravomartin.es\/wp-content\/uploads\/2022\/04\/concurso-literario-lo-que-la-historia-nonos-conto-150x150.jpg?resize=700%2C400&ssl=1 2x, https:\/\/i0.wp.com\/www.ceipmaestrorafaelbravomartin.es\/wp-content\/uploads\/2022\/04\/concurso-literario-lo-que-la-historia-nonos-conto-150x150.jpg?resize=1050%2C600&ssl=1 3x, https:\/\/i0.wp.com\/www.ceipmaestrorafaelbravomartin.es\/wp-content\/uploads\/2022\/04\/concurso-literario-lo-que-la-historia-nonos-conto-150x150.jpg?resize=1400%2C800&ssl=1 4x"},"classes":[]}],"_links":{"self":[{"href":"https:\/\/www.ceipmaestrorafaelbravomartin.es\/index.php?rest_route=\/wp\/v2\/posts\/1589","targetHints":{"allow":["GET"]}}],"collection":[{"href":"https:\/\/www.ceipmaestrorafaelbravomartin.es\/index.php?rest_route=\/wp\/v2\/posts"}],"about":[{"href":"https:\/\/www.ceipmaestrorafaelbravomartin.es\/index.php?rest_route=\/wp\/v2\/types\/post"}],"author":[{"embeddable":true,"href":"https:\/\/www.ceipmaestrorafaelbravomartin.es\/index.php?rest_route=\/wp\/v2\/users\/4"}],"replies":[{"embeddable":true,"href":"https:\/\/www.ceipmaestrorafaelbravomartin.es\/index.php?rest_route=%2Fwp%2Fv2%2Fcomments&post=1589"}],"version-history":[{"count":1,"href":"https:\/\/www.ceipmaestrorafaelbravomartin.es\/index.php?rest_route=\/wp\/v2\/posts\/1589\/revisions"}],"predecessor-version":[{"id":1590,"href":"https:\/\/www.ceipmaestrorafaelbravomartin.es\/index.php?rest_route=\/wp\/v2\/posts\/1589\/revisions\/1590"}],"wp:attachment":[{"href":"https:\/\/www.ceipmaestrorafaelbravomartin.es\/index.php?rest_route=%2Fwp%2Fv2%2Fmedia&parent=1589"}],"wp:term":[{"taxonomy":"category","embeddable":true,"href":"https:\/\/www.ceipmaestrorafaelbravomartin.es\/index.php?rest_route=%2Fwp%2Fv2%2Fcategories&post=1589"},{"taxonomy":"post_tag","embeddable":true,"href":"https:\/\/www.ceipmaestrorafaelbravomartin.es\/index.php?rest_route=%2Fwp%2Fv2%2Ftags&post=1589"}],"curies":[{"name":"wp","href":"https:\/\/api.w.org\/{rel}","templated":true}]}}