{"id":1591,"date":"2016-11-25T20:34:15","date_gmt":"2016-11-25T19:34:15","guid":{"rendered":"http:\/\/www.ceipmaestrorafaelbravomartin.es\/?p=1591"},"modified":"2016-11-25T20:34:15","modified_gmt":"2016-11-25T19:34:15","slug":"25-nov-yonosoycomplice","status":"publish","type":"post","link":"https:\/\/www.ceipmaestrorafaelbravomartin.es\/?p=1591","title":{"rendered":"25 NOV  #yonosoyc\u00f3mplice"},"content":{"rendered":"<blockquote><p>Pretendemos con la Campa\u00f1a \u201c<strong>Yo no soy c\u00f3mplice<\/strong>\u201d que la sociedad se quite esa venda anudada por el desconocimiento, la comodidad, por la falta de empat\u00eda, por el miedo y act\u00fae ante la violencia machista. Ante todas las formas de violencia machista.<\/p>\n<p>Es una llamada a la sociedad a alejarse de la falsa creencia de que la responsabilidad de la soluci\u00f3n a esta lacra est\u00e1 \u00fanicamente en las v\u00edctimas. Porque todos y todas podemos actuar para contribuir a erradicar la violencia hacia las mujeres.<\/p><\/blockquote>\n<p><strong><a href=\"http:\/\/www.juntadeandalucia.es\/institutodelamujer\/index.php\/areas-tematicas-coeducacion\/campana\/campana-de-sensibilizacion-en-el-ambito-educativo-ante-el-25-de-noviembre-dia-internacional-contra-la-violencia-hacia-las-mujeres\/campana-yo-no-soy-complice-en-el-ambito-educativo\" target=\"_blank\">Campa\u00f1a de Sensibilizaci\u00f3n promovida por el Instituto Andaluz de la Mujer y dirigida a los centros educativos.<\/a><\/strong><\/p>\n<p>Con la finalidad de<\/p>\n<p><strong>Prevenir la violencia contra las mujeres desde las edades escolares<\/strong>.<\/p>\n<p><iframe loading=\"lazy\" src=\"https:\/\/www.youtube.com\/embed\/KKF0qtGA6b8\" width=\"560\" height=\"315\" frameborder=\"0\" allowfullscreen=\"allowfullscreen\"><\/iframe><\/p>\n","protected":false},"excerpt":{"rendered":"<p>Pretendemos con la Campa\u00f1a \u201cYo no soy c\u00f3mplice\u201d que la sociedad se quite esa venda anudada por el desconocimiento, la comodidad, por la falta de empat\u00eda, por el miedo y act\u00fae ante la violencia machista. Ante todas las formas de violencia machista. Es una llamada a la sociedad a alejarse [&hellip;]<\/p>\n","protected":false},"author":4,"featured_media":0,"comment_status":"closed","ping_status":"closed","sticky":false,"template":"","format":"standard","meta":{"jetpack_post_was_ever_published":false,"_jetpack_newsletter_access":"","_jetpack_dont_email_post_to_subs":false,"_jetpack_newsletter_tier_id":0,"_jetpack_memberships_contains_paywalled_content":false,"_jetpack_memberships_contains_paid_content":false,"footnotes":""},"categories":[10,2,25],"tags":[],"class_list":["post-1591","post","type-post","status-publish","format-standard","hentry","category-centro","category-info","category-ciclo3"],"jetpack_featured_media_url":"","jetpack_sharing_enabled":true,"jetpack_shortlink":"https:\/\/wp.me\/p9VlHp-pF","jetpack-related-posts":[{"id":208,"url":"https:\/\/www.ceipmaestrorafaelbravomartin.es\/?p=208","url_meta":{"origin":1591,"position":0},"title":"25 de noviembre: D\u00eda internacional contra la violencia de g\u00e9nero.","author":"CEIP Maestro Rafael Bravo Mart\u00edn","date":"25 noviembre, 2011","format":false,"excerpt":"El viernes 25 de noviembre se celebr\u00f3 el D\u00cdA INTERNACIONAL PARA LA ELIMINACI\u00d3N DE LA VIOLENCIA CONTRA LA MUJER. Durante esa semana los alumnos\/as han realizado actividades para tomar conciencia de la igualdad entre mujeres y hombres, ni\u00f1as y ni\u00f1os. Aqu\u00ed os dejamos algunas de las muchas que se llevaron\u2026","rel":"","context":"En \u00abCurso 2011\/12\u00bb","block_context":{"text":"Curso 2011\/12","link":"https:\/\/www.ceipmaestrorafaelbravomartin.es\/?cat=45"},"img":{"alt_text":"","src":"","width":0,"height":0},"classes":[]},{"id":1830,"url":"https:\/\/www.ceipmaestrorafaelbravomartin.es\/?p=1830","url_meta":{"origin":1591,"position":1},"title":"Coeducaci\u00f3n.","author":"CEIP Maestro Rafael Bravo Mart\u00edn","date":"18 abril, 2018","format":false,"excerpt":"Ahora que se acerca el d\u00eda del libro (23 de abril) y para lograr uno de nuestros objetivos principales: la transmisi\u00f3n de valores, actitudes y modelos de referencia personales y colectivos, que contribuyan a la tan ansiada igualdad, desde\u00a0coeducaci\u00f3n\u00a0queremos contribuir a que ni\u00f1os\/as accedan a un tipo de literatura que\u2026","rel":"","context":"En \u00abCoeducaci\u00f3n\u00bb","block_context":{"text":"Coeducaci\u00f3n","link":"https:\/\/www.ceipmaestrorafaelbravomartin.es\/?cat=114"},"img":{"alt_text":"","src":"","width":0,"height":0},"classes":[]},{"id":1947,"url":"https:\/\/www.ceipmaestrorafaelbravomartin.es\/?p=1947","url_meta":{"origin":1591,"position":2},"title":"Plan de coeducaci\u00f3n.","author":"CEIP Maestro Rafael Bravo Mart\u00edn","date":"25 abril, 2019","format":false,"excerpt":"El compromiso de nuestro colegio con la Igualdad de Oportunidades entre mujeres y hombres es una constante en todas nuestras actuaciones, trabajamos firmemente para eliminar las desigualdades existentes y avanzar en la consecuci\u00f3n de una sociedad justa y equitativa para todas y todos. Partimos de la Educaci\u00f3n como principio fundamental\u2026","rel":"","context":"En \u00abCoeducaci\u00f3n\u00bb","block_context":{"text":"Coeducaci\u00f3n","link":"https:\/\/www.ceipmaestrorafaelbravomartin.es\/?cat=114"},"img":{"alt_text":"","src":"","width":0,"height":0},"classes":[]},{"id":2960,"url":"https:\/\/www.ceipmaestrorafaelbravomartin.es\/?p=2960","url_meta":{"origin":1591,"position":3},"title":"D\u00eda de la Paz y la No Violencia","author":"CEIP Maestro Rafael Bravo Mart\u00edn","date":"4 febrero, 2021","format":false,"excerpt":"El mensaje b\u00e1sico de este d\u00eda es: \u201cAmor universal, No-violencia y Paz\u201d. El Amor universal es mejor que el ego\u00edsmo, la No-violencia es mejor que la violencia y la Paz es mejor que la guerra\u2019. La educaci\u00f3n en y para la tolerancia, la solidaridad, la concordia, el respeto a los\u2026","rel":"","context":"En \u00abD\u00eda de la Paz\u00bb","block_context":{"text":"D\u00eda de la Paz","link":"https:\/\/www.ceipmaestrorafaelbravomartin.es\/?cat=134"},"img":{"alt_text":"","src":"https:\/\/i0.wp.com\/img.youtube.com\/vi\/7xkvB33-Gis\/0.jpg?resize=350%2C200","width":350,"height":200},"classes":[]},{"id":601,"url":"https:\/\/www.ceipmaestrorafaelbravomartin.es\/?p=601","url_meta":{"origin":1591,"position":4},"title":"25 de noviembre: D\u00eda Internacional de la Eliminaci\u00f3n de la Violencia contra la Mujer","author":"CEIP Maestro Rafael Bravo Mart\u00edn","date":"25 noviembre, 2013","format":false,"excerpt":"A trav\u00e9s de nuestro Ayuntamiento nos unimos a la propuesta del Instituto Andaluz de la Mujer con la lectura simult\u00e1nea del libro \"NI UN BESITO A LA FUERZA\" un cuento coeditado en 2009 por dicho Instituto y que este a\u00f1o se utiliza como recurso coeducativo para trabajar con el alumnado\u2026","rel":"","context":"En \u00abNoticiero\u00bb","block_context":{"text":"Noticiero","link":"https:\/\/www.ceipmaestrorafaelbravomartin.es\/?cat=3"},"img":{"alt_text":"","src":"","width":0,"height":0},"classes":[]},{"id":3031,"url":"https:\/\/www.ceipmaestrorafaelbravomartin.es\/?p=3031","url_meta":{"origin":1591,"position":5},"title":"D\u00eda Internacional de la Mujer","author":"CEIP Maestro Rafael Bravo Mart\u00edn","date":"7 abril, 2021","format":false,"excerpt":"El d\u00eda 8 de marzo se conmemora la lucha de la mujer por su participaci\u00f3n en la sociedad y su desarrollo \u00edntegro como persona, en pos de la igualdad con el hombre. La sociedad no deja de avanzar, seguimos obteniendo derechos yreconocimientos y la lucha cada vez es m\u00e1s generalizada.\u2026","rel":"","context":"En \u00abCoeducaci\u00f3n\u00bb","block_context":{"text":"Coeducaci\u00f3n","link":"https:\/\/www.ceipmaestrorafaelbravomartin.es\/?cat=114"},"img":{"alt_text":"","src":"https:\/\/i0.wp.com\/www.ceipmaestrorafaelbravomartin.es\/wp-content\/uploads\/2021\/04\/WhatsApp-Image-2021-03-10-at-21.19.53-150x150.jpeg?resize=350%2C200&ssl=1","width":350,"height":200,"srcset":"https:\/\/i0.wp.com\/www.ceipmaestrorafaelbravomartin.es\/wp-content\/uploads\/2021\/04\/WhatsApp-Image-2021-03-10-at-21.19.53-150x150.jpeg?resize=350%2C200&ssl=1 1x, https:\/\/i0.wp.com\/www.ceipmaestrorafaelbravomartin.es\/wp-content\/uploads\/2021\/04\/WhatsApp-Image-2021-03-10-at-21.19.53-150x150.jpeg?resize=525%2C300&ssl=1 1.5x, https:\/\/i0.wp.com\/www.ceipmaestrorafaelbravomartin.es\/wp-content\/uploads\/2021\/04\/WhatsApp-Image-2021-03-10-at-21.19.53-150x150.jpeg?resize=700%2C400&ssl=1 2x, https:\/\/i0.wp.com\/www.ceipmaestrorafaelbravomartin.es\/wp-content\/uploads\/2021\/04\/WhatsApp-Image-2021-03-10-at-21.19.53-150x150.jpeg?resize=1050%2C600&ssl=1 3x, https:\/\/i0.wp.com\/www.ceipmaestrorafaelbravomartin.es\/wp-content\/uploads\/2021\/04\/WhatsApp-Image-2021-03-10-at-21.19.53-150x150.jpeg?resize=1400%2C800&ssl=1 4x"},"classes":[]}],"_links":{"self":[{"href":"https:\/\/www.ceipmaestrorafaelbravomartin.es\/index.php?rest_route=\/wp\/v2\/posts\/1591","targetHints":{"allow":["GET"]}}],"collection":[{"href":"https:\/\/www.ceipmaestrorafaelbravomartin.es\/index.php?rest_route=\/wp\/v2\/posts"}],"about":[{"href":"https:\/\/www.ceipmaestrorafaelbravomartin.es\/index.php?rest_route=\/wp\/v2\/types\/post"}],"author":[{"embeddable":true,"href":"https:\/\/www.ceipmaestrorafaelbravomartin.es\/index.php?rest_route=\/wp\/v2\/users\/4"}],"replies":[{"embeddable":true,"href":"https:\/\/www.ceipmaestrorafaelbravomartin.es\/index.php?rest_route=%2Fwp%2Fv2%2Fcomments&post=1591"}],"version-history":[{"count":1,"href":"https:\/\/www.ceipmaestrorafaelbravomartin.es\/index.php?rest_route=\/wp\/v2\/posts\/1591\/revisions"}],"predecessor-version":[{"id":1592,"href":"https:\/\/www.ceipmaestrorafaelbravomartin.es\/index.php?rest_route=\/wp\/v2\/posts\/1591\/revisions\/1592"}],"wp:attachment":[{"href":"https:\/\/www.ceipmaestrorafaelbravomartin.es\/index.php?rest_route=%2Fwp%2Fv2%2Fmedia&parent=1591"}],"wp:term":[{"taxonomy":"category","embeddable":true,"href":"https:\/\/www.ceipmaestrorafaelbravomartin.es\/index.php?rest_route=%2Fwp%2Fv2%2Fcategories&post=1591"},{"taxonomy":"post_tag","embeddable":true,"href":"https:\/\/www.ceipmaestrorafaelbravomartin.es\/index.php?rest_route=%2Fwp%2Fv2%2Ftags&post=1591"}],"curies":[{"name":"wp","href":"https:\/\/api.w.org\/{rel}","templated":true}]}}