{"id":1594,"date":"2016-11-29T22:02:33","date_gmt":"2016-11-29T21:02:33","guid":{"rendered":"http:\/\/www.ceipmaestrorafaelbravomartin.es\/?p=1594"},"modified":"2016-11-29T22:03:32","modified_gmt":"2016-11-29T21:03:32","slug":"25-de-noviembre-todos-tenemos-derecho-a-sonreir","status":"publish","type":"post","link":"https:\/\/www.ceipmaestrorafaelbravomartin.es\/?p=1594","title":{"rendered":"25 de Noviembre: Todos tenemos derecho a sonre\u00edr."},"content":{"rendered":"<p>El pasado 25 de noviembre, celebramos en el cole el d\u00eda internacional de la eliminaci\u00f3n de la violencia contra la mujer. Adoptamos el lema: <i>Todos\/ as tenemos derecho a sonre\u00edr. <\/i>Para conmemorarlo\u00a0hicimos un peque\u00f1o photocall donde mostramos la mejor de nuestras sonrisas.<\/p>\n<p>Deseamos que os guste.<\/p>\n<p>&nbsp;<\/p>\n<p><span class=\"embed-youtube\" style=\"text-align:center; display: block;\"><iframe loading=\"lazy\" class=\"youtube-player\" width=\"750\" height=\"422\" src=\"https:\/\/www.youtube.com\/embed\/ig2RW2FDRdk?version=3&#038;rel=1&#038;showsearch=0&#038;showinfo=1&#038;iv_load_policy=1&#038;fs=1&#038;hl=es-ES&#038;autohide=2&#038;wmode=transparent\" allowfullscreen=\"true\" style=\"border:0;\" sandbox=\"allow-scripts allow-same-origin allow-popups allow-presentation allow-popups-to-escape-sandbox\"><\/iframe><\/span><\/p>\n<p>&nbsp;<\/p>\n<p>&nbsp;<\/p>\n<p><!--more--><\/p>\n","protected":false},"excerpt":{"rendered":"<p>El pasado 25 de noviembre, celebramos en el cole el d\u00eda internacional de la eliminaci\u00f3n de la violencia contra la mujer. Adoptamos el lema: Todos\/ as tenemos derecho a sonre\u00edr. Para conmemorarlo\u00a0hicimos un peque\u00f1o photocall donde mostramos la mejor de nuestras sonrisas. Deseamos que os guste. &nbsp; &nbsp; &nbsp;<\/p>\n","protected":false},"author":6,"featured_media":0,"comment_status":"closed","ping_status":"closed","sticky":false,"template":"","format":"standard","meta":{"jetpack_post_was_ever_published":false,"_jetpack_newsletter_access":"","_jetpack_dont_email_post_to_subs":false,"_jetpack_newsletter_tier_id":0,"_jetpack_memberships_contains_paywalled_content":false,"_jetpack_memberships_contains_paid_content":false,"footnotes":""},"categories":[10,103,23],"tags":[],"class_list":["post-1594","post","type-post","status-publish","format-standard","hentry","category-centro","category-eventos","category-planes-y-programas"],"jetpack_featured_media_url":"","jetpack_sharing_enabled":true,"jetpack_shortlink":"https:\/\/wp.me\/p9VlHp-pI","jetpack-related-posts":[{"id":1787,"url":"https:\/\/www.ceipmaestrorafaelbravomartin.es\/?p=1787","url_meta":{"origin":1594,"position":0},"title":"20 de noviembre: D\u00eda Universal del Ni\u00f1o","author":"CEIP Maestro Rafael Bravo Mart\u00edn","date":"17 noviembre, 2017","format":false,"excerpt":"El\u00a0D\u00eda Universal del Ni\u00f1o, que se celebra todos los a\u00f1os el 20 de noviembre, es un d\u00eda dedicado a todos los ni\u00f1os y ni\u00f1as del mundo. Es un d\u00eda de celebraci\u00f3n por los avances conseguidos, pero sobre todo es un d\u00eda para llamar la atenci\u00f3n sobre la situaci\u00f3n de los\u2026","rel":"","context":"En \u00abEl centro\u00bb","block_context":{"text":"El centro","link":"https:\/\/www.ceipmaestrorafaelbravomartin.es\/?cat=10"},"img":{"alt_text":"","src":"","width":0,"height":0},"classes":[]},{"id":83,"url":"https:\/\/www.ceipmaestrorafaelbravomartin.es\/?p=83","url_meta":{"origin":1594,"position":1},"title":"Inauguramos nueva secci\u00f3n de foros","author":"CEIP Maestro Rafael Bravo Mart\u00edn","date":"14 noviembre, 2010","format":false,"excerpt":"Con la intenci\u00f3n de promover la participaci\u00f3n de toda la comunidad educativa y el intercambio de ideas y opiniones, tengo el placer de informaros de la inauguraci\u00f3n de una nueva secci\u00f3n en la que todos y todas pod\u00e9is participar. Pod\u00e9is encontrarla en el men\u00fa superior horizontal con el nombre de\u2026","rel":"","context":"En \u00abNoticias TIC\u00bb","block_context":{"text":"Noticias TIC","link":"https:\/\/www.ceipmaestrorafaelbravomartin.es\/?cat=19"},"img":{"alt_text":"","src":"","width":0,"height":0},"classes":[]},{"id":90,"url":"https:\/\/www.ceipmaestrorafaelbravomartin.es\/?p=90","url_meta":{"origin":1594,"position":2},"title":"\u00a1El oto\u00f1o ha llegado a nuestro cole!","author":"CEIP Maestro Rafael Bravo Mart\u00edn","date":"18 noviembre, 2010","format":false,"excerpt":"\u00a0La semana pasada se realizaron varias actividades relacionadas con el Oto\u00f1o en nuestro Centro:- Hemos decorado el colegio con un \u00e1rbol y ADORNOS realizados por el alumnado de Infantil en colaboraci\u00f3n con sus familiares.- El martes 16 de noviembre ha venido un CASTA\u00d1ERO para que todos\/as comamos casta\u00f1itas asadas. Los\u2026","rel":"","context":"En \u00abCurso 2010\/11\u00bb","block_context":{"text":"Curso 2010\/11","link":"https:\/\/www.ceipmaestrorafaelbravomartin.es\/?cat=40"},"img":{"alt_text":"","src":"","width":0,"height":0},"classes":[]},{"id":2960,"url":"https:\/\/www.ceipmaestrorafaelbravomartin.es\/?p=2960","url_meta":{"origin":1594,"position":3},"title":"D\u00eda de la Paz y la No Violencia","author":"CEIP Maestro Rafael Bravo Mart\u00edn","date":"4 febrero, 2021","format":false,"excerpt":"El mensaje b\u00e1sico de este d\u00eda es: \u201cAmor universal, No-violencia y Paz\u201d. El Amor universal es mejor que el ego\u00edsmo, la No-violencia es mejor que la violencia y la Paz es mejor que la guerra\u2019. La educaci\u00f3n en y para la tolerancia, la solidaridad, la concordia, el respeto a los\u2026","rel":"","context":"En \u00abD\u00eda de la Paz\u00bb","block_context":{"text":"D\u00eda de la Paz","link":"https:\/\/www.ceipmaestrorafaelbravomartin.es\/?cat=134"},"img":{"alt_text":"","src":"https:\/\/i0.wp.com\/img.youtube.com\/vi\/7xkvB33-Gis\/0.jpg?resize=350%2C200","width":350,"height":200},"classes":[]},{"id":31,"url":"https:\/\/www.ceipmaestrorafaelbravomartin.es\/?p=31","url_meta":{"origin":1594,"position":4},"title":"Consejos Escolares 2010\/11","author":"CEIP Maestro Rafael Bravo Mart\u00edn","date":"18 octubre, 2010","format":false,"excerpt":"Las elecciones a Consejos Escolares se celebrar\u00e1n en Andaluc\u00eda los pr\u00f3ximos d\u00edas 16, 17 y 18 de noviembre para los distintos sectores de la Comunidad Educativa, en todos los centros docentes sostenidos con fondos p\u00fablicos de la comunidad aut\u00f3noma de Andaluc\u00eda, a excepci\u00f3n de los centros espec\u00edficos de educaci\u00f3n permanente\u2026","rel":"","context":"En \u00abConsejo escolar\u00bb","block_context":{"text":"Consejo escolar","link":"https:\/\/www.ceipmaestrorafaelbravomartin.es\/?cat=12"},"img":{"alt_text":"","src":"","width":0,"height":0},"classes":[]},{"id":52,"url":"https:\/\/www.ceipmaestrorafaelbravomartin.es\/?p=52","url_meta":{"origin":1594,"position":5},"title":"El oto\u00f1o lleg\u00f3 a nuestro colegio.","author":"CEIP Maestro Rafael Bravo Mart\u00edn","date":"29 septiembre, 2009","format":false,"excerpt":"Desde el 9 al 13 de noviembre de 2009 \u00a0realizamos en el colegio varias actividades relacionadas con el oto\u00f1o.- Se decor\u00f3 el colegio con adornos realizados por los alumnos\/as .- El mi\u00e9rcoles 11 vino un CASTA\u00d1ERO para que todos comieramos casta\u00f1as y todos los alumnos\/as se disfrazaron como viejecitos\/as.- El\u2026","rel":"","context":"En \u00abCurso 2009\/10\u00bb","block_context":{"text":"Curso 2009\/10","link":"https:\/\/www.ceipmaestrorafaelbravomartin.es\/?cat=27"},"img":{"alt_text":"","src":"","width":0,"height":0},"classes":[]}],"_links":{"self":[{"href":"https:\/\/www.ceipmaestrorafaelbravomartin.es\/index.php?rest_route=\/wp\/v2\/posts\/1594","targetHints":{"allow":["GET"]}}],"collection":[{"href":"https:\/\/www.ceipmaestrorafaelbravomartin.es\/index.php?rest_route=\/wp\/v2\/posts"}],"about":[{"href":"https:\/\/www.ceipmaestrorafaelbravomartin.es\/index.php?rest_route=\/wp\/v2\/types\/post"}],"author":[{"embeddable":true,"href":"https:\/\/www.ceipmaestrorafaelbravomartin.es\/index.php?rest_route=\/wp\/v2\/users\/6"}],"replies":[{"embeddable":true,"href":"https:\/\/www.ceipmaestrorafaelbravomartin.es\/index.php?rest_route=%2Fwp%2Fv2%2Fcomments&post=1594"}],"version-history":[{"count":1,"href":"https:\/\/www.ceipmaestrorafaelbravomartin.es\/index.php?rest_route=\/wp\/v2\/posts\/1594\/revisions"}],"predecessor-version":[{"id":1595,"href":"https:\/\/www.ceipmaestrorafaelbravomartin.es\/index.php?rest_route=\/wp\/v2\/posts\/1594\/revisions\/1595"}],"wp:attachment":[{"href":"https:\/\/www.ceipmaestrorafaelbravomartin.es\/index.php?rest_route=%2Fwp%2Fv2%2Fmedia&parent=1594"}],"wp:term":[{"taxonomy":"category","embeddable":true,"href":"https:\/\/www.ceipmaestrorafaelbravomartin.es\/index.php?rest_route=%2Fwp%2Fv2%2Fcategories&post=1594"},{"taxonomy":"post_tag","embeddable":true,"href":"https:\/\/www.ceipmaestrorafaelbravomartin.es\/index.php?rest_route=%2Fwp%2Fv2%2Ftags&post=1594"}],"curies":[{"name":"wp","href":"https:\/\/api.w.org\/{rel}","templated":true}]}}