{"id":1599,"date":"2016-12-16T08:30:51","date_gmt":"2016-12-16T07:30:51","guid":{"rendered":"http:\/\/www.ceipmaestrorafaelbravomartin.es\/?p=1599"},"modified":"2017-06-23T12:27:13","modified_gmt":"2017-06-23T10:27:13","slug":"16-12-16-maria-jesus","status":"publish","type":"post","link":"https:\/\/www.ceipmaestrorafaelbravomartin.es\/?p=1599","title":{"rendered":"16-12-16           &#8230;Mar\u00eda Jes\u00fas C\u00e1mara Dur\u00e1n&#8230;"},"content":{"rendered":"<p style=\"text-align: center;\"><em><strong>\u00abEl maestro deja una huella para la eternidad; nunca se puede decir cuando se detiene su influencia.\u00bb<\/strong><\/em><\/p>\n<p style=\"text-align: right;\"><em>Henry Adams<\/em><\/p>\n<p><a href=\"http:\/\/www.ceipmaestrorafaelbravomartin.es\/wp-content\/uploads\/2016\/12\/DSC06224-copialogo.png\" rel=\"attachment wp-att-1598\"><img loading=\"lazy\" decoding=\"async\" data-attachment-id=\"1598\" data-permalink=\"https:\/\/www.ceipmaestrorafaelbravomartin.es\/?attachment_id=1598\" data-orig-file=\"https:\/\/www.ceipmaestrorafaelbravomartin.es\/wp-content\/uploads\/2016\/12\/DSC06224-copialogo.png\" data-orig-size=\"5456,3064\" data-comments-opened=\"0\" data-image-meta=\"{&quot;aperture&quot;:&quot;0&quot;,&quot;credit&quot;:&quot;&quot;,&quot;camera&quot;:&quot;&quot;,&quot;caption&quot;:&quot;&quot;,&quot;created_timestamp&quot;:&quot;0&quot;,&quot;copyright&quot;:&quot;&quot;,&quot;focal_length&quot;:&quot;0&quot;,&quot;iso&quot;:&quot;0&quot;,&quot;shutter_speed&quot;:&quot;0&quot;,&quot;title&quot;:&quot;&quot;,&quot;orientation&quot;:&quot;0&quot;}\" data-image-title=\"dsc06224-copialogo\" data-image-description=\"\" data-image-caption=\"\" data-medium-file=\"https:\/\/www.ceipmaestrorafaelbravomartin.es\/wp-content\/uploads\/2016\/12\/DSC06224-copialogo-300x168.png\" data-large-file=\"https:\/\/www.ceipmaestrorafaelbravomartin.es\/wp-content\/uploads\/2016\/12\/DSC06224-copialogo-1024x575.png\" class=\"wp-image-1598 alignnone\" src=\"http:\/\/www.ceipmaestrorafaelbravomartin.es\/wp-content\/uploads\/2016\/12\/DSC06224-copialogo-1024x575.png\" alt=\"dsc06224-copialogo\" width=\"569\" height=\"325\" \/><\/a><\/p>\n<p><iframe loading=\"lazy\" src=\"https:\/\/www.youtube.com\/embed\/NfFNfIhxtZo\" width=\"560\" height=\"315\" frameborder=\"0\" allowfullscreen=\"allowfullscreen\"><\/iframe><\/p>\n","protected":false},"excerpt":{"rendered":"<p>\u00abEl maestro deja una huella para la eternidad; nunca se puede decir cuando se detiene su influencia.\u00bb Henry Adams<\/p>\n","protected":false},"author":4,"featured_media":0,"comment_status":"closed","ping_status":"closed","sticky":false,"template":"","format":"standard","meta":{"jetpack_post_was_ever_published":false,"_jetpack_newsletter_access":"","_jetpack_dont_email_post_to_subs":false,"_jetpack_newsletter_tier_id":0,"_jetpack_memberships_contains_paywalled_content":false,"_jetpack_memberships_contains_paid_content":false,"footnotes":""},"categories":[24,10],"tags":[],"class_list":["post-1599","post","type-post","status-publish","format-standard","hentry","category-c59-dedicatorias","category-centro"],"jetpack_featured_media_url":"","jetpack_sharing_enabled":true,"jetpack_shortlink":"https:\/\/wp.me\/p9VlHp-pN","jetpack-related-posts":[{"id":303,"url":"https:\/\/www.ceipmaestrorafaelbravomartin.es\/?p=303","url_meta":{"origin":1599,"position":0},"title":"Proceso de escolarizaci\u00f3n 2013\/2014","author":"CEIP Maestro Rafael Bravo Mart\u00edn","date":"21 febrero, 2013","format":false,"excerpt":"Normativa que regula los criterios y el procedimiento de admisi\u00f3n del alumnado en los centros docentes p\u00fablicos y privados concertados.\u00a0 DECRETO 40\/2011, de 22 de febrero, por el que se regulan los criterios y el procedimiento de admisi\u00f3n del alumnado en los centros docentes p\u00fablicos y privados concertados para cursar\u2026","rel":"","context":"En \u00abEl centro\u00bb","block_context":{"text":"El centro","link":"https:\/\/www.ceipmaestrorafaelbravomartin.es\/?cat=10"},"img":{"alt_text":"","src":"","width":0,"height":0},"classes":[]},{"id":31,"url":"https:\/\/www.ceipmaestrorafaelbravomartin.es\/?p=31","url_meta":{"origin":1599,"position":1},"title":"Consejos Escolares 2010\/11","author":"CEIP Maestro Rafael Bravo Mart\u00edn","date":"18 octubre, 2010","format":false,"excerpt":"Las elecciones a Consejos Escolares se celebrar\u00e1n en Andaluc\u00eda los pr\u00f3ximos d\u00edas 16, 17 y 18 de noviembre para los distintos sectores de la Comunidad Educativa, en todos los centros docentes sostenidos con fondos p\u00fablicos de la comunidad aut\u00f3noma de Andaluc\u00eda, a excepci\u00f3n de los centros espec\u00edficos de educaci\u00f3n permanente\u2026","rel":"","context":"En \u00abConsejo escolar\u00bb","block_context":{"text":"Consejo escolar","link":"https:\/\/www.ceipmaestrorafaelbravomartin.es\/?cat=12"},"img":{"alt_text":"","src":"","width":0,"height":0},"classes":[]},{"id":16,"url":"https:\/\/www.ceipmaestrorafaelbravomartin.es\/?p=16","url_meta":{"origin":1599,"position":2},"title":"Elecciones a Consejos Escolares","author":"CEIP Maestro Rafael Bravo Mart\u00edn","date":"13 octubre, 2010","format":false,"excerpt":"Se informa a toda la comunidad educativa de que a partir de este a\u00f1o y tras la publicaci\u00f3n del Decreto 328\/2010, de 13 de Julio por el que se aprueba el Reglamento Org\u00e1nico de las escuelas infantil de segundo ciclo, de los colegios de educaci\u00f3n infantil y primaria","rel":"","context":"En \u00abConsejo escolar\u00bb","block_context":{"text":"Consejo escolar","link":"https:\/\/www.ceipmaestrorafaelbravomartin.es\/?cat=12"},"img":{"alt_text":"","src":"","width":0,"height":0},"classes":[]},{"id":83,"url":"https:\/\/www.ceipmaestrorafaelbravomartin.es\/?p=83","url_meta":{"origin":1599,"position":3},"title":"Inauguramos nueva secci\u00f3n de foros","author":"CEIP Maestro Rafael Bravo Mart\u00edn","date":"14 noviembre, 2010","format":false,"excerpt":"Con la intenci\u00f3n de promover la participaci\u00f3n de toda la comunidad educativa y el intercambio de ideas y opiniones, tengo el placer de informaros de la inauguraci\u00f3n de una nueva secci\u00f3n en la que todos y todas pod\u00e9is participar. Pod\u00e9is encontrarla en el men\u00fa superior horizontal con el nombre de\u2026","rel":"","context":"En \u00abNoticias TIC\u00bb","block_context":{"text":"Noticias TIC","link":"https:\/\/www.ceipmaestrorafaelbravomartin.es\/?cat=19"},"img":{"alt_text":"","src":"","width":0,"height":0},"classes":[]},{"id":1472,"url":"https:\/\/www.ceipmaestrorafaelbravomartin.es\/?p=1472","url_meta":{"origin":1599,"position":4},"title":"Fin de Curso 2015-2016","author":"CEIP Maestro Rafael Bravo Mart\u00edn","date":"1 junio, 2016","format":false,"excerpt":"Estrenamos el \u00faltimo mes del actual curso 2015\/16. Otro m\u00e1s que se nos va casi sin darnos ni cuenta. El alumnado se despide de sus maestras y maestros hasta el curso que viene, aunque algunos\/as se despiden de su paso por nuestro Centro. \u00a1Vamos a celebrar este \"hasta luego\" con\u2026","rel":"","context":"En \u00abEl centro\u00bb","block_context":{"text":"El centro","link":"https:\/\/www.ceipmaestrorafaelbravomartin.es\/?cat=10"},"img":{"alt_text":"Fiesta-final-de-curso-blog","src":"https:\/\/i0.wp.com\/www.ceipmaestrorafaelbravomartin.es\/wp-content\/uploads\/2016\/06\/Fiesta-final-de-curso-blog-724x1024.jpg?resize=350%2C200","width":350,"height":200,"srcset":"https:\/\/i0.wp.com\/www.ceipmaestrorafaelbravomartin.es\/wp-content\/uploads\/2016\/06\/Fiesta-final-de-curso-blog-724x1024.jpg?resize=350%2C200 1x, https:\/\/i0.wp.com\/www.ceipmaestrorafaelbravomartin.es\/wp-content\/uploads\/2016\/06\/Fiesta-final-de-curso-blog-724x1024.jpg?resize=525%2C300 1.5x"},"classes":[]},{"id":2084,"url":"https:\/\/www.ceipmaestrorafaelbravomartin.es\/?p=2084","url_meta":{"origin":1599,"position":5},"title":"Instrucciones de la consejer\u00eda de educaci\u00f3n","author":"CEIP Maestro Rafael Bravo Mart\u00edn","date":"16 marzo, 2020","format":false,"excerpt":"COMUNICADO A LAS FAMILIAS Estimadas familias, ante la publicaci\u00f3n del Real Decreto por el que se declara el estado de alarma para la gesti\u00f3n de la situaci\u00f3n de crisis sanitaria ocasionada por el COVID-19, en la que entre otras consideraciones, adem\u00e1s de la suspensi\u00f3n de la actividad educativa presencial, se\u2026","rel":"","context":"En \u00abEstado de alarma\u00bb","block_context":{"text":"Estado de alarma","link":"https:\/\/www.ceipmaestrorafaelbravomartin.es\/?cat=122"},"img":{"alt_text":"","src":"","width":0,"height":0},"classes":[]}],"_links":{"self":[{"href":"https:\/\/www.ceipmaestrorafaelbravomartin.es\/index.php?rest_route=\/wp\/v2\/posts\/1599","targetHints":{"allow":["GET"]}}],"collection":[{"href":"https:\/\/www.ceipmaestrorafaelbravomartin.es\/index.php?rest_route=\/wp\/v2\/posts"}],"about":[{"href":"https:\/\/www.ceipmaestrorafaelbravomartin.es\/index.php?rest_route=\/wp\/v2\/types\/post"}],"author":[{"embeddable":true,"href":"https:\/\/www.ceipmaestrorafaelbravomartin.es\/index.php?rest_route=\/wp\/v2\/users\/4"}],"replies":[{"embeddable":true,"href":"https:\/\/www.ceipmaestrorafaelbravomartin.es\/index.php?rest_route=%2Fwp%2Fv2%2Fcomments&post=1599"}],"version-history":[{"count":16,"href":"https:\/\/www.ceipmaestrorafaelbravomartin.es\/index.php?rest_route=\/wp\/v2\/posts\/1599\/revisions"}],"predecessor-version":[{"id":1627,"href":"https:\/\/www.ceipmaestrorafaelbravomartin.es\/index.php?rest_route=\/wp\/v2\/posts\/1599\/revisions\/1627"}],"wp:attachment":[{"href":"https:\/\/www.ceipmaestrorafaelbravomartin.es\/index.php?rest_route=%2Fwp%2Fv2%2Fmedia&parent=1599"}],"wp:term":[{"taxonomy":"category","embeddable":true,"href":"https:\/\/www.ceipmaestrorafaelbravomartin.es\/index.php?rest_route=%2Fwp%2Fv2%2Fcategories&post=1599"},{"taxonomy":"post_tag","embeddable":true,"href":"https:\/\/www.ceipmaestrorafaelbravomartin.es\/index.php?rest_route=%2Fwp%2Fv2%2Ftags&post=1599"}],"curies":[{"name":"wp","href":"https:\/\/api.w.org\/{rel}","templated":true}]}}