{"id":161,"date":"2011-06-19T21:00:00","date_gmt":"2011-06-19T19:00:00","guid":{"rendered":"http:\/\/blogasuncion.es\/?p=161"},"modified":"2014-10-12T20:01:09","modified_gmt":"2014-10-12T18:01:09","slug":"un-mundo-imaginario","status":"publish","type":"post","link":"https:\/\/www.ceipmaestrorafaelbravomartin.es\/?p=161","title":{"rendered":"Un mundo imaginario"},"content":{"rendered":"<p style=\"text-align: center;\">Un grupo de alumnos\/as de 5\u00ba A , han creado con materiales del \u00e1rea de Educaci\u00f3n F\u00edsica (aros, picas, saquitos, conos,rauquetas, zancos &#8230;) un mundo imaginario.<\/p>\n<p style=\"text-align: center;\">\u00a0<\/p>\n<p style=\"text-align: center;\">En estas fotos podemos ver sus maravillosas creaciones.<\/p>\n<p style=\"text-align: center;\">\u00a0<\/p>\n<p style=\"text-align: center;\">\u00a0<\/p>\n<div style=\"text-align: center;\">\n<object codebase=\"http:\/\/download.macromedia.com\/pub\/shockwave\/cabs\/flash\/swflash.cab#version=10,0,32,18\" classid=\"clsid:d27cdb6e-ae6d-11cf-96b8-444553540000\" type=\"application\/x-shockwave-flash\" height=\"420\" width=\"560\" style=\"display: block; margin-left: auto; margin-right: auto;\"><param name=\"wmode\" value=\"transparent\" \/><param name=\"allowFullScreen\" value=\"true\" \/><param name=\"src\" value=\"http:\/\/pf.kizoa.com\/sflite.swf?did=1789152&amp;k=9891951\" \/><\/object><br \/>\n&nbsp;  &nbsp;  <br \/><a href=\"http:\/\/www.kizoa.es\/diapositivas\/d1789152k9891951o2\/mundo-imaginario\"><b>Mundo imaginario<\/b><\/a><\/div>\n","protected":false},"excerpt":{"rendered":"<p>Un grupo de alumnos\/as de 5\u00ba A , han creado con materiales del \u00e1rea de Educaci\u00f3n F\u00edsica (aros, picas, saquitos, conos,rauquetas, zancos &#8230;) un mundo imaginario. \u00a0 En estas fotos podemos ver sus maravillosas creaciones. \u00a0 \u00a0 &nbsp; &nbsp; Mundo imaginario<\/p>\n","protected":false},"author":4,"featured_media":0,"comment_status":"closed","ping_status":"open","sticky":false,"template":"","format":"standard","meta":{"jetpack_post_was_ever_published":false,"_jetpack_newsletter_access":"","_jetpack_dont_email_post_to_subs":false,"_jetpack_newsletter_tier_id":0,"_jetpack_memberships_contains_paywalled_content":false,"_jetpack_memberships_contains_paid_content":false,"footnotes":""},"categories":[28],"tags":[],"class_list":["post-161","post","type-post","status-publish","format-standard","hentry","category-ef"],"jetpack_featured_media_url":"","jetpack_sharing_enabled":true,"jetpack_shortlink":"https:\/\/wp.me\/p9VlHp-2B","jetpack-related-posts":[{"id":158,"url":"https:\/\/www.ceipmaestrorafaelbravomartin.es\/?p=158","url_meta":{"origin":161,"position":0},"title":"EL TROMPO, UN MUNDO DE AMIGOS","author":"CEIP Maestro Rafael Bravo Mart\u00edn","date":"24 mayo, 2011","format":false,"excerpt":"Desde el \u00e1rea de Educaci\u00f3n F\u00edsica fomentamos la pr\u00e1ctica de Juegos Populares y Tradicionales, esos que conocemos como \" Los juegos de toda la vida\". Uno de ellos es el trompo o peonza. Llevamos varios a\u00f1os realizando un concurso de decoraci\u00f3n, donde los alumnos\/as pintan y decoran sus trompos. Un\u2026","rel":"","context":"En \u00abEd. F\u00edsica\u00bb","block_context":{"text":"Ed. F\u00edsica","link":"https:\/\/www.ceipmaestrorafaelbravomartin.es\/?cat=28"},"img":{"alt_text":"","src":"","width":0,"height":0},"classes":[]},{"id":226,"url":"https:\/\/www.ceipmaestrorafaelbravomartin.es\/?p=226","url_meta":{"origin":161,"position":1},"title":"UNA CLASE DE EDUCACI\u00d3N F\u00cdSICA EN NUESTRO GIMNASIO","author":"CEIP Maestro Rafael Bravo Mart\u00edn","date":"14 febrero, 2012","format":false,"excerpt":"\u00a0\u00a0\u00a0 Aqu\u00ed ten\u00e9is un v\u00eddeo donde pod\u00e9is ver 15 minutos de una clase de Educaci\u00f3n F\u00edsica en nuestro colegio, el viernes 10 de febrero. \u00a0\u00a0 La sesi\u00f3n se desarrolla en el gimnasio del centro y los protagonistas son los ni\u00f1os y ni\u00f1as de 4\u00ba B. \u00a0\u00a0 Con este v\u00eddeo queremos\u2026","rel":"","context":"En \u00abEd. F\u00edsica\u00bb","block_context":{"text":"Ed. F\u00edsica","link":"https:\/\/www.ceipmaestrorafaelbravomartin.es\/?cat=28"},"img":{"alt_text":"","src":"","width":0,"height":0},"classes":[]},{"id":257,"url":"https:\/\/www.ceipmaestrorafaelbravomartin.es\/?p=257","url_meta":{"origin":161,"position":2},"title":"CONCURSO DE TROMPOS 2012","author":"CEIP Maestro Rafael Bravo Mart\u00edn","date":"18 junio, 2012","format":false,"excerpt":"Un a\u00f1os m\u00e1s hemos podido disfrutar con los trompos. La variedad de modelos y la creatividad a marcado el concurso y la Exposici\u00f3n de este a\u00f1o. Cada ni\u00f1o\/a le ha puesto un nombre a su trompo. \u00a0 Aqu\u00ed os dejamos algunas im\u00e1genes. \u00a0 \u00a0 {jcomments on}","rel":"","context":"En \u00abEd. F\u00edsica\u00bb","block_context":{"text":"Ed. F\u00edsica","link":"https:\/\/www.ceipmaestrorafaelbravomartin.es\/?cat=28"},"img":{"alt_text":"","src":"","width":0,"height":0},"classes":[]},{"id":2011,"url":"https:\/\/www.ceipmaestrorafaelbravomartin.es\/?p=2011","url_meta":{"origin":161,"position":3},"title":"Ligas en el recreo","author":"CEIP Maestro Rafael Bravo Mart\u00edn","date":"26 enero, 2020","format":false,"excerpt":"El deporte forma parte fundamental para tener una vida sana, con el objetivo de fomentarlo entre el alumnado de nuestro centro, desde el \u00e1rea de EF han dado comienzo las ligas de \"Pichi\" y de \"Bal\u00f3n-tiro\". Todo un reto ya que hay mas de 200 alumnos\/as inscritos. Estas ligas son\u2026","rel":"","context":"En \u00abEd. F\u00edsica\u00bb","block_context":{"text":"Ed. F\u00edsica","link":"https:\/\/www.ceipmaestrorafaelbravomartin.es\/?cat=28"},"img":{"alt_text":"","src":"https:\/\/i0.wp.com\/www.ceipmaestrorafaelbravomartin.es\/wp-content\/uploads\/2020\/01\/IMG_20200121_114511-150x150.jpg?resize=350%2C200&ssl=1","width":350,"height":200,"srcset":"https:\/\/i0.wp.com\/www.ceipmaestrorafaelbravomartin.es\/wp-content\/uploads\/2020\/01\/IMG_20200121_114511-150x150.jpg?resize=350%2C200&ssl=1 1x, https:\/\/i0.wp.com\/www.ceipmaestrorafaelbravomartin.es\/wp-content\/uploads\/2020\/01\/IMG_20200121_114511-150x150.jpg?resize=525%2C300&ssl=1 1.5x, https:\/\/i0.wp.com\/www.ceipmaestrorafaelbravomartin.es\/wp-content\/uploads\/2020\/01\/IMG_20200121_114511-150x150.jpg?resize=700%2C400&ssl=1 2x, https:\/\/i0.wp.com\/www.ceipmaestrorafaelbravomartin.es\/wp-content\/uploads\/2020\/01\/IMG_20200121_114511-150x150.jpg?resize=1050%2C600&ssl=1 3x, https:\/\/i0.wp.com\/www.ceipmaestrorafaelbravomartin.es\/wp-content\/uploads\/2020\/01\/IMG_20200121_114511-150x150.jpg?resize=1400%2C800&ssl=1 4x"},"classes":[]},{"id":255,"url":"https:\/\/www.ceipmaestrorafaelbravomartin.es\/?p=255","url_meta":{"origin":161,"position":4},"title":"EL C.E.I.P. NTRA. SRA. DE LA ASUNCI\u00d3N CON LA SELECCI\u00d3N ESPA\u00d1OLA","author":"CEIP Maestro Rafael Bravo Mart\u00edn","date":"14 junio, 2012","format":false,"excerpt":"Hace unos d\u00edas que ha comenzado la Eurocopa de f\u00fatbol \u201cPolon\u00eda \u2013Ucrania 2012 \u201c. Desde este centro queremos hacer participes a todos los ni\u00f1os\/as, aportando nuestro granito de arena para hacer llegar a Polon\u00eda\u00a0 y Ucrania toda nuestra ilusi\u00f3n. Durante estos d\u00edas hemos pedido a todos los alumnos\/as, que el\u2026","rel":"","context":"En \u00abEd. F\u00edsica\u00bb","block_context":{"text":"Ed. F\u00edsica","link":"https:\/\/www.ceipmaestrorafaelbravomartin.es\/?cat=28"},"img":{"alt_text":"","src":"","width":0,"height":0},"classes":[]},{"id":1201,"url":"https:\/\/www.ceipmaestrorafaelbravomartin.es\/?p=1201","url_meta":{"origin":161,"position":5},"title":"Organigrama curso 2015\/2016.","author":"CEIP Maestro Rafael Bravo Mart\u00edn","date":"1 octubre, 2015","format":false,"excerpt":"Como todos los a\u00f1os, comenzamos un nuevo curso escolar con muchas ganas e ilusi\u00f3n por nuestro trabajo. En esta ocasi\u00f3n el equipo humano encargado de realizar la labor de ense\u00f1ar a los ni\u00f1os\/as de nuestro\u00a0colegio es el siguiente: Educaci\u00f3n Infantil. Beatriz Ayll\u00f3n. Rosario Duarte. Mar\u00eda Trinidad Fern\u00e1ndez. Mar\u00eda del Valme\u2026","rel":"","context":"En \u00abEl centro\u00bb","block_context":{"text":"El centro","link":"https:\/\/www.ceipmaestrorafaelbravomartin.es\/?cat=10"},"img":{"alt_text":"","src":"","width":0,"height":0},"classes":[]}],"_links":{"self":[{"href":"https:\/\/www.ceipmaestrorafaelbravomartin.es\/index.php?rest_route=\/wp\/v2\/posts\/161","targetHints":{"allow":["GET"]}}],"collection":[{"href":"https:\/\/www.ceipmaestrorafaelbravomartin.es\/index.php?rest_route=\/wp\/v2\/posts"}],"about":[{"href":"https:\/\/www.ceipmaestrorafaelbravomartin.es\/index.php?rest_route=\/wp\/v2\/types\/post"}],"author":[{"embeddable":true,"href":"https:\/\/www.ceipmaestrorafaelbravomartin.es\/index.php?rest_route=\/wp\/v2\/users\/4"}],"replies":[{"embeddable":true,"href":"https:\/\/www.ceipmaestrorafaelbravomartin.es\/index.php?rest_route=%2Fwp%2Fv2%2Fcomments&post=161"}],"version-history":[{"count":1,"href":"https:\/\/www.ceipmaestrorafaelbravomartin.es\/index.php?rest_route=\/wp\/v2\/posts\/161\/revisions"}],"predecessor-version":[{"id":915,"href":"https:\/\/www.ceipmaestrorafaelbravomartin.es\/index.php?rest_route=\/wp\/v2\/posts\/161\/revisions\/915"}],"wp:attachment":[{"href":"https:\/\/www.ceipmaestrorafaelbravomartin.es\/index.php?rest_route=%2Fwp%2Fv2%2Fmedia&parent=161"}],"wp:term":[{"taxonomy":"category","embeddable":true,"href":"https:\/\/www.ceipmaestrorafaelbravomartin.es\/index.php?rest_route=%2Fwp%2Fv2%2Fcategories&post=161"},{"taxonomy":"post_tag","embeddable":true,"href":"https:\/\/www.ceipmaestrorafaelbravomartin.es\/index.php?rest_route=%2Fwp%2Fv2%2Ftags&post=161"}],"curies":[{"name":"wp","href":"https:\/\/api.w.org\/{rel}","templated":true}]}}