{"id":162,"date":"2011-06-17T10:37:17","date_gmt":"2011-06-17T08:37:17","guid":{"rendered":"http:\/\/blogasuncion.es\/?p=162"},"modified":"2014-10-12T20:01:20","modified_gmt":"2014-10-12T18:01:20","slug":"la-bicicleta-un-maravilloso-y-saludable-medio-de-transporte","status":"publish","type":"post","link":"https:\/\/www.ceipmaestrorafaelbravomartin.es\/?p=162","title":{"rendered":"LA BICICLETA , UN MARAVILLOSO Y SALUDABLE MEDIO DE TRANSPORTE."},"content":{"rendered":"<p><\/p>\n<p>\u00a0<\/p>\n<p>\u00a0<\/p>\n<p>\u00a0<\/p>\n<p>\u00a0<\/p>\n<p style=\"text-align: center;\"><span style=\"font-size: 14pt;\"><strong>BICICLETA Y SALUD<\/strong><\/span><\/p>\n<p style=\"text-align: center;\">\u00a0<\/p>\n<p style=\"text-align: left;\">\u00bfQu\u00e9 hace la bici por tu salud?<\/p>\n<p>Los efectos en la salud al practicar ciclismo se har\u00e1n notar cuando nos habituemos a circular con ella. Para conseguir estos efectos beneficiosos, tenemos que realizar salidas con bastante regularidad, no podemos montar en bicicleta un d\u00eda y no volver a utilizarla hasta la semana que viene. Para conseguir mejor\u00eda en nuestra salud, tenemos que realizar de 3 a 4 salidas a la semana durante 30 o 40 minutos.<\/p>\n<p style=\"text-align: center;\">\u00a0<\/p>\n<p style=\"text-align: center;\">\u00a0<\/p>\n<p style=\"text-align: center;\"><strong><span style=\"font-size: 14pt;\">CLASIFICACI\u00d3N DE LAS BICICLETAS <\/span><\/strong><\/p>\n<p style=\"text-align: center;\">\u00a0<\/p>\n<p style=\"text-align: left;\"><strong>La bicicleta dom\u00e9stica o urbana:<\/strong><br \/> La Bicicleta urbana o dom\u00e9stica destaca su \u00e9nfasis en la comodidad a costa del peso, con asiento y manillar c\u00f3modos, sistemas de transmision integrados en el propio buje, guardabarros, adem\u00e1s de contar generalmente con una o m\u00e1s canastillas para el transporte de objetos. Tambi\u00e9n es com\u00fan que tengan accesorios urbanos como timbre, espejos, luces y catadri\u00f3pticos reflectantes.<\/p>\n<p><strong>La bicicleta de monta\u00f1a:<\/strong><br \/> Es una bicicleta destinada para el \u00e1mbito deportivo en terrenos agrestes, por lo que la resistencia de sus partes es un punto principal, tambi\u00e9n lo es la protecci\u00f3n de sus partes al lodo y la tierra, tambi\u00e9n cuenta con varias relaciones de transmisi\u00f3n para adaptar el pedaleo a las condiciones del terreno.<\/p>\n<p>\u00a0<\/p>\n<p><strong>La bicicleta de carreras:<\/strong><br \/> Esta dise\u00f1ada para la velocidad, una batalla corta, \u00e1ngulos de asiento y frontales muy verticales, un eje pedalier alto, y muy poca curvatura en&nbsp; la horquilla y donde la ligereza o peso es importante, as\u00ed mismo el manillar tiene dise\u00f1os particulares seg\u00fan tipo de competencia para que el ciclista adopte posiciones aerodin\u00e1micas. (contrarreloj).<\/p>\n<p><strong>La bicicleta de turismo:<\/strong><br \/> Las bicicletas de turismo para distancias largas y cargas pesadas est\u00e1n dise\u00f1adas para la comodidad. La estabilidad se ve incrementada por su larga batalla, que mantienen el peso equilibrado, adem\u00e1s de contar con espacio para las alforjas delanteras y traseras.<\/p>\n<p>Y muchos m\u00e1s tipos de bicicletas que tendr\u00e1s que descubrir.<\/p>\n<p style=\"text-align: center;\"><strong><span style=\"font-size: 14pt;\">&nbsp;<\/span><\/strong><\/p>\n<p style=\"text-align: center;\"><strong><span style=\"font-size: 14pt;\">SEGURIDAD EN TU CONDUCCI\u00d3N<\/span><\/strong><\/p>\n<p style=\"text-align: left;\"><strong>Consejos de una buena conducci\u00f3n:<\/strong><\/p>\n<p style=\"text-align: left;\"><strong><br \/><\/strong><\/p>\n<p>* Conduce ocupando tu carril en ciudad, si circulas pegado a la derecha puedes chocar con coches y peatones que se asoman, puertas de coches que se abren o ser adelantado sin mantener una distancia de seguridad. Hazte respetar en la calzada.<br \/> * Conduce de forma predecible \u2014 Sigue las mismas trayectorias que los veh\u00edculos a motor sin zigzaguear.<br \/> * Avisa antes de moverte o detenerte \u2014 Las se\u00f1as con las manos permiten a los dem\u00e1s saber lo que vas a hacer.<br \/> * Mira hacia atr\u00e1s \u2013 Aprende a ver sobre tu hombro sin mover el manillar o perder el equilibrio. El uso de espejos es una opci\u00f3n.<br \/> * Obedece los se\u00f1alamientos de tr\u00e1nsito (sem\u00e1foros, se\u00f1ales y carriles) \u2014 Los ciclistas deben seguir las reglas de tr\u00e1nsito como cualquier otro veh\u00edculo.<br \/> * Sigue los carriles marcados \u2014 No gires a la izquierda desde el carril derecho. No sigas de frente en un carril exclusivo para girar a la derecha. Toma tu carril oportunamente.<br \/> * Circula por tu derecha \u2014 Siempre por la derecha en el sentido del flujo vial. Ir en contra del flujo vial es muy peligroso.<br \/> * Toma las calles e intersecciones con precauci\u00f3n, mirando bien antes la situaci\u00f3n de los peatones o de otros veh\u00edculos.<br \/> * En ciudad intenta circular por calles tranquilas, evitando ir por la acera.<br \/> * Es muy importante informarte de la normativa del lugar por la que conduces, no existe una normativa com\u00fan como sucede con otros veh\u00edculos.<\/p>\n<p>\u00a0<\/p>\n<p><\/p>\n<p><strong>Dec\u00e1logo del buen ciclista:<\/strong><\/p>\n<p><strong><br \/><\/strong><\/p>\n<p>1. Respeta las normas y se\u00f1ales de circulaci\u00f3n. Si queremos que nos respeten, debemos respetar nosotros tambi\u00e9n las normas establecidas.<br \/> 2. Sit\u00faate en el centro del carril por el que circules. Si la bicicleta se sit\u00faa a la derecha del carril, con la intenci\u00f3n de \u00abmolestar menos\u00bb a los veh\u00edculos motorizados, transmite una se\u00f1al confusa para \u00e9stos, ya que puede incitarles a adelantar sin mantener una distancia prudencial durante el adelantamiento. Adem\u00e1s, si hay coches aparcados, circular demasiado pr\u00f3ximo a ellos puede suponer un peligro a\u00f1adido por quienes abren la puerta del coche sin cerciorarse de que no pasa nadie.<br \/> 3. Avisa con antelaci\u00f3n los movimientos que vayas a realizar. Para que tu conducta sea predecible para el resto de los conductores, debes conducir en l\u00ednea recta y marcar debidamente con tus brazos los cambios de direcci\u00f3n que vas a realizar. Haz las maniobras siempre progresivamente y con seguridad.<br \/> 4. Circula por el carril de la derecha. Normalmente, el ciclista es el veh\u00edculo m\u00e1s lento y por tanto los veh\u00edculos motorizados no esperan encontrar una bicicleta en el resto de carriles. No obstante, si tienes que girar a la izquierda, es mejor que lo preveas con antelaci\u00f3n y te sit\u00faes en el carril de la izquierda con tiempo suficiente. Recuerda que no est\u00e1 permitido circular por los carriles bus.<br \/> 5. Prioridad para los peatones. Cuando circules en bicicleta por zonas de uso compartido se\u00f1alizadas o zonas de prioridad peatonal que cumplan los requisitos de la Ordenanza, debes tener en cuenta que t\u00fa no tienes la prioridad. Adecua tu velocidad a la de los peatones y conduce de manera prudente sin incomodarles en ning\u00fan caso.<br \/> 6. Aseg\u00farate de que eres visible para todos los usuarios de la v\u00eda. En condiciones de baja visibilidad, utiliza luces y elementos reflectantes que te hagan suficientemente visible. En cualquier caso, busca siempre el contacto visual con el resto de conductores, es la mejor forma de asegurarte de que te han visto.<br \/> 7. En caso de viento o lluvia, extrema las precauciones y ten presente que los riesgos aumentan.<br \/> 8. Busca un itinerario seguro. Merece la pena emplear un poco de tiempo en pensar la ruta que vas a seguir antes de salir de casa. Seguramente paralela a la calle que sueles utilizar cuando transitas a pie o en veh\u00edculo motorizado, exista una calzada pacificada, un carril bici, un paseo o central o cualquier otra alternativa m\u00e1s favorable a la circulaci\u00f3n en bicicleta.<br \/> 9. Mant\u00e9n tu bicicleta en buen estado. Es importante hacer revisiones peri\u00f3dicas de los frenos, cambios, neum\u00e1ticos y luces.<br \/> 10. Para tu tranquilidad contrata un seguro de responsabilidad civil. Un seguro de responsabilidad civil te ser\u00e1 muy \u00fatil para hacer frente a los da\u00f1os que pudieras hacer con la bicicleta a terceras personas<\/p>\n","protected":false},"excerpt":{"rendered":"<p>Durante esto a\u00f1os,&nbsp; han sido muchos los ni\u00f1os\/as que han sacado su carnet de conducir bicicletas. El maestro Pepe Palma, junto con la maestra Puri llevan muchos a\u00f1os dedicando un d\u00eda a esta actividad tan maravillosa con los m\u00e1s peque\u00f1os\/as ( al finalizar su segundo curso de Educaci\u00f3n Primaria).<\/p>\n<p>\u00a0<\/p>\n<p>Esta actividad se desarrolla en la pista polideportiva del colegio. Los ni\u00f1os\/as traen sus bicicletas al cole y tienen que realizar unos recorridos con diferentes niveles de dificultad ( desplazamiento en l\u00ednea recta, zig- zag, slalom, rotondas &#8230;), al final cada alumno\/a obtiene su carnet. \u00a1\u00a1Ah, pero siempre que haya respetado las normas b\u00e1sicas de circulaci\u00f3n !! .<\/p>\n<p>Este curso, los maestros de Educaci\u00f3n F\u00edsica nos hemos animado y hemos realizado esta actividad con los alumnos\/as de 3\u00ba y 4\u00ba. A continuaci\u00f3n os mostramos las fotos realizadas&nbsp; con los cursos de 2\u00ba, 3\u00ba y 4\u00ba.<\/p>\n<p>\u00a0<\/p>\n<p style=\"text-align: center;\">\u00a1QU\u00c9 DISFRUT\u00c9IS COMO LO HICIMOS NOSOTROS\/AS! y os animamos a utilizar este maravilloso y saludable medio de transporte.<\/p>\n<p>\u00a0<\/p>\n<p style=\"text-align: center;\">\u00a0<\/p>\n<div style=\"text-align: center;\">\n<object codebase=\"http:\/\/download.macromedia.com\/pub\/shockwave\/cabs\/flash\/swflash.cab#version=10,0,32,18\" classid=\"clsid:d27cdb6e-ae6d-11cf-96b8-444553540000\" type=\"application\/x-shockwave-flash\" height=\"420\" width=\"560\" style=\"display: block; margin-left: auto; margin-right: auto;\"><param name=\"wmode\" value=\"transparent\" \/><param name=\"allowFullScreen\" value=\"true\" \/><param name=\"src\" value=\"http:\/\/pf.kizoa.com\/sflite.swf?did=1789145&amp;k=2239711\" \/><embed height=\"420\" width=\"560\" src=\"http:\/\/pf.kizoa.com\/sflite.swf?did=1789145&amp;k=2239711\" allowfullscreen=\"true\" wmode=\"transparent\" type=\"application\/x-shockwave-flash\">&nbsp;<\/embed>&nbsp;<\/object><br \/>\n<br \/><a href=\"http:\/\/www.kizoa.es\/diapositivas\/d1789145k2239711o2\/la-bicicleta\"><b>La bicicleta<\/b><\/a> &#8211; <i><a href=\"http:\/\/www.kizoa.es\">presentacion imagenes<\/a><\/i><\/div>\n<p>\u00a0<\/p>\n<p>\u00a0<\/p>\n","protected":false},"author":4,"featured_media":0,"comment_status":"closed","ping_status":"open","sticky":false,"template":"","format":"standard","meta":{"jetpack_post_was_ever_published":false,"_jetpack_newsletter_access":"","_jetpack_dont_email_post_to_subs":false,"_jetpack_newsletter_tier_id":0,"_jetpack_memberships_contains_paywalled_content":false,"_jetpack_memberships_contains_paid_content":false,"footnotes":""},"categories":[28],"tags":[],"class_list":["post-162","post","type-post","status-publish","format-standard","hentry","category-ef"],"jetpack_featured_media_url":"","jetpack_sharing_enabled":true,"jetpack_shortlink":"https:\/\/wp.me\/p9VlHp-2C","jetpack-related-posts":[{"id":82,"url":"https:\/\/www.ceipmaestrorafaelbravomartin.es\/?p=82","url_meta":{"origin":162,"position":0},"title":"Reuni\u00f3n con las familias en Ed. Infantil","author":"CEIP Maestro Rafael Bravo Mart\u00edn","date":"29 noviembre, 2009","format":false,"excerpt":"El 26 de octubre del 2010 se llev\u00f3 a cabo la reuni\u00f3n con las \u00a0 familias del alumnado de Educaci\u00f3n Infantil. En ella se trataron entre otros los siguientes puntos:","rel":"","context":"En \u00abEducaci\u00f3n Infantil\u00bb","block_context":{"text":"Educaci\u00f3n Infantil","link":"https:\/\/www.ceipmaestrorafaelbravomartin.es\/?cat=26"},"img":{"alt_text":"*","src":"file:\/\/\/C:\/DOCUME~1\/ANGELO~1\/CONFIG~1\/Temp\/msohtml1\/01\/clip_image001.gif","width":350,"height":200},"classes":[]},{"id":14,"url":"https:\/\/www.ceipmaestrorafaelbravomartin.es\/?p=14","url_meta":{"origin":162,"position":1},"title":"Nota informativa: actividades extraescolares","author":"CEIP Maestro Rafael Bravo Mart\u00edn","date":"13 octubre, 2010","format":false,"excerpt":"Estimados padres y madres,Desde el AMPA queremos informaros de las actividades extraescolares que se llevar\u00e1n a cabo a partir del 15 de Octubre. Cada una de ellas ser\u00e1 dos d\u00edas a la semana, una hora al d\u00eda, por las tardes a partir de las 16:00 h.","rel":"","context":"En \u00abA.M.P.A.\u00bb","block_context":{"text":"A.M.P.A.","link":"https:\/\/www.ceipmaestrorafaelbravomartin.es\/?cat=15"},"img":{"alt_text":"","src":"","width":0,"height":0},"classes":[]},{"id":1973,"url":"https:\/\/www.ceipmaestrorafaelbravomartin.es\/?p=1973","url_meta":{"origin":162,"position":2},"title":"Certamen de dibujo infantil SICAB","author":"CEIP Maestro Rafael Bravo Mart\u00edn","date":"12 noviembre, 2019","format":false,"excerpt":"Nuestro alumno JMCC ha ganado el concurso de pintura infantil del SICAB en su modalidad. Queremos felicitar y agradecer tanto al alumno como a sus maestras la participaci\u00f3n e inter\u00e9s en todo lo que hacen. El alumno recoger\u00e1 el premio (una bicicleta) en el sal\u00f3n internacional del caballo. Felicidades de\u2026","rel":"","context":"En \u00abNoticiero\u00bb","block_context":{"text":"Noticiero","link":"https:\/\/www.ceipmaestrorafaelbravomartin.es\/?cat=3"},"img":{"alt_text":"","src":"https:\/\/i0.wp.com\/www.ceipmaestrorafaelbravomartin.es\/wp-content\/uploads\/2019\/11\/WhatsApp-Image-2019-11-12-at-12.18.23.jpeg?resize=350%2C200&ssl=1","width":350,"height":200,"srcset":"https:\/\/i0.wp.com\/www.ceipmaestrorafaelbravomartin.es\/wp-content\/uploads\/2019\/11\/WhatsApp-Image-2019-11-12-at-12.18.23.jpeg?resize=350%2C200&ssl=1 1x, https:\/\/i0.wp.com\/www.ceipmaestrorafaelbravomartin.es\/wp-content\/uploads\/2019\/11\/WhatsApp-Image-2019-11-12-at-12.18.23.jpeg?resize=525%2C300&ssl=1 1.5x, https:\/\/i0.wp.com\/www.ceipmaestrorafaelbravomartin.es\/wp-content\/uploads\/2019\/11\/WhatsApp-Image-2019-11-12-at-12.18.23.jpeg?resize=700%2C400&ssl=1 2x, https:\/\/i0.wp.com\/www.ceipmaestrorafaelbravomartin.es\/wp-content\/uploads\/2019\/11\/WhatsApp-Image-2019-11-12-at-12.18.23.jpeg?resize=1050%2C600&ssl=1 3x, https:\/\/i0.wp.com\/www.ceipmaestrorafaelbravomartin.es\/wp-content\/uploads\/2019\/11\/WhatsApp-Image-2019-11-12-at-12.18.23.jpeg?resize=1400%2C800&ssl=1 4x"},"classes":[]},{"id":2035,"url":"https:\/\/www.ceipmaestrorafaelbravomartin.es\/?p=2035","url_meta":{"origin":162,"position":3},"title":"D\u00cdA INTERNACIONAL DE LA MUJER Y LA NI\u00d1A EN LA CIENCIA","author":"CEIP Maestro Rafael Bravo Mart\u00edn","date":"8 febrero, 2020","format":false,"excerpt":"En la actualidad, las mujeres y ni\u00f1as encuentran barreras de muchos tipos, a veces muy sutiles, que dificultan su presencia en la ciencia. El 15 de diciembre de 2015 la Asamblea General de las Naciones Unidas proclam\u00f3 el 11 de febrero\u00a0D\u00eda Internacional de la Mujer y la Ni\u00f1a en la\u2026","rel":"","context":"En \u00abCoeducaci\u00f3n\u00bb","block_context":{"text":"Coeducaci\u00f3n","link":"https:\/\/www.ceipmaestrorafaelbravomartin.es\/?cat=114"},"img":{"alt_text":"","src":"https:\/\/i0.wp.com\/www.ceipmaestrorafaelbravomartin.es\/wp-content\/uploads\/2020\/02\/Cartel-Isabel-Fern%C3%A1ndez.jpg?resize=350%2C200&ssl=1","width":350,"height":200,"srcset":"https:\/\/i0.wp.com\/www.ceipmaestrorafaelbravomartin.es\/wp-content\/uploads\/2020\/02\/Cartel-Isabel-Fern%C3%A1ndez.jpg?resize=350%2C200&ssl=1 1x, https:\/\/i0.wp.com\/www.ceipmaestrorafaelbravomartin.es\/wp-content\/uploads\/2020\/02\/Cartel-Isabel-Fern%C3%A1ndez.jpg?resize=525%2C300&ssl=1 1.5x, https:\/\/i0.wp.com\/www.ceipmaestrorafaelbravomartin.es\/wp-content\/uploads\/2020\/02\/Cartel-Isabel-Fern%C3%A1ndez.jpg?resize=700%2C400&ssl=1 2x, https:\/\/i0.wp.com\/www.ceipmaestrorafaelbravomartin.es\/wp-content\/uploads\/2020\/02\/Cartel-Isabel-Fern%C3%A1ndez.jpg?resize=1050%2C600&ssl=1 3x, https:\/\/i0.wp.com\/www.ceipmaestrorafaelbravomartin.es\/wp-content\/uploads\/2020\/02\/Cartel-Isabel-Fern%C3%A1ndez.jpg?resize=1400%2C800&ssl=1 4x"},"classes":[]},{"id":205,"url":"https:\/\/www.ceipmaestrorafaelbravomartin.es\/?p=205","url_meta":{"origin":162,"position":4},"title":"REUNI\u00d3N CON LA FAMILIA el 15 de noviembre","author":"CEIP Maestro Rafael Bravo Mart\u00edn","date":"18 noviembre, 2011","format":false,"excerpt":"\u00a0 El martes 15 de noviembre, las clases de 4 a\u00f1os tuvimos una reuni\u00f3n por la tarde con la familia. En ella tratamos entre otros los siguientes puntos:","rel":"","context":"En \u00abEducaci\u00f3n Infantil\u00bb","block_context":{"text":"Educaci\u00f3n Infantil","link":"https:\/\/www.ceipmaestrorafaelbravomartin.es\/?cat=26"},"img":{"alt_text":"","src":"","width":0,"height":0},"classes":[]},{"id":148,"url":"https:\/\/www.ceipmaestrorafaelbravomartin.es\/?p=148","url_meta":{"origin":162,"position":5},"title":"Semana Cultural: Nuestro Centro. Ayer y Hoy","author":"CEIP Maestro Rafael Bravo Mart\u00edn","date":"10 marzo, 2011","format":false,"excerpt":"Lema: Nuestro Centro. Ayer y Hoy. \u00a0 Durante la semana del 21 al 25 de marzo y durante un tiempo, cada curso con su tutor-a realizar\u00e1 una actividad relacionada con le lema de nuestra semana cultural.\u00a0 \u00a0 Actividades: - Limpieza del centro. - Decoraci\u00f3n del centro. - Conocimiento del centro.\u2026","rel":"","context":"En \u00abActividades extraescolares\u00bb","block_context":{"text":"Actividades extraescolares","link":"https:\/\/www.ceipmaestrorafaelbravomartin.es\/?cat=14"},"img":{"alt_text":"","src":"","width":0,"height":0},"classes":[]}],"_links":{"self":[{"href":"https:\/\/www.ceipmaestrorafaelbravomartin.es\/index.php?rest_route=\/wp\/v2\/posts\/162","targetHints":{"allow":["GET"]}}],"collection":[{"href":"https:\/\/www.ceipmaestrorafaelbravomartin.es\/index.php?rest_route=\/wp\/v2\/posts"}],"about":[{"href":"https:\/\/www.ceipmaestrorafaelbravomartin.es\/index.php?rest_route=\/wp\/v2\/types\/post"}],"author":[{"embeddable":true,"href":"https:\/\/www.ceipmaestrorafaelbravomartin.es\/index.php?rest_route=\/wp\/v2\/users\/4"}],"replies":[{"embeddable":true,"href":"https:\/\/www.ceipmaestrorafaelbravomartin.es\/index.php?rest_route=%2Fwp%2Fv2%2Fcomments&post=162"}],"version-history":[{"count":1,"href":"https:\/\/www.ceipmaestrorafaelbravomartin.es\/index.php?rest_route=\/wp\/v2\/posts\/162\/revisions"}],"predecessor-version":[{"id":916,"href":"https:\/\/www.ceipmaestrorafaelbravomartin.es\/index.php?rest_route=\/wp\/v2\/posts\/162\/revisions\/916"}],"wp:attachment":[{"href":"https:\/\/www.ceipmaestrorafaelbravomartin.es\/index.php?rest_route=%2Fwp%2Fv2%2Fmedia&parent=162"}],"wp:term":[{"taxonomy":"category","embeddable":true,"href":"https:\/\/www.ceipmaestrorafaelbravomartin.es\/index.php?rest_route=%2Fwp%2Fv2%2Fcategories&post=162"},{"taxonomy":"post_tag","embeddable":true,"href":"https:\/\/www.ceipmaestrorafaelbravomartin.es\/index.php?rest_route=%2Fwp%2Fv2%2Ftags&post=162"}],"curies":[{"name":"wp","href":"https:\/\/api.w.org\/{rel}","templated":true}]}}