{"id":1644,"date":"2017-01-18T16:57:12","date_gmt":"2017-01-18T15:57:12","guid":{"rendered":"http:\/\/www.ceipmaestrorafaelbravomartin.es\/?p=1644"},"modified":"2017-06-23T12:25:59","modified_gmt":"2017-06-23T10:25:59","slug":"rafael-cuarto-aniversario","status":"publish","type":"post","link":"https:\/\/www.ceipmaestrorafaelbravomartin.es\/?p=1644","title":{"rendered":"RAFAEL&#8230; cuarto aniversario."},"content":{"rendered":"<p style=\"text-align: center;\">Siempre te diferenciaste por tu car\u00e1cter, por tu apoyo&#8230;<\/p>\n<p style=\"text-align: center;\">aquellas personas que logramos conocerte tuvimos mucha suerte<\/p>\n<p style=\"text-align: center;\">por habernos cruzado contigo.<\/p>\n<p style=\"text-align: center;\">Hace ya cuatro a\u00f1os que no est\u00e1s aqu\u00ed, pero seguimos teni\u00e9ndote en nuestro pensamiento. Permaneces en tu COLE.<\/p>\n<p style=\"text-align: left;\"><a href=\"http:\/\/www.ceipmaestrorafaelbravomartin.es\/wp-content\/uploads\/2017\/01\/19-1-27.jpg\" rel=\"attachment wp-att-1645\"><img loading=\"lazy\" decoding=\"async\" data-attachment-id=\"1645\" data-permalink=\"https:\/\/www.ceipmaestrorafaelbravomartin.es\/?attachment_id=1645\" data-orig-file=\"https:\/\/www.ceipmaestrorafaelbravomartin.es\/wp-content\/uploads\/2017\/01\/19-1-27.jpg\" data-orig-size=\"3780,2772\" data-comments-opened=\"0\" data-image-meta=\"{&quot;aperture&quot;:&quot;0&quot;,&quot;credit&quot;:&quot;&quot;,&quot;camera&quot;:&quot;&quot;,&quot;caption&quot;:&quot;&quot;,&quot;created_timestamp&quot;:&quot;0&quot;,&quot;copyright&quot;:&quot;&quot;,&quot;focal_length&quot;:&quot;0&quot;,&quot;iso&quot;:&quot;0&quot;,&quot;shutter_speed&quot;:&quot;0&quot;,&quot;title&quot;:&quot;&quot;,&quot;orientation&quot;:&quot;1&quot;}\" data-image-title=\"19-1-27\" data-image-description=\"\" data-image-caption=\"\" data-medium-file=\"https:\/\/www.ceipmaestrorafaelbravomartin.es\/wp-content\/uploads\/2017\/01\/19-1-27-300x220.jpg\" data-large-file=\"https:\/\/www.ceipmaestrorafaelbravomartin.es\/wp-content\/uploads\/2017\/01\/19-1-27-1024x751.jpg\" class=\"aligncenter size-large wp-image-1645\" src=\"http:\/\/www.ceipmaestrorafaelbravomartin.es\/wp-content\/uploads\/2017\/01\/19-1-27-1024x751.jpg\" alt=\"19-1-27\" width=\"584\" height=\"428\" srcset=\"https:\/\/www.ceipmaestrorafaelbravomartin.es\/wp-content\/uploads\/2017\/01\/19-1-27-1024x751.jpg 1024w, https:\/\/www.ceipmaestrorafaelbravomartin.es\/wp-content\/uploads\/2017\/01\/19-1-27-300x220.jpg 300w, https:\/\/www.ceipmaestrorafaelbravomartin.es\/wp-content\/uploads\/2017\/01\/19-1-27-768x563.jpg 768w, https:\/\/www.ceipmaestrorafaelbravomartin.es\/wp-content\/uploads\/2017\/01\/19-1-27-409x300.jpg 409w\" sizes=\"auto, (max-width: 584px) 100vw, 584px\" \/><\/a><\/p>\n<p><strong>Seguimos recordando que nuestro cole decidi\u00f3 unirse a la campa\u00f1a de C\u00e1ritas 1Kg hace tres cursos y que esta se llevase a cabo en fechas cercanas al 19 de enero, este coincide con dicha fecha.<\/strong><\/p>\n<p style=\"text-align: center;\">Como podemos ver los miembros de C\u00e1ritas han estado hoy en nuestro Centro, informando al alumnado de la labor que llevan a cabo.<\/p>\n<p style=\"text-align: center;\"><a href=\"http:\/\/www.ceipmaestrorafaelbravomartin.es\/wp-content\/uploads\/2017\/01\/IMG_20170119_104724.jpg\" rel=\"attachment wp-att-1650\"><img loading=\"lazy\" decoding=\"async\" data-attachment-id=\"1650\" data-permalink=\"https:\/\/www.ceipmaestrorafaelbravomartin.es\/?attachment_id=1650\" data-orig-file=\"https:\/\/www.ceipmaestrorafaelbravomartin.es\/wp-content\/uploads\/2017\/01\/IMG_20170119_104724.jpg\" data-orig-size=\"4640,2610\" data-comments-opened=\"0\" data-image-meta=\"{&quot;aperture&quot;:&quot;2&quot;,&quot;credit&quot;:&quot;&quot;,&quot;camera&quot;:&quot;ONEPLUS A3003&quot;,&quot;caption&quot;:&quot;&quot;,&quot;created_timestamp&quot;:&quot;1484822844&quot;,&quot;copyright&quot;:&quot;&quot;,&quot;focal_length&quot;:&quot;4.26&quot;,&quot;iso&quot;:&quot;500&quot;,&quot;shutter_speed&quot;:&quot;0.05&quot;,&quot;title&quot;:&quot;&quot;,&quot;orientation&quot;:&quot;0&quot;}\" data-image-title=\"IMG_20170119_104724\" data-image-description=\"\" data-image-caption=\"\" data-medium-file=\"https:\/\/www.ceipmaestrorafaelbravomartin.es\/wp-content\/uploads\/2017\/01\/IMG_20170119_104724-300x169.jpg\" data-large-file=\"https:\/\/www.ceipmaestrorafaelbravomartin.es\/wp-content\/uploads\/2017\/01\/IMG_20170119_104724-1024x576.jpg\" class=\"aligncenter size-large wp-image-1650\" src=\"http:\/\/www.ceipmaestrorafaelbravomartin.es\/wp-content\/uploads\/2017\/01\/IMG_20170119_104724-1024x576.jpg\" alt=\"IMG_20170119_104724\" width=\"584\" height=\"329\" srcset=\"https:\/\/www.ceipmaestrorafaelbravomartin.es\/wp-content\/uploads\/2017\/01\/IMG_20170119_104724-1024x576.jpg 1024w, https:\/\/www.ceipmaestrorafaelbravomartin.es\/wp-content\/uploads\/2017\/01\/IMG_20170119_104724-300x169.jpg 300w, https:\/\/www.ceipmaestrorafaelbravomartin.es\/wp-content\/uploads\/2017\/01\/IMG_20170119_104724-768x432.jpg 768w, https:\/\/www.ceipmaestrorafaelbravomartin.es\/wp-content\/uploads\/2017\/01\/IMG_20170119_104724-500x281.jpg 500w\" sizes=\"auto, (max-width: 584px) 100vw, 584px\" \/><\/a><\/p>\n","protected":false},"excerpt":{"rendered":"<p>Siempre te diferenciaste por tu car\u00e1cter, por tu apoyo&#8230; aquellas personas que logramos conocerte tuvimos mucha suerte por habernos cruzado contigo. Hace ya cuatro a\u00f1os que no est\u00e1s aqu\u00ed, pero seguimos teni\u00e9ndote en nuestro pensamiento. Permaneces en tu COLE. Seguimos recordando que nuestro cole decidi\u00f3 unirse a la campa\u00f1a de [&hellip;]<\/p>\n","protected":false},"author":4,"featured_media":0,"comment_status":"closed","ping_status":"closed","sticky":false,"template":"","format":"standard","meta":{"jetpack_post_was_ever_published":false,"_jetpack_newsletter_access":"","_jetpack_dont_email_post_to_subs":false,"_jetpack_newsletter_tier_id":0,"_jetpack_memberships_contains_paywalled_content":false,"_jetpack_memberships_contains_paid_content":false,"footnotes":""},"categories":[24,10],"tags":[],"class_list":["post-1644","post","type-post","status-publish","format-standard","hentry","category-c59-dedicatorias","category-centro"],"jetpack_featured_media_url":"","jetpack_sharing_enabled":true,"jetpack_shortlink":"https:\/\/wp.me\/p9VlHp-qw","jetpack-related-posts":[{"id":1341,"url":"https:\/\/www.ceipmaestrorafaelbravomartin.es\/?p=1341","url_meta":{"origin":1644,"position":0},"title":"Rafael","author":"CEIP Maestro Rafael Bravo Mart\u00edn","date":"19 enero, 2016","format":false,"excerpt":"Gracias a toda la Comunidad Educativa de nuestro centro, tu voluntad, tu trabajo por un centro bien dotado, abierto, acogedor... sigue vivo, sigue creciendo y haciendo mejorar a todos los que en \u00e9l participamos. \u00a1 Gracias Rafael ! Queremos recordar que nuestro cole decidi\u00f3 unirse a la campa\u00f1a de C\u00e1ritas\u2026","rel":"","context":"En \u00abDedicatorias\u00bb","block_context":{"text":"Dedicatorias","link":"https:\/\/www.ceipmaestrorafaelbravomartin.es\/?cat=24"},"img":{"alt_text":"campa\u00f1a de c\u00e1ritas 2016","src":"https:\/\/i0.wp.com\/blogasuncion.es\/wp-content\/uploads\/2016\/01\/16-01-19-13-42-26-455_deco-1024x634.jpg?resize=350%2C200","width":350,"height":200},"classes":[]},{"id":643,"url":"https:\/\/www.ceipmaestrorafaelbravomartin.es\/?p=643","url_meta":{"origin":1644,"position":1},"title":"Campa\u00f1a de C\u00e1ritas","author":"CEIP Maestro Rafael Bravo Mart\u00edn","date":"19 enero, 2014","format":false,"excerpt":"Durante las Jornadas Culturales del pasado curso, por primera vez, se llev\u00f3 a cabo en nuestro centro una charla-coloquio al alumnado de 4\u00ba, 5\u00ba y 6\u00ba de primaria por parte de representantes de C\u00c1RITAS con objeto de concienciar a \u00e9ste de las necesidades de tantas personas y de la labor\u2026","rel":"","context":"En \u00abDedicatorias\u00bb","block_context":{"text":"Dedicatorias","link":"https:\/\/www.ceipmaestrorafaelbravomartin.es\/?cat=24"},"img":{"alt_text":"IMG_3252r","src":"https:\/\/i0.wp.com\/blogasuncion.es\/wp-content\/uploads\/2013\/01\/IMG_3252r.jpg?resize=350%2C200","width":350,"height":200},"classes":[]},{"id":657,"url":"https:\/\/www.ceipmaestrorafaelbravomartin.es\/?p=657","url_meta":{"origin":1644,"position":2},"title":"C\u00e1ritas","author":"CEIP Maestro Rafael Bravo Mart\u00edn","date":"8 febrero, 2014","format":false,"excerpt":"Hoy, 7 de febrero, se ha realizado la charla-coloquio anteriormente anunciada a cargo de tres representantes de C\u00c1RITAS. Han explicado la necesidad y la importancia de su labor y nos han mostrado su agradecimiento por nuestro apoyo y colaboraci\u00f3n. Destacamos el inter\u00e9s y entusiasmo de todos los asistententes a la\u2026","rel":"","context":"En \u00abEl centro\u00bb","block_context":{"text":"El centro","link":"https:\/\/www.ceipmaestrorafaelbravomartin.es\/?cat=10"},"img":{"alt_text":"","src":"","width":0,"height":0},"classes":[]},{"id":653,"url":"https:\/\/www.ceipmaestrorafaelbravomartin.es\/?p=653","url_meta":{"origin":1644,"position":3},"title":"30 DE ENERO","author":"CEIP Maestro Rafael Bravo Mart\u00edn","date":"30 enero, 2014","format":false,"excerpt":"Hoy 30 de enero hemos celebrado en nuestro centro el D\u00cdA ESCOLAR DE LA NO VIOLENCIA Y LA PAZ. M\u00faltiples actividades han llenado estos d\u00edas de valores nuestras aulas. Finalizando en un acto global de centro, que adem\u00e1s repercutir\u00e1 en la campa\u00f1a de C\u00c1RITAS cuya charla-coloquio, este curso, tendr\u00e1 lugar\u2026","rel":"","context":"En \u00abCelebraciones\u00bb","block_context":{"text":"Celebraciones","link":"https:\/\/www.ceipmaestrorafaelbravomartin.es\/?cat=42"},"img":{"alt_text":"","src":"","width":0,"height":0},"classes":[]},{"id":270,"url":"https:\/\/www.ceipmaestrorafaelbravomartin.es\/?p=270","url_meta":{"origin":1644,"position":4},"title":"Ntra. Sra. de la Asunci\u00f3n DE ROSA","author":"CEIP Maestro Rafael Bravo Mart\u00edn","date":"12 octubre, 2012","format":false,"excerpt":"Nosotras y nosotros, no pudimos te\u00f1ir nuestro Cole de rosa como el Santiago Bernabeu, El London Eye en Londres, o las Cataratas del Ni\u00e1gara, pero casi lo envolvimos con nuestros folios coloreados y personalizados, para mostrar nuestro apoyo a todas LAS NI\u00d1AS, que s\u00f3lo por el hecho de serlo, son\u2026","rel":"","context":"En \u00abEl centro\u00bb","block_context":{"text":"El centro","link":"https:\/\/www.ceipmaestrorafaelbravomartin.es\/?cat=10"},"img":{"alt_text":"","src":"https:\/\/i0.wp.com\/www.ceipmaestrorafaelbravomartin.es\/wp-content\/uploads\/2012\/10\/image-2-for-world-in-pictures-october-11-2012-gallery-77588212.jpg?resize=350%2C200&ssl=1","width":350,"height":200,"srcset":"https:\/\/i0.wp.com\/www.ceipmaestrorafaelbravomartin.es\/wp-content\/uploads\/2012\/10\/image-2-for-world-in-pictures-october-11-2012-gallery-77588212.jpg?resize=350%2C200&ssl=1 1x, https:\/\/i0.wp.com\/www.ceipmaestrorafaelbravomartin.es\/wp-content\/uploads\/2012\/10\/image-2-for-world-in-pictures-october-11-2012-gallery-77588212.jpg?resize=525%2C300&ssl=1 1.5x"},"classes":[]},{"id":1140,"url":"https:\/\/www.ceipmaestrorafaelbravomartin.es\/?p=1140","url_meta":{"origin":1644,"position":5},"title":"D\u00eda Mundial del Medio Ambiente","author":"CEIP Maestro Rafael Bravo Mart\u00edn","date":"5 junio, 2015","format":false,"excerpt":"\u201cEste a\u00f1o de transformaciones, esperamos ver grandes avances en lo que respecta al desarrollo sostenible y el cambio clim\u00e1tico, celebremos el D\u00eda Mundial del Medio Ambiente siendo m\u00e1s conscientes de nuestro impacto ecol\u00f3gico. Pensemos en las consecuencias que tienen para el medio ambiente las elecciones que hacemos. Seamos mejores custodios\u2026","rel":"","context":"En \u00abEl centro\u00bb","block_context":{"text":"El centro","link":"https:\/\/www.ceipmaestrorafaelbravomartin.es\/?cat=10"},"img":{"alt_text":"WED-2015","src":"https:\/\/i0.wp.com\/blogasuncion.es\/wp-content\/uploads\/2015\/06\/WED-2015.jpg?resize=350%2C200","width":350,"height":200},"classes":[]}],"_links":{"self":[{"href":"https:\/\/www.ceipmaestrorafaelbravomartin.es\/index.php?rest_route=\/wp\/v2\/posts\/1644","targetHints":{"allow":["GET"]}}],"collection":[{"href":"https:\/\/www.ceipmaestrorafaelbravomartin.es\/index.php?rest_route=\/wp\/v2\/posts"}],"about":[{"href":"https:\/\/www.ceipmaestrorafaelbravomartin.es\/index.php?rest_route=\/wp\/v2\/types\/post"}],"author":[{"embeddable":true,"href":"https:\/\/www.ceipmaestrorafaelbravomartin.es\/index.php?rest_route=\/wp\/v2\/users\/4"}],"replies":[{"embeddable":true,"href":"https:\/\/www.ceipmaestrorafaelbravomartin.es\/index.php?rest_route=%2Fwp%2Fv2%2Fcomments&post=1644"}],"version-history":[{"count":6,"href":"https:\/\/www.ceipmaestrorafaelbravomartin.es\/index.php?rest_route=\/wp\/v2\/posts\/1644\/revisions"}],"predecessor-version":[{"id":1712,"href":"https:\/\/www.ceipmaestrorafaelbravomartin.es\/index.php?rest_route=\/wp\/v2\/posts\/1644\/revisions\/1712"}],"wp:attachment":[{"href":"https:\/\/www.ceipmaestrorafaelbravomartin.es\/index.php?rest_route=%2Fwp%2Fv2%2Fmedia&parent=1644"}],"wp:term":[{"taxonomy":"category","embeddable":true,"href":"https:\/\/www.ceipmaestrorafaelbravomartin.es\/index.php?rest_route=%2Fwp%2Fv2%2Fcategories&post=1644"},{"taxonomy":"post_tag","embeddable":true,"href":"https:\/\/www.ceipmaestrorafaelbravomartin.es\/index.php?rest_route=%2Fwp%2Fv2%2Ftags&post=1644"}],"curies":[{"name":"wp","href":"https:\/\/api.w.org\/{rel}","templated":true}]}}