{"id":165,"date":"2011-06-24T15:43:42","date_gmt":"2011-06-24T13:43:42","guid":{"rendered":"http:\/\/blogasuncion.es\/?p=165"},"modified":"2014-10-15T16:41:17","modified_gmt":"2014-10-15T14:41:17","slug":"viaje-fin-de-curso-sextos-20102011-2","status":"publish","type":"post","link":"https:\/\/www.ceipmaestrorafaelbravomartin.es\/?p=165","title":{"rendered":"Viaje Fin de Curso SEXTOS  2010\/2011"},"content":{"rendered":"<p><em> <\/em><\/p>\n<p>\u00a0<\/p>\n<p style=\"text-align: center;\">\u00a0<\/p>\n<div>\n<object codebase=\"http:\/\/download.macromedia.com\/pub\/shockwave\/cabs\/flash\/swflash.cab#version=10,0,32,18\" classid=\"clsid:d27cdb6e-ae6d-11cf-96b8-444553540000\" type=\"application\/x-shockwave-flash\" height=\"420\" width=\"560\" style=\"display: block; margin-left: auto; margin-right: auto;\"><param name=\"wmode\" value=\"transparent\" \/><param name=\"allowFullScreen\" value=\"true\" \/><param name=\"src\" value=\"http:\/\/pf.kizoa.com\/sflite.swf?did=1797419&amp;k=8095002\" \/>&nbsp;<\/embed>&nbsp;<\/object><br \/>\n&nbsp;<\/div>\n<div><\/div>\n<div><\/div>\n<div style=\"text-align: right;\"><em><span style=\"font-size: 12pt;\">M\u00aa Jes\u00fas y \u00c1ngel&nbsp;&nbsp;<\/span><\/em>&nbsp;&nbsp;&nbsp;<\/div>\n<div style=\"text-align: left;\">{jcomments on}&nbsp;&nbsp;&nbsp;&nbsp;<\/div>\n","protected":false},"excerpt":{"rendered":"<p style=\"text-align: center;\"><span style=\"font-size: 10pt;\"><em>Un a\u00f1o m\u00e1s, los alumnos y alumnas de 6\u00ba han realizado el viaje de Fin de Primaria a las Caba\u00f1as de Cumbres Mayores.<\/em><\/span><\/p>\n<p style=\"text-align: center;\">\u00a0<\/p>\n<p style=\"text-align: center;\"><span style=\"font-size: 10pt;\"><em>Todos\/as se lo han pasado muy bien, participando en las actividades que los monitores y monitoras les propon\u00edan (tambi\u00e9n la maestra y el maestro).<\/em><\/span><\/p>\n<p style=\"text-align: center;\">\u00a0<\/p>\n<p style=\"text-align: center;\"><span style=\"font-size: 10pt;\"><em>Queremos destacar el excelente comportamiento de ni\u00f1os y ni\u00f1as en todo momento. <\/em><\/span><\/p>\n","protected":false},"author":4,"featured_media":0,"comment_status":"closed","ping_status":"closed","sticky":false,"template":"","format":"standard","meta":{"jetpack_post_was_ever_published":false,"_jetpack_newsletter_access":"","_jetpack_dont_email_post_to_subs":false,"_jetpack_newsletter_tier_id":0,"_jetpack_memberships_contains_paywalled_content":false,"_jetpack_memberships_contains_paid_content":false,"footnotes":""},"categories":[14],"tags":[],"class_list":["post-165","post","type-post","status-publish","format-standard","hentry","category-estraexcolares"],"jetpack_featured_media_url":"","jetpack_sharing_enabled":true,"jetpack_shortlink":"https:\/\/wp.me\/p9VlHp-2F","jetpack-related-posts":[{"id":164,"url":"https:\/\/www.ceipmaestrorafaelbravomartin.es\/?p=164","url_meta":{"origin":165,"position":0},"title":"Viaje Fin de Curso SEXTOS  2010\/2011","author":"CEIP Maestro Rafael Bravo Mart\u00edn","date":"24 junio, 2011","format":false,"excerpt":"Un a\u00f1o m\u00e1s, los alumnos y alumnas de 6\u00ba han realizado el viaje de Fin de Primaria a las Caba\u00f1as de Cumbres Mayores. \u00a0 Todos\/as se lo han pasado muy bien, participando en las actividades que los monitores y monitoras les propon\u00edan (tambi\u00e9n la maestra y el maestro). \u00a0 Queremos\u2026","rel":"","context":"En \u00abCurso 2010\/11\u00bb","block_context":{"text":"Curso 2010\/11","link":"https:\/\/www.ceipmaestrorafaelbravomartin.es\/?cat=40"},"img":{"alt_text":"","src":"","width":0,"height":0},"classes":[]},{"id":65,"url":"https:\/\/www.ceipmaestrorafaelbravomartin.es\/?p=65","url_meta":{"origin":165,"position":1},"title":"Excursi\u00f3n fin de curso de 6\u00ba de primaria.","author":"CEIP Maestro Rafael Bravo Mart\u00edn","date":"19 junio, 2010","format":false,"excerpt":"Un a\u00f1o m\u00e1s los alumnos y alumnas de 6\u00ba han realizado el viaje de fin de curso a una Granja escuela, en esta ocasi\u00f3n a la Ca\u00f1\u00e1 de la Corchuela, en Cala (Huelva), durante los d\u00edas 16, 17 y 18 de junio, acompa\u00f1ados de dos maestras. Durante estos d\u00edas realizaron\u2026","rel":"","context":"En \u00abCurso 2009\/10\u00bb","block_context":{"text":"Curso 2009\/10","link":"https:\/\/www.ceipmaestrorafaelbravomartin.es\/?cat=27"},"img":{"alt_text":"","src":"","width":0,"height":0},"classes":[]},{"id":55,"url":"https:\/\/www.ceipmaestrorafaelbravomartin.es\/?p=55","url_meta":{"origin":165,"position":2},"title":"Excursi\u00f3n granja escuela del primer ciclo de primaria.","author":"CEIP Maestro Rafael Bravo Mart\u00edn","date":"19 abril, 2010","format":false,"excerpt":"El pasado lunes, 19 de Abril, los alumnos\/as del primer ciclo de nuestro colegio, visitamos la granja -escuela \u201cEncinar de Escardiel\u201d en la localidad de Castilblanco de los Arroyos.Salimos muy temprano y el viaje en el autob\u00fas fue algo accidentado por culpa de las curvas. Menos mal que por lo\u2026","rel":"","context":"En \u00abCurso 2009\/10\u00bb","block_context":{"text":"Curso 2009\/10","link":"https:\/\/www.ceipmaestrorafaelbravomartin.es\/?cat=27"},"img":{"alt_text":"","src":"","width":0,"height":0},"classes":[]},{"id":2035,"url":"https:\/\/www.ceipmaestrorafaelbravomartin.es\/?p=2035","url_meta":{"origin":165,"position":3},"title":"D\u00cdA INTERNACIONAL DE LA MUJER Y LA NI\u00d1A EN LA CIENCIA","author":"CEIP Maestro Rafael Bravo Mart\u00edn","date":"8 febrero, 2020","format":false,"excerpt":"En la actualidad, las mujeres y ni\u00f1as encuentran barreras de muchos tipos, a veces muy sutiles, que dificultan su presencia en la ciencia. El 15 de diciembre de 2015 la Asamblea General de las Naciones Unidas proclam\u00f3 el 11 de febrero\u00a0D\u00eda Internacional de la Mujer y la Ni\u00f1a en la\u2026","rel":"","context":"En \u00abCoeducaci\u00f3n\u00bb","block_context":{"text":"Coeducaci\u00f3n","link":"https:\/\/www.ceipmaestrorafaelbravomartin.es\/?cat=114"},"img":{"alt_text":"","src":"https:\/\/i0.wp.com\/www.ceipmaestrorafaelbravomartin.es\/wp-content\/uploads\/2020\/02\/Cartel-Isabel-Fern%C3%A1ndez.jpg?resize=350%2C200&ssl=1","width":350,"height":200,"srcset":"https:\/\/i0.wp.com\/www.ceipmaestrorafaelbravomartin.es\/wp-content\/uploads\/2020\/02\/Cartel-Isabel-Fern%C3%A1ndez.jpg?resize=350%2C200&ssl=1 1x, https:\/\/i0.wp.com\/www.ceipmaestrorafaelbravomartin.es\/wp-content\/uploads\/2020\/02\/Cartel-Isabel-Fern%C3%A1ndez.jpg?resize=525%2C300&ssl=1 1.5x, https:\/\/i0.wp.com\/www.ceipmaestrorafaelbravomartin.es\/wp-content\/uploads\/2020\/02\/Cartel-Isabel-Fern%C3%A1ndez.jpg?resize=700%2C400&ssl=1 2x, https:\/\/i0.wp.com\/www.ceipmaestrorafaelbravomartin.es\/wp-content\/uploads\/2020\/02\/Cartel-Isabel-Fern%C3%A1ndez.jpg?resize=1050%2C600&ssl=1 3x, https:\/\/i0.wp.com\/www.ceipmaestrorafaelbravomartin.es\/wp-content\/uploads\/2020\/02\/Cartel-Isabel-Fern%C3%A1ndez.jpg?resize=1400%2C800&ssl=1 4x"},"classes":[]},{"id":14,"url":"https:\/\/www.ceipmaestrorafaelbravomartin.es\/?p=14","url_meta":{"origin":165,"position":4},"title":"Nota informativa: actividades extraescolares","author":"CEIP Maestro Rafael Bravo Mart\u00edn","date":"13 octubre, 2010","format":false,"excerpt":"Estimados padres y madres,Desde el AMPA queremos informaros de las actividades extraescolares que se llevar\u00e1n a cabo a partir del 15 de Octubre. Cada una de ellas ser\u00e1 dos d\u00edas a la semana, una hora al d\u00eda, por las tardes a partir de las 16:00 h.","rel":"","context":"En \u00abA.M.P.A.\u00bb","block_context":{"text":"A.M.P.A.","link":"https:\/\/www.ceipmaestrorafaelbravomartin.es\/?cat=15"},"img":{"alt_text":"","src":"","width":0,"height":0},"classes":[]},{"id":3031,"url":"https:\/\/www.ceipmaestrorafaelbravomartin.es\/?p=3031","url_meta":{"origin":165,"position":5},"title":"D\u00eda Internacional de la Mujer","author":"CEIP Maestro Rafael Bravo Mart\u00edn","date":"7 abril, 2021","format":false,"excerpt":"El d\u00eda 8 de marzo se conmemora la lucha de la mujer por su participaci\u00f3n en la sociedad y su desarrollo \u00edntegro como persona, en pos de la igualdad con el hombre. La sociedad no deja de avanzar, seguimos obteniendo derechos yreconocimientos y la lucha cada vez es m\u00e1s generalizada.\u2026","rel":"","context":"En \u00abCoeducaci\u00f3n\u00bb","block_context":{"text":"Coeducaci\u00f3n","link":"https:\/\/www.ceipmaestrorafaelbravomartin.es\/?cat=114"},"img":{"alt_text":"","src":"https:\/\/i0.wp.com\/www.ceipmaestrorafaelbravomartin.es\/wp-content\/uploads\/2021\/04\/WhatsApp-Image-2021-03-10-at-21.19.53-150x150.jpeg?resize=350%2C200&ssl=1","width":350,"height":200,"srcset":"https:\/\/i0.wp.com\/www.ceipmaestrorafaelbravomartin.es\/wp-content\/uploads\/2021\/04\/WhatsApp-Image-2021-03-10-at-21.19.53-150x150.jpeg?resize=350%2C200&ssl=1 1x, https:\/\/i0.wp.com\/www.ceipmaestrorafaelbravomartin.es\/wp-content\/uploads\/2021\/04\/WhatsApp-Image-2021-03-10-at-21.19.53-150x150.jpeg?resize=525%2C300&ssl=1 1.5x, https:\/\/i0.wp.com\/www.ceipmaestrorafaelbravomartin.es\/wp-content\/uploads\/2021\/04\/WhatsApp-Image-2021-03-10-at-21.19.53-150x150.jpeg?resize=700%2C400&ssl=1 2x, https:\/\/i0.wp.com\/www.ceipmaestrorafaelbravomartin.es\/wp-content\/uploads\/2021\/04\/WhatsApp-Image-2021-03-10-at-21.19.53-150x150.jpeg?resize=1050%2C600&ssl=1 3x, https:\/\/i0.wp.com\/www.ceipmaestrorafaelbravomartin.es\/wp-content\/uploads\/2021\/04\/WhatsApp-Image-2021-03-10-at-21.19.53-150x150.jpeg?resize=1400%2C800&ssl=1 4x"},"classes":[]}],"_links":{"self":[{"href":"https:\/\/www.ceipmaestrorafaelbravomartin.es\/index.php?rest_route=\/wp\/v2\/posts\/165","targetHints":{"allow":["GET"]}}],"collection":[{"href":"https:\/\/www.ceipmaestrorafaelbravomartin.es\/index.php?rest_route=\/wp\/v2\/posts"}],"about":[{"href":"https:\/\/www.ceipmaestrorafaelbravomartin.es\/index.php?rest_route=\/wp\/v2\/types\/post"}],"author":[{"embeddable":true,"href":"https:\/\/www.ceipmaestrorafaelbravomartin.es\/index.php?rest_route=\/wp\/v2\/users\/4"}],"replies":[{"embeddable":true,"href":"https:\/\/www.ceipmaestrorafaelbravomartin.es\/index.php?rest_route=%2Fwp%2Fv2%2Fcomments&post=165"}],"version-history":[{"count":2,"href":"https:\/\/www.ceipmaestrorafaelbravomartin.es\/index.php?rest_route=\/wp\/v2\/posts\/165\/revisions"}],"predecessor-version":[{"id":1007,"href":"https:\/\/www.ceipmaestrorafaelbravomartin.es\/index.php?rest_route=\/wp\/v2\/posts\/165\/revisions\/1007"}],"wp:attachment":[{"href":"https:\/\/www.ceipmaestrorafaelbravomartin.es\/index.php?rest_route=%2Fwp%2Fv2%2Fmedia&parent=165"}],"wp:term":[{"taxonomy":"category","embeddable":true,"href":"https:\/\/www.ceipmaestrorafaelbravomartin.es\/index.php?rest_route=%2Fwp%2Fv2%2Fcategories&post=165"},{"taxonomy":"post_tag","embeddable":true,"href":"https:\/\/www.ceipmaestrorafaelbravomartin.es\/index.php?rest_route=%2Fwp%2Fv2%2Ftags&post=165"}],"curies":[{"name":"wp","href":"https:\/\/api.w.org\/{rel}","templated":true}]}}