{"id":167,"date":"2011-06-24T17:05:49","date_gmt":"2011-06-24T15:05:49","guid":{"rendered":"http:\/\/blogasuncion.es\/?p=167"},"modified":"2014-10-12T20:00:13","modified_gmt":"2014-10-12T18:00:13","slug":"infantil-se-despide-en-puerto-perico","status":"publish","type":"post","link":"https:\/\/www.ceipmaestrorafaelbravomartin.es\/?p=167","title":{"rendered":"Infantil se despide en Puerto Perico"},"content":{"rendered":"<p style=\"text-align: center;\"><span style=\"font-family: comic sans ms,sans-serif;\">EL PASADO MI\u00c9RCOLES  LOS ALUMNOS Y &nbsp;ALUMNAS DE EDUCACI\u00d2N INFANTIL&nbsp;&nbsp;QUISIMOS CELEBRAR NUESTRO  FINAL DE CURSO EN PUERTO PERICO.<\/span><\/p>\n<p style=\"text-align: center;\"><span style=\"font-family: comic sans ms,sans-serif;\">&nbsp; NOS LO PASAMOS&nbsp; A LO GRANDE&nbsp; METIDOS  EN UN MAR DE BOLAS DE TODOS LOS COLORES, <\/span><\/p>\n<p style=\"text-align: center;\"><span style=\"font-family: comic sans ms,sans-serif;\">DESLIZ\u00c0NDONOS POR LOS  TOBOGANES,<\/span><\/p>\n<p style=\"text-align: center;\"><span style=\"font-family: comic sans ms,sans-serif;\">SUSPENDI\u00c8NDONOS DE LAS CUERDAS AL ESTILO DE TARZ\u00c1N,SALTAMOS,  CORRIMOS&nbsp;BAILAMOS,ETC, ETC.<\/span><\/p>\n<p style=\"text-align: center;\"><span style=\"font-family: comic sans ms,sans-serif;\"><br \/><\/span><\/p>\n<p style=\"text-align: center;\"><span style=\"font-family: comic sans ms,sans-serif;\"> \u00a1QUE BIEN NOS LO PASAMOS!<\/span><br \/><span style=\"font-family: comic sans ms,sans-serif;\">\u00a1Y AHORA&nbsp;A DISFRUTAR DE LAS VACACIONES! <\/span><\/p>\n<p><\/p>\n<p>\u00a0<\/p>\n<p style=\"text-align: center;\">\u00a0<\/p>\n<p style=\"text-align: center;\"><a href=\"http:\/\/blogasuncion.es\/wp-content\/uploads\/2011\/06\/infantil1_0002%20copia.jpg\"><span style=\"font-family: comic sans ms,sans-serif;\"><img loading=\"lazy\" decoding=\"async\" src=\"http:\/\/blogasuncion.es\/wp-content\/uploads\/2011\/06\/infantil1_0002%20copia.jpg\" alt=\"infantil1_0002 copia\" height=\"428\" width=\"600\" \/><\/span><\/a><\/p>\n<p style=\"text-align: center;\">\u00a0<\/p>\n<p style=\"text-align: right;\"><span style=\"font-family: comic sans ms,sans-serif;\"><span style=\"font-size: 12pt;\"><strong>Ricardo &nbsp; &nbsp; &nbsp; &nbsp; &nbsp; &nbsp; &nbsp; &nbsp; &nbsp; &nbsp;<\/strong><\/span><br \/><\/span><\/p>\n<p style=\"text-align: center;\">\u00a0<\/p>\n<p style=\"text-align: center;\"><span style=\"font-family: comic sans ms,sans-serif;\">{jcomments on}<br \/><\/span><\/p>\n","protected":false},"excerpt":{"rendered":"<p>EL PASADO MI\u00c9RCOLES LOS ALUMNOS Y &nbsp;ALUMNAS DE EDUCACI\u00d2N INFANTIL&nbsp;&nbsp;QUISIMOS CELEBRAR NUESTRO FINAL DE CURSO EN PUERTO PERICO. &nbsp; NOS LO PASAMOS&nbsp; A LO GRANDE&nbsp; METIDOS EN UN MAR DE BOLAS DE TODOS LOS COLORES, DESLIZ\u00c0NDONOS POR LOS TOBOGANES, SUSPENDI\u00c8NDONOS DE LAS CUERDAS AL ESTILO DE TARZ\u00c1N,SALTAMOS, CORRIMOS&nbsp;BAILAMOS,ETC, ETC. \u00a1QUE [&hellip;]<\/p>\n","protected":false},"author":4,"featured_media":166,"comment_status":"closed","ping_status":"open","sticky":false,"template":"","format":"standard","meta":{"jetpack_post_was_ever_published":false,"_jetpack_newsletter_access":"","_jetpack_dont_email_post_to_subs":false,"_jetpack_newsletter_tier_id":0,"_jetpack_memberships_contains_paywalled_content":false,"_jetpack_memberships_contains_paid_content":false,"footnotes":""},"categories":[26],"tags":[],"class_list":["post-167","post","type-post","status-publish","format-standard","has-post-thumbnail","hentry","category-infantil"],"jetpack_featured_media_url":"https:\/\/www.ceipmaestrorafaelbravomartin.es\/wp-content\/uploads\/2011\/06\/infantil1_0002 copia.jpg","jetpack_sharing_enabled":true,"jetpack_shortlink":"https:\/\/wp.me\/p9VlHp-2H","jetpack-related-posts":[{"id":82,"url":"https:\/\/www.ceipmaestrorafaelbravomartin.es\/?p=82","url_meta":{"origin":167,"position":0},"title":"Reuni\u00f3n con las familias en Ed. Infantil","author":"CEIP Maestro Rafael Bravo Mart\u00edn","date":"29 noviembre, 2009","format":false,"excerpt":"El 26 de octubre del 2010 se llev\u00f3 a cabo la reuni\u00f3n con las \u00a0 familias del alumnado de Educaci\u00f3n Infantil. En ella se trataron entre otros los siguientes puntos:","rel":"","context":"En \u00abEducaci\u00f3n Infantil\u00bb","block_context":{"text":"Educaci\u00f3n Infantil","link":"https:\/\/www.ceipmaestrorafaelbravomartin.es\/?cat=26"},"img":{"alt_text":"*","src":"file:\/\/\/C:\/DOCUME~1\/ANGELO~1\/CONFIG~1\/Temp\/msohtml1\/01\/clip_image001.gif","width":350,"height":200},"classes":[]},{"id":2212,"url":"https:\/\/www.ceipmaestrorafaelbravomartin.es\/?p=2212","url_meta":{"origin":167,"position":1},"title":"Interrupci\u00f3n de procedimientos","author":"CEIP Maestro Rafael Bravo Mart\u00edn","date":"18 marzo, 2020","format":false,"excerpt":"De acuerdo con lo establecido en la Disposici\u00f3n adicional tercera del Real Decreto 463\/2020, de 14 de marzo, por el que se declara el estado de alarma para la gesti\u00f3n de la situaci\u00f3n de crisis sanitaria ocasionada por el COVID-19, se suspenden t\u00e9rminos y se interrumpen los plazos para la\u2026","rel":"","context":"En \u00abEstado de alarma\u00bb","block_context":{"text":"Estado de alarma","link":"https:\/\/www.ceipmaestrorafaelbravomartin.es\/?cat=122"},"img":{"alt_text":"","src":"","width":0,"height":0},"classes":[]},{"id":227,"url":"https:\/\/www.ceipmaestrorafaelbravomartin.es\/?p=227","url_meta":{"origin":167,"position":2},"title":"\u00abIngl\u00e9s en Infantil\u00bb","author":"CEIP Maestro Rafael Bravo Mart\u00edn","date":"22 febrero, 2012","format":false,"excerpt":"Aqu\u00ed ten\u00e9is un v\u00eddeo en el que se puede ver la forma que tenemos de trabajar el ingl\u00e9s en infantil; los ni\u00f1os y las ni\u00f1as aprenden en ingl\u00e9s vocabulario que trabajan en clase con las tutoras, ya que como anticipaci\u00f3n ling\u00fc\u00edstica, queremos que los contenidos vayan de la mano con\u2026","rel":"","context":"En \u00abEducaci\u00f3n Infantil\u00bb","block_context":{"text":"Educaci\u00f3n Infantil","link":"https:\/\/www.ceipmaestrorafaelbravomartin.es\/?cat=26"},"img":{"alt_text":"","src":"","width":0,"height":0},"classes":[]},{"id":230,"url":"https:\/\/www.ceipmaestrorafaelbravomartin.es\/?p=230","url_meta":{"origin":167,"position":3},"title":"D\u00eda de Andaluc\u00eda","author":"CEIP Maestro Rafael Bravo Mart\u00edn","date":"2 marzo, 2012","format":false,"excerpt":"Con motivo de la celebraci\u00f3n de Di\u00e1 de Andaluc\u00eda, en nuestro Centro se llevaron a cabo diversas actividades durante la semana previa al mismo. \u00a0 En Infantil se trabaj\u00f3 en clase con la ralizaci\u00f3n de diversas fichas. \u00a0 Primer Ciclo de Primaria particip\u00f3 en una Gymkana que organizamos desde el\u2026","rel":"","context":"En \u00abSin categor\u00eda\u00bb","block_context":{"text":"Sin categor\u00eda","link":"https:\/\/www.ceipmaestrorafaelbravomartin.es\/?cat=1"},"img":{"alt_text":"","src":"","width":0,"height":0},"classes":[]},{"id":303,"url":"https:\/\/www.ceipmaestrorafaelbravomartin.es\/?p=303","url_meta":{"origin":167,"position":4},"title":"Proceso de escolarizaci\u00f3n 2013\/2014","author":"CEIP Maestro Rafael Bravo Mart\u00edn","date":"21 febrero, 2013","format":false,"excerpt":"Normativa que regula los criterios y el procedimiento de admisi\u00f3n del alumnado en los centros docentes p\u00fablicos y privados concertados.\u00a0 DECRETO 40\/2011, de 22 de febrero, por el que se regulan los criterios y el procedimiento de admisi\u00f3n del alumnado en los centros docentes p\u00fablicos y privados concertados para cursar\u2026","rel":"","context":"En \u00abEl centro\u00bb","block_context":{"text":"El centro","link":"https:\/\/www.ceipmaestrorafaelbravomartin.es\/?cat=10"},"img":{"alt_text":"","src":"","width":0,"height":0},"classes":[]},{"id":687,"url":"https:\/\/www.ceipmaestrorafaelbravomartin.es\/?p=687","url_meta":{"origin":167,"position":5},"title":"Proceso de escolarizaci\u00f3n 2014\/2015","author":"CEIP Maestro Rafael Bravo Mart\u00edn","date":"4 marzo, 2014","format":false,"excerpt":"Normativa que regula los criterios y el procedimiento de admisi\u00f3n del alumnado en los centros docentes p\u00fablicos y privados concertados.\u00a0 DECRETO 40\/2011, de 22 de febrero, por el que se regulan los criterios y el procedimiento de admisi\u00f3n del alumnado en los centros docentes p\u00fablicos y privados concertados para cursar\u2026","rel":"","context":"En \u00abEl centro\u00bb","block_context":{"text":"El centro","link":"https:\/\/www.ceipmaestrorafaelbravomartin.es\/?cat=10"},"img":{"alt_text":"","src":"","width":0,"height":0},"classes":[]}],"_links":{"self":[{"href":"https:\/\/www.ceipmaestrorafaelbravomartin.es\/index.php?rest_route=\/wp\/v2\/posts\/167","targetHints":{"allow":["GET"]}}],"collection":[{"href":"https:\/\/www.ceipmaestrorafaelbravomartin.es\/index.php?rest_route=\/wp\/v2\/posts"}],"about":[{"href":"https:\/\/www.ceipmaestrorafaelbravomartin.es\/index.php?rest_route=\/wp\/v2\/types\/post"}],"author":[{"embeddable":true,"href":"https:\/\/www.ceipmaestrorafaelbravomartin.es\/index.php?rest_route=\/wp\/v2\/users\/4"}],"replies":[{"embeddable":true,"href":"https:\/\/www.ceipmaestrorafaelbravomartin.es\/index.php?rest_route=%2Fwp%2Fv2%2Fcomments&post=167"}],"version-history":[{"count":1,"href":"https:\/\/www.ceipmaestrorafaelbravomartin.es\/index.php?rest_route=\/wp\/v2\/posts\/167\/revisions"}],"predecessor-version":[{"id":911,"href":"https:\/\/www.ceipmaestrorafaelbravomartin.es\/index.php?rest_route=\/wp\/v2\/posts\/167\/revisions\/911"}],"wp:featuredmedia":[{"embeddable":true,"href":"https:\/\/www.ceipmaestrorafaelbravomartin.es\/index.php?rest_route=\/wp\/v2\/media\/166"}],"wp:attachment":[{"href":"https:\/\/www.ceipmaestrorafaelbravomartin.es\/index.php?rest_route=%2Fwp%2Fv2%2Fmedia&parent=167"}],"wp:term":[{"taxonomy":"category","embeddable":true,"href":"https:\/\/www.ceipmaestrorafaelbravomartin.es\/index.php?rest_route=%2Fwp%2Fv2%2Fcategories&post=167"},{"taxonomy":"post_tag","embeddable":true,"href":"https:\/\/www.ceipmaestrorafaelbravomartin.es\/index.php?rest_route=%2Fwp%2Fv2%2Ftags&post=167"}],"curies":[{"name":"wp","href":"https:\/\/api.w.org\/{rel}","templated":true}]}}