{"id":1682,"date":"2017-03-01T10:56:54","date_gmt":"2017-03-01T09:56:54","guid":{"rendered":"http:\/\/www.ceipmaestrorafaelbravomartin.es\/?p=1682"},"modified":"2017-03-01T10:56:54","modified_gmt":"2017-03-01T09:56:54","slug":"celebracion-del-dia-de-andalucia","status":"publish","type":"post","link":"https:\/\/www.ceipmaestrorafaelbravomartin.es\/?p=1682","title":{"rendered":"Celebraci\u00f3n del D\u00eda de Andaluc\u00eda."},"content":{"rendered":"<p>El pasado viernes 24 de febrero, conmemoramos en nuestro colegio el D\u00eda de Andaluc\u00eda. Entre otras actividades, cantamos el himno, tuvimos un desayuno andaluz e hicimos unas ventanas con diferentes paisajes de nuestra comunidad aut\u00f3noma (\u00abuna ventana al para\u00edso\u00bb), entre otras muchas actividades. Os dejamos el v\u00eddeo de \u00abuna ventana al para\u00edso\u00bb. Esperamos que os guste y&#8230; \u00a1Feliz D\u00eda de Andaluc\u00eda!<\/p>\n<p>&nbsp;<\/p>\n<p><span class=\"embed-youtube\" style=\"text-align:center; display: block;\"><iframe loading=\"lazy\" class=\"youtube-player\" width=\"750\" height=\"422\" src=\"https:\/\/www.youtube.com\/embed\/qB3wRcfgC20?version=3&#038;rel=1&#038;showsearch=0&#038;showinfo=1&#038;iv_load_policy=1&#038;fs=1&#038;hl=es-ES&#038;autohide=2&#038;wmode=transparent\" allowfullscreen=\"true\" style=\"border:0;\" sandbox=\"allow-scripts allow-same-origin allow-popups allow-presentation allow-popups-to-escape-sandbox\"><\/iframe><\/span><\/p>\n<p>Gracias a la AMPA, profesorado, alumnado y a toda la comunidad educativa que ha hecho posible esta gran celebraci\u00f3n.<\/p>\n","protected":false},"excerpt":{"rendered":"<p>El pasado viernes 24 de febrero, conmemoramos en nuestro colegio el D\u00eda de Andaluc\u00eda. Entre otras actividades, cantamos el himno, tuvimos un desayuno andaluz e hicimos unas ventanas con diferentes paisajes de nuestra comunidad aut\u00f3noma (\u00abuna ventana al para\u00edso\u00bb), entre otras muchas actividades. Os dejamos el v\u00eddeo de \u00abuna ventana [&hellip;]<\/p>\n","protected":false},"author":6,"featured_media":0,"comment_status":"closed","ping_status":"closed","sticky":false,"template":"","format":"standard","meta":{"jetpack_post_was_ever_published":false,"_jetpack_newsletter_access":"","_jetpack_dont_email_post_to_subs":false,"_jetpack_newsletter_tier_id":0,"_jetpack_memberships_contains_paywalled_content":false,"_jetpack_memberships_contains_paid_content":false,"footnotes":""},"categories":[10,103,2],"tags":[],"class_list":["post-1682","post","type-post","status-publish","format-standard","hentry","category-centro","category-eventos","category-info"],"jetpack_featured_media_url":"","jetpack_sharing_enabled":true,"jetpack_shortlink":"https:\/\/wp.me\/p9VlHp-r8","jetpack-related-posts":[{"id":230,"url":"https:\/\/www.ceipmaestrorafaelbravomartin.es\/?p=230","url_meta":{"origin":1682,"position":0},"title":"D\u00eda de Andaluc\u00eda","author":"CEIP Maestro Rafael Bravo Mart\u00edn","date":"2 marzo, 2012","format":false,"excerpt":"Con motivo de la celebraci\u00f3n de Di\u00e1 de Andaluc\u00eda, en nuestro Centro se llevaron a cabo diversas actividades durante la semana previa al mismo. \u00a0 En Infantil se trabaj\u00f3 en clase con la ralizaci\u00f3n de diversas fichas. \u00a0 Primer Ciclo de Primaria particip\u00f3 en una Gymkana que organizamos desde el\u2026","rel":"","context":"En \u00abSin categor\u00eda\u00bb","block_context":{"text":"Sin categor\u00eda","link":"https:\/\/www.ceipmaestrorafaelbravomartin.es\/?cat=1"},"img":{"alt_text":"","src":"","width":0,"height":0},"classes":[]},{"id":674,"url":"https:\/\/www.ceipmaestrorafaelbravomartin.es\/?p=674","url_meta":{"origin":1682,"position":1},"title":"D\u00eda de Andaluc\u00eda 2014","author":"CEIP Maestro Rafael Bravo Mart\u00edn","date":"26 febrero, 2014","format":false,"excerpt":"Con motivo de la celebraci\u00f3n del D\u00eda de Andaluc\u00eda, se han realizado en nuestro Centro diversos trabajos y actividades. En el siguiente v\u00eddeo, dejamos una peque\u00f1a muestra de lo realizado en los niveles de 4\u00ba y 6\u00ba de Primaria. Los grupos de 4\u00ba han realizado trabajos de investigaci\u00f3n sobre el\u2026","rel":"","context":"En \u00abNoticiero\u00bb","block_context":{"text":"Noticiero","link":"https:\/\/www.ceipmaestrorafaelbravomartin.es\/?cat=3"},"img":{"alt_text":"","src":"","width":0,"height":0},"classes":[]},{"id":214,"url":"https:\/\/www.ceipmaestrorafaelbravomartin.es\/?p=214","url_meta":{"origin":1682,"position":2},"title":"Celebraci\u00f3n del D\u00eda de la Constituci\u00f3n","author":"CEIP Maestro Rafael Bravo Mart\u00edn","date":"12 diciembre, 2011","format":false,"excerpt":"Este a\u00f1o, en nuestro Centro se han realizado diversas actividades para celebrar el XXXIII Aniversario de la Constituci\u00f3n Espa\u00f1ola. El d\u00eda de la Constituci\u00f3n es festivo (6 de Diciembre), y se conmemora la celebraci\u00f3n del Refer\u00e9ndum Constitucional de 1978, en el que el pueblo espa\u00f1ol la aprob\u00f3 por amplia mayor\u00eda.\u2026","rel":"","context":"En \u00abCurso 2011\/12\u00bb","block_context":{"text":"Curso 2011\/12","link":"https:\/\/www.ceipmaestrorafaelbravomartin.es\/?cat=45"},"img":{"alt_text":"","src":"https:\/\/i0.wp.com\/www.ceipmaestrorafaelbravomartin.es\/wp-content\/uploads\/2011\/12\/Captura%2Bde%2Bpantalla%2B2011-12-04%2Ba%2Blas%2B19.31.33.png?resize=350%2C200&ssl=1","width":350,"height":200},"classes":[]},{"id":1582,"url":"https:\/\/www.ceipmaestrorafaelbravomartin.es\/?p=1582","url_meta":{"origin":1682,"position":3},"title":"Celebramos el trig\u00e9simo aniversario de nuestra Biblioteca Municipal","author":"CEIP Maestro Rafael Bravo Mart\u00edn","date":"21 noviembre, 2016","format":false,"excerpt":"La Biblioteca Municipal de Alcal\u00e1 del R\u00edo cumple 30 a\u00f1os y la Delegaci\u00f3n de Cultura est\u00e1 realizando actividades de fomento de la lectura en el marco de dicha celebraci\u00f3n. El alumnado de 5\u00ba de Primaria del CEIP Maestro Rafael Bravo Mart\u00edn ha realizado una actividad de decoraci\u00f3n de piedras que\u2026","rel":"","context":"En \u00abEl centro\u00bb","block_context":{"text":"El centro","link":"https:\/\/www.ceipmaestrorafaelbravomartin.es\/?cat=10"},"img":{"alt_text":"","src":"","width":0,"height":0},"classes":[]},{"id":1368,"url":"https:\/\/www.ceipmaestrorafaelbravomartin.es\/?p=1368","url_meta":{"origin":1682,"position":4},"title":"D\u00eda de Andaluc\u00eda 2016","author":"CEIP Maestro Rafael Bravo Mart\u00edn","date":"24 febrero, 2016","format":false,"excerpt":"Con motivo de la celebraci\u00f3n del D\u00eda de Andaluc\u00eda, este a\u00f1o vamos a realizar el tradicional desayuno andaluz en colaboraci\u00f3n con nuestra AMPA. Tambi\u00e9n escucharemos y cantaremos el Himno de Andaluc\u00eda, acompa\u00f1ado por el alumnado de 6\u00ba con las flautas y el alumnado de 5\u00ba con cariocas verdiblancas. Los m\u00e1s\u2026","rel":"","context":"En \u00abEl centro\u00bb","block_context":{"text":"El centro","link":"https:\/\/www.ceipmaestrorafaelbravomartin.es\/?cat=10"},"img":{"alt_text":"Bandera-de-Andaluc\u00eda","src":"https:\/\/i0.wp.com\/blogasuncion.es\/wp-content\/uploads\/2016\/02\/Bandera-de-Andaluc%C3%ADa.jpg?resize=350%2C200","width":350,"height":200,"srcset":"https:\/\/i0.wp.com\/blogasuncion.es\/wp-content\/uploads\/2016\/02\/Bandera-de-Andaluc%C3%ADa.jpg?resize=350%2C200 1x, https:\/\/i0.wp.com\/blogasuncion.es\/wp-content\/uploads\/2016\/02\/Bandera-de-Andaluc%C3%ADa.jpg?resize=525%2C300 1.5x, https:\/\/i0.wp.com\/blogasuncion.es\/wp-content\/uploads\/2016\/02\/Bandera-de-Andaluc%C3%ADa.jpg?resize=700%2C400 2x"},"classes":[]},{"id":1822,"url":"https:\/\/www.ceipmaestrorafaelbravomartin.es\/?p=1822","url_meta":{"origin":1682,"position":5},"title":"D\u00eda de Andaluc\u00eda.","author":"CEIP Maestro Rafael Bravo Mart\u00edn","date":"28 febrero, 2018","format":false,"excerpt":"El d\u00eda de nuestra comunidad aut\u00f3noma es muy importante en nuestro colegio, por ello nos encanta celebrarlo. Este a\u00f1o en particular hemos querido colaborar con la ONG Save The Children con una carrera solidaria. Os queremos desear a todos y a todas un feliz d\u00eda de Andaluc\u00eda. https:\/\/youtu.be\/VvyedHsW-D4 \u00a0","rel":"","context":"En \u00abEl centro\u00bb","block_context":{"text":"El centro","link":"https:\/\/www.ceipmaestrorafaelbravomartin.es\/?cat=10"},"img":{"alt_text":"","src":"https:\/\/i0.wp.com\/img.youtube.com\/vi\/VvyedHsW-D4\/0.jpg?resize=350%2C200","width":350,"height":200},"classes":[]}],"_links":{"self":[{"href":"https:\/\/www.ceipmaestrorafaelbravomartin.es\/index.php?rest_route=\/wp\/v2\/posts\/1682","targetHints":{"allow":["GET"]}}],"collection":[{"href":"https:\/\/www.ceipmaestrorafaelbravomartin.es\/index.php?rest_route=\/wp\/v2\/posts"}],"about":[{"href":"https:\/\/www.ceipmaestrorafaelbravomartin.es\/index.php?rest_route=\/wp\/v2\/types\/post"}],"author":[{"embeddable":true,"href":"https:\/\/www.ceipmaestrorafaelbravomartin.es\/index.php?rest_route=\/wp\/v2\/users\/6"}],"replies":[{"embeddable":true,"href":"https:\/\/www.ceipmaestrorafaelbravomartin.es\/index.php?rest_route=%2Fwp%2Fv2%2Fcomments&post=1682"}],"version-history":[{"count":2,"href":"https:\/\/www.ceipmaestrorafaelbravomartin.es\/index.php?rest_route=\/wp\/v2\/posts\/1682\/revisions"}],"predecessor-version":[{"id":1684,"href":"https:\/\/www.ceipmaestrorafaelbravomartin.es\/index.php?rest_route=\/wp\/v2\/posts\/1682\/revisions\/1684"}],"wp:attachment":[{"href":"https:\/\/www.ceipmaestrorafaelbravomartin.es\/index.php?rest_route=%2Fwp%2Fv2%2Fmedia&parent=1682"}],"wp:term":[{"taxonomy":"category","embeddable":true,"href":"https:\/\/www.ceipmaestrorafaelbravomartin.es\/index.php?rest_route=%2Fwp%2Fv2%2Fcategories&post=1682"},{"taxonomy":"post_tag","embeddable":true,"href":"https:\/\/www.ceipmaestrorafaelbravomartin.es\/index.php?rest_route=%2Fwp%2Fv2%2Ftags&post=1682"}],"curies":[{"name":"wp","href":"https:\/\/api.w.org\/{rel}","templated":true}]}}