{"id":1690,"date":"2017-03-31T10:44:05","date_gmt":"2017-03-31T08:44:05","guid":{"rendered":"http:\/\/www.ceipmaestrorafaelbravomartin.es\/?p=1690"},"modified":"2017-03-31T10:44:05","modified_gmt":"2017-03-31T08:44:05","slug":"jornada-de-convivencia-2017","status":"publish","type":"post","link":"https:\/\/www.ceipmaestrorafaelbravomartin.es\/?p=1690","title":{"rendered":"Jornada de convivencia 2017."},"content":{"rendered":"<p>Ya es una costumbre en nuestro colegio, celebrar un d\u00eda de puertas abiertas donde familias, profesorado y comunidad educativa en general, compartimos unos ratos de risas, actividades y buena comida. Aqu\u00ed pod\u00e9is ver un resumen del d\u00eda. Gracias al AMPA Asunci\u00f3n por su inestimable colaboraci\u00f3n y a la comunidad educativa por que sin ustedes no ser\u00eda posible.<\/p>\n<p><span class=\"embed-youtube\" style=\"text-align:center; display: block;\"><iframe loading=\"lazy\" class=\"youtube-player\" width=\"750\" height=\"422\" src=\"https:\/\/www.youtube.com\/embed\/d65PtucVfbk?version=3&#038;rel=1&#038;showsearch=0&#038;showinfo=1&#038;iv_load_policy=1&#038;fs=1&#038;hl=es-ES&#038;autohide=2&#038;wmode=transparent\" allowfullscreen=\"true\" style=\"border:0;\" sandbox=\"allow-scripts allow-same-origin allow-popups allow-presentation allow-popups-to-escape-sandbox\"><\/iframe><\/span><\/p>\n<p>\u00a1Nos vemos el a\u00f1o que viene!<\/p>\n<p>&nbsp;<\/p>\n<p>&nbsp;<\/p>\n","protected":false},"excerpt":{"rendered":"<p>Ya es una costumbre en nuestro colegio, celebrar un d\u00eda de puertas abiertas donde familias, profesorado y comunidad educativa en general, compartimos unos ratos de risas, actividades y buena comida. Aqu\u00ed pod\u00e9is ver un resumen del d\u00eda. Gracias al AMPA Asunci\u00f3n por su inestimable colaboraci\u00f3n y a la comunidad educativa [&hellip;]<\/p>\n","protected":false},"author":6,"featured_media":0,"comment_status":"closed","ping_status":"closed","sticky":false,"template":"","format":"standard","meta":{"jetpack_post_was_ever_published":false,"_jetpack_newsletter_access":"","_jetpack_dont_email_post_to_subs":false,"_jetpack_newsletter_tier_id":0,"_jetpack_memberships_contains_paywalled_content":false,"_jetpack_memberships_contains_paid_content":false,"footnotes":""},"categories":[10,103],"tags":[],"class_list":["post-1690","post","type-post","status-publish","format-standard","hentry","category-centro","category-eventos"],"jetpack_featured_media_url":"","jetpack_sharing_enabled":true,"jetpack_shortlink":"https:\/\/wp.me\/p9VlHp-rg","jetpack-related-posts":[{"id":206,"url":"https:\/\/www.ceipmaestrorafaelbravomartin.es\/?p=206","url_meta":{"origin":1690,"position":0},"title":"Convocatoria Reuni\u00f3n Informativa a las familias sobre PASEN","author":"CEIP Maestro Rafael Bravo Mart\u00edn","date":"18 noviembre, 2011","format":false,"excerpt":"Se convoca a todos los padres, madres y\/o los tutores legales del alumnado de 4\u00ba, 5\u00ba y 6\u00ba de primaria a la reuni\u00f3n informativa que tendr\u00e1 lugar el pr\u00f3ximo martes d\u00eda 22 de noviembre a las 17 horas en el Sal\u00f3n de Usos M\u00faltiples del Centro. El motivo es dar\u2026","rel":"","context":"En \u00abNoticias TIC\u00bb","block_context":{"text":"Noticias TIC","link":"https:\/\/www.ceipmaestrorafaelbravomartin.es\/?cat=19"},"img":{"alt_text":"","src":"","width":0,"height":0},"classes":[]},{"id":1803,"url":"https:\/\/www.ceipmaestrorafaelbravomartin.es\/?p=1803","url_meta":{"origin":1690,"position":1},"title":"19 de enero de 2018","author":"CEIP Maestro Rafael Bravo Mart\u00edn","date":"19 enero, 2018","format":false,"excerpt":"El 19 de enero, es y seguir\u00e1 siendo un d\u00eda significativo para nuestra Comunidad Educativa,\u00a0por ello realizamos cada a\u00f1o una campa\u00f1a solidaria. Como en a\u00f1os anteriores, C\u00e1ritas nos ha transmitido el valor y el destino de su trabajo y de nuestras aportaciones con las personas necesitadas. A t\u00edtulo personal, hoy\u2026","rel":"","context":"En \u00abDedicatorias\u00bb","block_context":{"text":"Dedicatorias","link":"https:\/\/www.ceipmaestrorafaelbravomartin.es\/?cat=24"},"img":{"alt_text":"c\u00e1ritas","src":"https:\/\/i0.wp.com\/www.ceipmaestrorafaelbravomartin.es\/wp-content\/uploads\/2018\/01\/c%C3%A1ritas-1024x768.jpg?resize=350%2C200","width":350,"height":200,"srcset":"https:\/\/i0.wp.com\/www.ceipmaestrorafaelbravomartin.es\/wp-content\/uploads\/2018\/01\/c%C3%A1ritas-1024x768.jpg?resize=350%2C200 1x, https:\/\/i0.wp.com\/www.ceipmaestrorafaelbravomartin.es\/wp-content\/uploads\/2018\/01\/c%C3%A1ritas-1024x768.jpg?resize=525%2C300 1.5x"},"classes":[]},{"id":1682,"url":"https:\/\/www.ceipmaestrorafaelbravomartin.es\/?p=1682","url_meta":{"origin":1690,"position":2},"title":"Celebraci\u00f3n del D\u00eda de Andaluc\u00eda.","author":"CEIP Maestro Rafael Bravo Mart\u00edn","date":"1 marzo, 2017","format":false,"excerpt":"El pasado viernes 24 de febrero, conmemoramos en nuestro colegio el D\u00eda de Andaluc\u00eda. Entre otras actividades, cantamos el himno, tuvimos un desayuno andaluz e hicimos unas ventanas con diferentes paisajes de nuestra comunidad aut\u00f3noma (\"una ventana al para\u00edso\"), entre otras muchas actividades. Os dejamos el v\u00eddeo de \"una ventana\u2026","rel":"","context":"En \u00abEl centro\u00bb","block_context":{"text":"El centro","link":"https:\/\/www.ceipmaestrorafaelbravomartin.es\/?cat=10"},"img":{"alt_text":"","src":"https:\/\/i0.wp.com\/img.youtube.com\/vi\/qB3wRcfgC20\/0.jpg?resize=350%2C200","width":350,"height":200},"classes":[]},{"id":201,"url":"https:\/\/www.ceipmaestrorafaelbravomartin.es\/?p=201","url_meta":{"origin":1690,"position":3},"title":"Convocatoria Reuni\u00f3n Informativa a las familias sobre PASEN","author":"CEIP Maestro Rafael Bravo Mart\u00edn","date":"9 noviembre, 2011","format":false,"excerpt":"Se convoca a todos los padres, madres y\/o los tutores legales del alumnado de 1\u00ba, 2\u00ba, y 3\u00ba de primaria a la reuni\u00f3n informativa que tendr\u00e1 lugar el pr\u00f3ximo martes d\u00eda 15 de noviembre a las 17 horas en el Sal\u00f3n de Usos M\u00faltiples del Centro. El motivo es dar\u2026","rel":"","context":"En \u00abNoticias TIC\u00bb","block_context":{"text":"Noticias TIC","link":"https:\/\/www.ceipmaestrorafaelbravomartin.es\/?cat=19"},"img":{"alt_text":"","src":"","width":0,"height":0},"classes":[]},{"id":230,"url":"https:\/\/www.ceipmaestrorafaelbravomartin.es\/?p=230","url_meta":{"origin":1690,"position":4},"title":"D\u00eda de Andaluc\u00eda","author":"CEIP Maestro Rafael Bravo Mart\u00edn","date":"2 marzo, 2012","format":false,"excerpt":"Con motivo de la celebraci\u00f3n de Di\u00e1 de Andaluc\u00eda, en nuestro Centro se llevaron a cabo diversas actividades durante la semana previa al mismo. \u00a0 En Infantil se trabaj\u00f3 en clase con la ralizaci\u00f3n de diversas fichas. \u00a0 Primer Ciclo de Primaria particip\u00f3 en una Gymkana que organizamos desde el\u2026","rel":"","context":"En \u00abSin categor\u00eda\u00bb","block_context":{"text":"Sin categor\u00eda","link":"https:\/\/www.ceipmaestrorafaelbravomartin.es\/?cat=1"},"img":{"alt_text":"","src":"","width":0,"height":0},"classes":[]},{"id":1685,"url":"https:\/\/www.ceipmaestrorafaelbravomartin.es\/?p=1685","url_meta":{"origin":1690,"position":5},"title":"Carnaval 2017","author":"CEIP Maestro Rafael Bravo Mart\u00edn","date":"6 marzo, 2017","format":false,"excerpt":"Porque no todo es trabajar, en nuestro colegio nos lo pasamos muy bien. El pasado 3 de marzo celebramos el carnaval donde tuvimos la actuaci\u00f3n de una charanga y las actuaciones de las chirigotas de los sextos. Fue un d\u00eda muy divertido. https:\/\/youtu.be\/JmzhhtZ_CBI Nuestros agradecimiento a la AMPA Asunci\u00f3n y\u2026","rel":"","context":"En \u00abEl centro\u00bb","block_context":{"text":"El centro","link":"https:\/\/www.ceipmaestrorafaelbravomartin.es\/?cat=10"},"img":{"alt_text":"","src":"https:\/\/i0.wp.com\/img.youtube.com\/vi\/JmzhhtZ_CBI\/0.jpg?resize=350%2C200","width":350,"height":200},"classes":[]}],"_links":{"self":[{"href":"https:\/\/www.ceipmaestrorafaelbravomartin.es\/index.php?rest_route=\/wp\/v2\/posts\/1690","targetHints":{"allow":["GET"]}}],"collection":[{"href":"https:\/\/www.ceipmaestrorafaelbravomartin.es\/index.php?rest_route=\/wp\/v2\/posts"}],"about":[{"href":"https:\/\/www.ceipmaestrorafaelbravomartin.es\/index.php?rest_route=\/wp\/v2\/types\/post"}],"author":[{"embeddable":true,"href":"https:\/\/www.ceipmaestrorafaelbravomartin.es\/index.php?rest_route=\/wp\/v2\/users\/6"}],"replies":[{"embeddable":true,"href":"https:\/\/www.ceipmaestrorafaelbravomartin.es\/index.php?rest_route=%2Fwp%2Fv2%2Fcomments&post=1690"}],"version-history":[{"count":1,"href":"https:\/\/www.ceipmaestrorafaelbravomartin.es\/index.php?rest_route=\/wp\/v2\/posts\/1690\/revisions"}],"predecessor-version":[{"id":1691,"href":"https:\/\/www.ceipmaestrorafaelbravomartin.es\/index.php?rest_route=\/wp\/v2\/posts\/1690\/revisions\/1691"}],"wp:attachment":[{"href":"https:\/\/www.ceipmaestrorafaelbravomartin.es\/index.php?rest_route=%2Fwp%2Fv2%2Fmedia&parent=1690"}],"wp:term":[{"taxonomy":"category","embeddable":true,"href":"https:\/\/www.ceipmaestrorafaelbravomartin.es\/index.php?rest_route=%2Fwp%2Fv2%2Fcategories&post=1690"},{"taxonomy":"post_tag","embeddable":true,"href":"https:\/\/www.ceipmaestrorafaelbravomartin.es\/index.php?rest_route=%2Fwp%2Fv2%2Ftags&post=1690"}],"curies":[{"name":"wp","href":"https:\/\/api.w.org\/{rel}","templated":true}]}}