{"id":170,"date":"2011-06-27T18:40:24","date_gmt":"2011-06-27T16:40:24","guid":{"rendered":"http:\/\/blogasuncion.es\/?p=170"},"modified":"2014-10-12T19:59:53","modified_gmt":"2014-10-12T17:59:53","slug":"verbena-2011","status":"publish","type":"post","link":"https:\/\/www.ceipmaestrorafaelbravomartin.es\/?p=170","title":{"rendered":"Verbena 2011"},"content":{"rendered":"<\/p>\n<p style=\"text-align: center;\"><span style=\"font-family: comic sans ms,sans-serif; font-size: 12pt;\"><em>En ella han actuado todos los niveles, desde Infantil de 3 a\u00f1os, hasta 6\u00ba de Primaria.<\/em><\/span><\/p>\n<p style=\"text-align: center;\"><span style=\"font-family: comic sans ms,sans-serif; font-size: 12pt;\"><em>En todas las actuaciones pudimos ver lo mucho que han trabajado los alumnos y alumnas con sus maestros y maestras para que el resultado fuese lo mejor posible.<\/em><\/span><\/p>\n<p style=\"text-align: center;\">\u00a0<\/p>\n<p style=\"text-align: center;\"><span style=\"font-family: comic sans ms,sans-serif; font-size: 12pt;\"><em>Tambi\u00e9n hemos de destacar la buena organizaci\u00f3n de la misma y la colaboraci\u00f3n de padres y madres, para que todo saliese tan bien.<\/em><\/span><\/p>\n<p style=\"text-align: center; padding: 0px; margin: 0px;\">\u00a0<\/p>\n<p style=\"text-align: center; padding: 0px; margin: 0px;\"><span style=\"font-family: 'comic sans ms', sans-serif; font-size: 12pt;\"><em>Nos gustar\u00eda poner en nuestra web todas y cada una de las actuaciones, pero como no nos ha sido posible, os dejamos como muestra &nbsp;la actuaci\u00f3n de 1\u00ba B y &nbsp;como colof\u00f3n de la VERBENA&#8217;2011 el v\u00eddeo de \u00abEUROCOLE\u00bb, un popurr\u00ed de las canciones de Eurovisi\u00f3n, interpretado por alumnas y alumnos de 5\u00baA y 5\u00baB, bajo la direcci\u00f3n de Rafael.<\/em><\/span><\/p>\n<p style=\"text-align: center; padding: 0px; margin: 0px;\">\u00a0<\/p>\n<p style=\"text-align: center; padding: 0px; margin: 0px;\"><span style=\"font-family: 'comic sans ms', sans-serif; font-size: small;\" size=\"3\" face=\"'comic sans ms', sans-serif\"><i>&nbsp;<\/i><\/span><\/p>\n<p style=\"text-align: center;\">\u00a0<\/p>\n<p><object codebase=\"http:\/\/download.macromedia.com\/pub\/shockwave\/cabs\/flash\/swflash.cab#version=10,0,32,18\" classid=\"clsid:d27cdb6e-ae6d-11cf-96b8-444553540000\" type=\"application\/x-shockwave-flash\" height=\"349\" width=\"560\" style=\"display: block; margin-left: auto; margin-right: auto;\"><param name=\"allowFullScreen\" value=\"true\" \/><param name=\"allowscriptaccess\" value=\"always\" \/><param name=\"src\" value=\"http:\/\/www.youtube.com\/v\/JGnLpkK1fv8?version=3&amp;hl=es_ES&amp;rel=0\" \/>&nbsp;<\/object><br \/>\n&nbsp;  &nbsp;  &nbsp;  &nbsp;  &nbsp;  &nbsp;  &nbsp;  &nbsp;  &nbsp;  &nbsp;  &nbsp;  {jcomments on}<\/p>\n","protected":false},"excerpt":{"rendered":"<p style=\"text-align: center;\"><span style=\"font-family: 'comic sans ms', sans-serif; font-size: 16px;\"><em>El pasado viernes 24 de junio, nuestro Cole ha celebrado el final de curso con su tradicional Verbena.<\/em><\/span><\/p>\n<p style=\"text-align: center;\">\n","protected":false},"author":4,"featured_media":0,"comment_status":"closed","ping_status":"open","sticky":false,"template":"","format":"standard","meta":{"jetpack_post_was_ever_published":false,"_jetpack_newsletter_access":"","_jetpack_dont_email_post_to_subs":false,"_jetpack_newsletter_tier_id":0,"_jetpack_memberships_contains_paywalled_content":false,"_jetpack_memberships_contains_paid_content":false,"footnotes":""},"categories":[14],"tags":[],"class_list":["post-170","post","type-post","status-publish","format-standard","hentry","category-estraexcolares"],"jetpack_featured_media_url":"","jetpack_sharing_enabled":true,"jetpack_shortlink":"https:\/\/wp.me\/p9VlHp-2K","jetpack-related-posts":[{"id":1699,"url":"https:\/\/www.ceipmaestrorafaelbravomartin.es\/?p=1699","url_meta":{"origin":170,"position":0},"title":"Verbena de fin de curso 2017","author":"CEIP Maestro Rafael Bravo Mart\u00edn","date":"17 junio, 2017","format":false,"excerpt":"Se acerca el final de curso y que mejor forma de celebrarlo con nuestra tradicional verbena, se celebrar\u00e1 el pr\u00f3ximo viernes 23 de junio. La hora de inicio ser\u00e1 las 21:00 horas en el patio de nuestro colegio. Os animamos a todos y a todas a asistir, veremos bailes y\u2026","rel":"","context":"En \u00abA.M.P.A.\u00bb","block_context":{"text":"A.M.P.A.","link":"https:\/\/www.ceipmaestrorafaelbravomartin.es\/?cat=15"},"img":{"alt_text":"IMG-20170613-WA0005","src":"https:\/\/i0.wp.com\/www.ceipmaestrorafaelbravomartin.es\/wp-content\/uploads\/2017\/06\/IMG-20170613-WA0005-212x300.jpg?resize=350%2C200","width":350,"height":200},"classes":[]},{"id":326,"url":"https:\/\/www.ceipmaestrorafaelbravomartin.es\/?p=326","url_meta":{"origin":170,"position":1},"title":"VERBENA 2013","author":"CEIP Maestro Rafael Bravo Mart\u00edn","date":"23 junio, 2013","format":false,"excerpt":"El pasado viernes 21 de junio se celebr\u00f3 la verbena con la que finaliza el curso 2012-2013 que, por primera vez y a partir de ahora, pasa a denominarse VERBENA \"MAESTRO RAFAEL BRAVO\"; dedicada a \u00e9l. Dio comienzo comienzo con la bienvenida y agradecimientos de nuestra directora: \u00a0\u00a0 A continuaci\u00f3n\u2026","rel":"","context":"En \u00abDedicatorias\u00bb","block_context":{"text":"Dedicatorias","link":"https:\/\/www.ceipmaestrorafaelbravomartin.es\/?cat=24"},"img":{"alt_text":"","src":"","width":0,"height":0},"classes":[]},{"id":1126,"url":"https:\/\/www.ceipmaestrorafaelbravomartin.es\/?p=1126","url_meta":{"origin":170,"position":2},"title":"TEATRO EN INGL\u00c9S: THE STONE SOUP","author":"CEIP Maestro Rafael Bravo Mart\u00edn","date":"11 mayo, 2015","format":false,"excerpt":"Un a\u00f1o m\u00e1s los alumnos y alumnas del colegio nos deleitan haciendo teatro, una actividad que nos encanta y con la que aprendemos y nos divertimos a la vez. Este a\u00f1o la obra representada es \u00abThe Stone Soup\u00bb (La Sopa de Piedra), un cuento tradicional que nos ense\u00f1a a trabajar\u2026","rel":"","context":"En \u00abEl centro\u00bb","block_context":{"text":"El centro","link":"https:\/\/www.ceipmaestrorafaelbravomartin.es\/?cat=10"},"img":{"alt_text":"","src":"","width":0,"height":0},"classes":[]},{"id":324,"url":"https:\/\/www.ceipmaestrorafaelbravomartin.es\/?p=324","url_meta":{"origin":170,"position":3},"title":"1\u00aa VERBENA \u00abMAESTRO RAFAEL BRAVO\u00bb","author":"CEIP Maestro Rafael Bravo Mart\u00edn","date":"20 junio, 2013","format":false,"excerpt":"El viernes 21 de junio de 2013, os esperamos a todos y a todas en las pistas de nuestro cole. Celebramos la 1\u00aa Verbena \"Maestro Rafael Bravo\" A las 21:30 h. \u00a0\u00a0 ORDEN DE ACTUACIONES: 3 A\u00d1OS A: \"Vacaciones de verano\"\u00a0\u00a0\u00a0\u00a0\u00a0\u00a0\u00a0\u00a0\u00a0\u00a0\u00a0\u00a0\u00a0\u00a0\u00a0\u00a0\u00a0\u00a0\u00a0 3 A\u00d1OS B: \"Verano, verano\"\u00a0\u00a0\u00a0\u00a0\u00a0\u00a0\u00a0\u00a0\u00a0\u00a0\u00a0\u00a0\u00a0\u00a0\u00a0\u00a0\u00a0\u00a0\u00a0\u00a0\u00a0\u00a0\u00a0\u00a0\u00a0\u00a0\u00a0\u00a0\u00a0\u00a0\u00a0 3 A\u00d1OS C: \"El\u2026","rel":"","context":"En \u00abEl centro\u00bb","block_context":{"text":"El centro","link":"https:\/\/www.ceipmaestrorafaelbravomartin.es\/?cat=10"},"img":{"alt_text":"","src":"","width":0,"height":0},"classes":[]},{"id":254,"url":"https:\/\/www.ceipmaestrorafaelbravomartin.es\/?p=254","url_meta":{"origin":170,"position":4},"title":"Verbena 2012","author":"CEIP Maestro Rafael Bravo Mart\u00edn","date":"14 junio, 2012","format":false,"excerpt":"\u00a0 Sexto A y Sexto B, se despiden del Cole. \u00a0 Nos obsequian con las siguientes actuaciones en la Verbena de este curso. \u00a0 \u00a0 \u00a0\u00a0 {jcomments on} \u00a0","rel":"","context":"En \u00abCurso 2011\/12\u00bb","block_context":{"text":"Curso 2011\/12","link":"https:\/\/www.ceipmaestrorafaelbravomartin.es\/?cat=45"},"img":{"alt_text":"","src":"","width":0,"height":0},"classes":[]},{"id":270,"url":"https:\/\/www.ceipmaestrorafaelbravomartin.es\/?p=270","url_meta":{"origin":170,"position":5},"title":"Ntra. Sra. de la Asunci\u00f3n DE ROSA","author":"CEIP Maestro Rafael Bravo Mart\u00edn","date":"12 octubre, 2012","format":false,"excerpt":"Nosotras y nosotros, no pudimos te\u00f1ir nuestro Cole de rosa como el Santiago Bernabeu, El London Eye en Londres, o las Cataratas del Ni\u00e1gara, pero casi lo envolvimos con nuestros folios coloreados y personalizados, para mostrar nuestro apoyo a todas LAS NI\u00d1AS, que s\u00f3lo por el hecho de serlo, son\u2026","rel":"","context":"En \u00abEl centro\u00bb","block_context":{"text":"El centro","link":"https:\/\/www.ceipmaestrorafaelbravomartin.es\/?cat=10"},"img":{"alt_text":"","src":"https:\/\/i0.wp.com\/www.ceipmaestrorafaelbravomartin.es\/wp-content\/uploads\/2012\/10\/image-2-for-world-in-pictures-october-11-2012-gallery-77588212.jpg?resize=350%2C200&ssl=1","width":350,"height":200,"srcset":"https:\/\/i0.wp.com\/www.ceipmaestrorafaelbravomartin.es\/wp-content\/uploads\/2012\/10\/image-2-for-world-in-pictures-october-11-2012-gallery-77588212.jpg?resize=350%2C200&ssl=1 1x, https:\/\/i0.wp.com\/www.ceipmaestrorafaelbravomartin.es\/wp-content\/uploads\/2012\/10\/image-2-for-world-in-pictures-october-11-2012-gallery-77588212.jpg?resize=525%2C300&ssl=1 1.5x"},"classes":[]}],"_links":{"self":[{"href":"https:\/\/www.ceipmaestrorafaelbravomartin.es\/index.php?rest_route=\/wp\/v2\/posts\/170","targetHints":{"allow":["GET"]}}],"collection":[{"href":"https:\/\/www.ceipmaestrorafaelbravomartin.es\/index.php?rest_route=\/wp\/v2\/posts"}],"about":[{"href":"https:\/\/www.ceipmaestrorafaelbravomartin.es\/index.php?rest_route=\/wp\/v2\/types\/post"}],"author":[{"embeddable":true,"href":"https:\/\/www.ceipmaestrorafaelbravomartin.es\/index.php?rest_route=\/wp\/v2\/users\/4"}],"replies":[{"embeddable":true,"href":"https:\/\/www.ceipmaestrorafaelbravomartin.es\/index.php?rest_route=%2Fwp%2Fv2%2Fcomments&post=170"}],"version-history":[{"count":1,"href":"https:\/\/www.ceipmaestrorafaelbravomartin.es\/index.php?rest_route=\/wp\/v2\/posts\/170\/revisions"}],"predecessor-version":[{"id":909,"href":"https:\/\/www.ceipmaestrorafaelbravomartin.es\/index.php?rest_route=\/wp\/v2\/posts\/170\/revisions\/909"}],"wp:attachment":[{"href":"https:\/\/www.ceipmaestrorafaelbravomartin.es\/index.php?rest_route=%2Fwp%2Fv2%2Fmedia&parent=170"}],"wp:term":[{"taxonomy":"category","embeddable":true,"href":"https:\/\/www.ceipmaestrorafaelbravomartin.es\/index.php?rest_route=%2Fwp%2Fv2%2Fcategories&post=170"},{"taxonomy":"post_tag","embeddable":true,"href":"https:\/\/www.ceipmaestrorafaelbravomartin.es\/index.php?rest_route=%2Fwp%2Fv2%2Ftags&post=170"}],"curies":[{"name":"wp","href":"https:\/\/api.w.org\/{rel}","templated":true}]}}