{"id":1713,"date":"2017-06-30T12:50:09","date_gmt":"2017-06-30T10:50:09","guid":{"rendered":"http:\/\/www.ceipmaestrorafaelbravomartin.es\/?p=1713"},"modified":"2017-06-30T12:50:09","modified_gmt":"2017-06-30T10:50:09","slug":"materiales-curso-2017-2018","status":"publish","type":"post","link":"https:\/\/www.ceipmaestrorafaelbravomartin.es\/?p=1713","title":{"rendered":"Materiales curso 2017-2018"},"content":{"rendered":"<p>En la secci\u00f3n de documentos puedes encontrar el listado de material para el pr\u00f3ximo curso.<\/p>\n","protected":false},"excerpt":{"rendered":"<p>En la secci\u00f3n de documentos puedes encontrar el listado de material para el pr\u00f3ximo curso.<\/p>\n","protected":false},"author":6,"featured_media":0,"comment_status":"closed","ping_status":"closed","sticky":false,"template":"","format":"standard","meta":{"jetpack_post_was_ever_published":false,"_jetpack_newsletter_access":"","_jetpack_dont_email_post_to_subs":false,"_jetpack_newsletter_tier_id":0,"_jetpack_memberships_contains_paywalled_content":false,"_jetpack_memberships_contains_paid_content":false,"footnotes":""},"categories":[10,20,2],"tags":[],"class_list":["post-1713","post","type-post","status-publish","format-standard","hentry","category-centro","category-info-biblioteca","category-info"],"jetpack_featured_media_url":"","jetpack_sharing_enabled":true,"jetpack_shortlink":"https:\/\/wp.me\/p9VlHp-rD","jetpack-related-posts":[{"id":3378,"url":"https:\/\/www.ceipmaestrorafaelbravomartin.es\/?p=3378","url_meta":{"origin":1713,"position":0},"title":"Inicio de curso","author":"CEIP Maestro Rafael Bravo Mart\u00edn","date":"5 septiembre, 2023","format":false,"excerpt":"Estimadas familias, Se acerca el comienzo de las clases y el tan esperado inicio de curso escolar, os dejamos por aqu\u00ed la informaci\u00f3n relativa a la organizaci\u00f3n del primer d\u00eda lectivo en nuestra localidad (12 de septiembre). Os esperamos a todos\/as con muchas ganas de veros. Un cordial saludo. Informaci\u00f3n\u2026","rel":"","context":"En \u00abInformaci\u00f3n\u00bb","block_context":{"text":"Informaci\u00f3n","link":"https:\/\/www.ceipmaestrorafaelbravomartin.es\/?cat=20"},"img":{"alt_text":"","src":"","width":0,"height":0},"classes":[]},{"id":3293,"url":"https:\/\/www.ceipmaestrorafaelbravomartin.es\/?p=3293","url_meta":{"origin":1713,"position":1},"title":"Inicio de curso","author":"CEIP Maestro Rafael Bravo Mart\u00edn","date":"7 septiembre, 2022","format":false,"excerpt":"Estimadas familias, El pr\u00f3ximo martes 13 de septiembre se inicia el curso escolar en nuestro centro. Os dejamos la planificaci\u00f3n para tal d\u00eda. Inicio de cursoDescarga Nos vemos en el cole.","rel":"","context":"En \u00abInformaci\u00f3n\u00bb","block_context":{"text":"Informaci\u00f3n","link":"https:\/\/www.ceipmaestrorafaelbravomartin.es\/?cat=20"},"img":{"alt_text":"","src":"","width":0,"height":0},"classes":[]},{"id":1472,"url":"https:\/\/www.ceipmaestrorafaelbravomartin.es\/?p=1472","url_meta":{"origin":1713,"position":2},"title":"Fin de Curso 2015-2016","author":"CEIP Maestro Rafael Bravo Mart\u00edn","date":"1 junio, 2016","format":false,"excerpt":"Estrenamos el \u00faltimo mes del actual curso 2015\/16. Otro m\u00e1s que se nos va casi sin darnos ni cuenta. El alumnado se despide de sus maestras y maestros hasta el curso que viene, aunque algunos\/as se despiden de su paso por nuestro Centro. \u00a1Vamos a celebrar este \"hasta luego\" con\u2026","rel":"","context":"En \u00abEl centro\u00bb","block_context":{"text":"El centro","link":"https:\/\/www.ceipmaestrorafaelbravomartin.es\/?cat=10"},"img":{"alt_text":"Fiesta-final-de-curso-blog","src":"https:\/\/i0.wp.com\/www.ceipmaestrorafaelbravomartin.es\/wp-content\/uploads\/2016\/06\/Fiesta-final-de-curso-blog-724x1024.jpg?resize=350%2C200","width":350,"height":200,"srcset":"https:\/\/i0.wp.com\/www.ceipmaestrorafaelbravomartin.es\/wp-content\/uploads\/2016\/06\/Fiesta-final-de-curso-blog-724x1024.jpg?resize=350%2C200 1x, https:\/\/i0.wp.com\/www.ceipmaestrorafaelbravomartin.es\/wp-content\/uploads\/2016\/06\/Fiesta-final-de-curso-blog-724x1024.jpg?resize=525%2C300 1.5x"},"classes":[]},{"id":2803,"url":"https:\/\/www.ceipmaestrorafaelbravomartin.es\/?p=2803","url_meta":{"origin":1713,"position":3},"title":"Inicio de curso escolar","author":"CEIP Maestro Rafael Bravo Mart\u00edn","date":"8 septiembre, 2020","format":false,"excerpt":"Estimadas familias. Os adjuntamos el horario para el inicio del curso escolar 2020\/ 2021. Un saludo. Inicio de curso escolar 2020Descarga","rel":"","context":"En \u00abInformaci\u00f3n\u00bb","block_context":{"text":"Informaci\u00f3n","link":"https:\/\/www.ceipmaestrorafaelbravomartin.es\/?cat=2"},"img":{"alt_text":"","src":"","width":0,"height":0},"classes":[]},{"id":3154,"url":"https:\/\/www.ceipmaestrorafaelbravomartin.es\/?p=3154","url_meta":{"origin":1713,"position":4},"title":"Inicio del curso escolar","author":"CEIP Maestro Rafael Bravo Mart\u00edn","date":"6 septiembre, 2021","format":false,"excerpt":"Comenzamos un nuevo curso escolar con mucha ilusi\u00f3n y ganas. Os dejamos el documento de bienvenida del inicio de curso de nuestra directora. Bienvenida cursoDescarga","rel":"","context":"En \u00abSin categor\u00eda\u00bb","block_context":{"text":"Sin categor\u00eda","link":"https:\/\/www.ceipmaestrorafaelbravomartin.es\/?cat=1"},"img":{"alt_text":"","src":"","width":0,"height":0},"classes":[]},{"id":795,"url":"https:\/\/www.ceipmaestrorafaelbravomartin.es\/?p=795","url_meta":{"origin":1713,"position":5},"title":"Apertura del curso escolar 2014-2015","author":"CEIP Maestro Rafael Bravo Mart\u00edn","date":"10 septiembre, 2014","format":false,"excerpt":"Hoy, 10 de septiembre de 2014, el Equipo Directivo junto con el Claustro de profesoras y profesores, ha dado la bienvenida a la Comunidad Educativa (en especial a nuestro alumnado) al nuevo curso escolar.","rel":"","context":"En \u00abEl centro\u00bb","block_context":{"text":"El centro","link":"https:\/\/www.ceipmaestrorafaelbravomartin.es\/?cat=10"},"img":{"alt_text":"","src":"","width":0,"height":0},"classes":[]}],"_links":{"self":[{"href":"https:\/\/www.ceipmaestrorafaelbravomartin.es\/index.php?rest_route=\/wp\/v2\/posts\/1713","targetHints":{"allow":["GET"]}}],"collection":[{"href":"https:\/\/www.ceipmaestrorafaelbravomartin.es\/index.php?rest_route=\/wp\/v2\/posts"}],"about":[{"href":"https:\/\/www.ceipmaestrorafaelbravomartin.es\/index.php?rest_route=\/wp\/v2\/types\/post"}],"author":[{"embeddable":true,"href":"https:\/\/www.ceipmaestrorafaelbravomartin.es\/index.php?rest_route=\/wp\/v2\/users\/6"}],"replies":[{"embeddable":true,"href":"https:\/\/www.ceipmaestrorafaelbravomartin.es\/index.php?rest_route=%2Fwp%2Fv2%2Fcomments&post=1713"}],"version-history":[{"count":1,"href":"https:\/\/www.ceipmaestrorafaelbravomartin.es\/index.php?rest_route=\/wp\/v2\/posts\/1713\/revisions"}],"predecessor-version":[{"id":1717,"href":"https:\/\/www.ceipmaestrorafaelbravomartin.es\/index.php?rest_route=\/wp\/v2\/posts\/1713\/revisions\/1717"}],"wp:attachment":[{"href":"https:\/\/www.ceipmaestrorafaelbravomartin.es\/index.php?rest_route=%2Fwp%2Fv2%2Fmedia&parent=1713"}],"wp:term":[{"taxonomy":"category","embeddable":true,"href":"https:\/\/www.ceipmaestrorafaelbravomartin.es\/index.php?rest_route=%2Fwp%2Fv2%2Fcategories&post=1713"},{"taxonomy":"post_tag","embeddable":true,"href":"https:\/\/www.ceipmaestrorafaelbravomartin.es\/index.php?rest_route=%2Fwp%2Fv2%2Ftags&post=1713"}],"curies":[{"name":"wp","href":"https:\/\/api.w.org\/{rel}","templated":true}]}}