{"id":1731,"date":"2017-09-14T18:25:44","date_gmt":"2017-09-14T16:25:44","guid":{"rendered":"http:\/\/www.ceipmaestrorafaelbravomartin.es\/?p=1731"},"modified":"2017-09-14T18:25:44","modified_gmt":"2017-09-14T16:25:44","slug":"bienvenida-curso-2017-2018-3","status":"publish","type":"post","link":"https:\/\/www.ceipmaestrorafaelbravomartin.es\/?p=1731","title":{"rendered":"BIENVENIDA CURSO 2017-2018"},"content":{"rendered":"<p align=\"center\"><span style=\"color: #0000ff\"><span style=\"font-family: 'Lucida Handwriting', cursive\">BIENVENIDA<\/span><\/span><\/p>\n<p align=\"justify\">Todo el claustro de profesores\/as os damos la bienvenida a este nuevo curso y a vuestro colegio. Como todo lo que comienza genera nuevas expectativas, ilusiones y posibilidades de mejorar aquello que sea necesario.<\/p>\n<p align=\"justify\">El esp\u00edritu cr\u00edtico constructivo, emprendedor, el gusto por descubrir, aprender, colaborar, cooperar, respetar a todo el mundo y disfrutar de la vida, de los peque\u00f1os momentos, son entre otras muchas cosas lo que nos gustar\u00eda que siempre os dejara huella de vuestro colegio \u201c Maestro Rafael Bravo Mart\u00edn\u201d. Un colegio formado por valientes que ante actos injustos no se van a callar, no se van a re\u00edr, no van a participar en ellos.<\/p>\n<p align=\"justify\">Muchas gracias por confiar en nosotros\/as en nuestra profesionalidad y trabajo para lo mejor en el terreno acad\u00e9mico para vuestros\/as hijos e hijas; no dud\u00e9is en venir a preguntar, debatir e incluso discutir en el mejor sentido de la propia palabra, todo aquello que consider\u00e9is de importancia e inter\u00e9s.<\/p>\n<p align=\"justify\">Gracias a todas las partes que forman nuestra Comunidad Educativa, por su saber estar y trabajar en cooperaci\u00f3n para hacer de nuestro Colegio un lugar mejor. S\u00f3lo desde la cr\u00edtica constructiva, desde el trabajo conjunto y desde el consenso se pueden conseguir las mejores cosas.<\/p>\n<p align=\"justify\">Y ahora para terminar, quiero dedicar a nuestros ni\u00f1os y nuestras ni\u00f1as una frase que me gusta mucho del libro <i>El Principito<\/i>:<\/p>\n<p align=\"justify\"><a href=\"http:\/\/www.ceipmaestrorafaelbravomartin.es\/wp-content\/uploads\/2017\/09\/Principito.png\" rel=\"attachment wp-att-1733\"><img loading=\"lazy\" decoding=\"async\" data-attachment-id=\"1733\" data-permalink=\"https:\/\/www.ceipmaestrorafaelbravomartin.es\/?attachment_id=1733\" data-orig-file=\"https:\/\/www.ceipmaestrorafaelbravomartin.es\/wp-content\/uploads\/2017\/09\/Principito.png\" data-orig-size=\"309,318\" data-comments-opened=\"0\" data-image-meta=\"{&quot;aperture&quot;:&quot;0&quot;,&quot;credit&quot;:&quot;&quot;,&quot;camera&quot;:&quot;&quot;,&quot;caption&quot;:&quot;&quot;,&quot;created_timestamp&quot;:&quot;0&quot;,&quot;copyright&quot;:&quot;&quot;,&quot;focal_length&quot;:&quot;0&quot;,&quot;iso&quot;:&quot;0&quot;,&quot;shutter_speed&quot;:&quot;0&quot;,&quot;title&quot;:&quot;&quot;,&quot;orientation&quot;:&quot;0&quot;}\" data-image-title=\"Principito\" data-image-description=\"\" data-image-caption=\"\" data-medium-file=\"https:\/\/www.ceipmaestrorafaelbravomartin.es\/wp-content\/uploads\/2017\/09\/Principito-292x300.png\" data-large-file=\"https:\/\/www.ceipmaestrorafaelbravomartin.es\/wp-content\/uploads\/2017\/09\/Principito.png\" class=\"alignnone wp-image-1733\" src=\"http:\/\/www.ceipmaestrorafaelbravomartin.es\/wp-content\/uploads\/2017\/09\/Principito-292x300.png\" alt=\"Principito\" width=\"414\" height=\"425\" srcset=\"https:\/\/www.ceipmaestrorafaelbravomartin.es\/wp-content\/uploads\/2017\/09\/Principito-292x300.png 292w, https:\/\/www.ceipmaestrorafaelbravomartin.es\/wp-content\/uploads\/2017\/09\/Principito.png 309w\" sizes=\"auto, (max-width: 414px) 100vw, 414px\" \/><\/a><\/p>\n<p align=\"right\">Noelia Carrasco Alvarado.<\/p>\n<p align=\"right\">Directora .<\/p>\n","protected":false},"excerpt":{"rendered":"<p>BIENVENIDA Todo el claustro de profesores\/as os damos la bienvenida a este nuevo curso y a vuestro colegio. Como todo lo que comienza genera nuevas expectativas, ilusiones y posibilidades de mejorar aquello que sea necesario. El esp\u00edritu cr\u00edtico constructivo, emprendedor, el gusto por descubrir, aprender, colaborar, cooperar, respetar a todo [&hellip;]<\/p>\n","protected":false},"author":4,"featured_media":0,"comment_status":"closed","ping_status":"closed","sticky":false,"template":"","format":"standard","meta":{"jetpack_post_was_ever_published":false,"_jetpack_newsletter_access":"","_jetpack_dont_email_post_to_subs":false,"_jetpack_newsletter_tier_id":0,"_jetpack_memberships_contains_paywalled_content":false,"_jetpack_memberships_contains_paid_content":false,"footnotes":""},"categories":[46,103],"tags":[],"class_list":["post-1731","post","type-post","status-publish","format-standard","hentry","category-direccion","category-eventos"],"jetpack_featured_media_url":"","jetpack_sharing_enabled":true,"jetpack_shortlink":"https:\/\/wp.me\/p9VlHp-rV","jetpack-related-posts":[{"id":211,"url":"https:\/\/www.ceipmaestrorafaelbravomartin.es\/?p=211","url_meta":{"origin":1731,"position":0},"title":"Halloween 2011","author":"CEIP Maestro Rafael Bravo Mart\u00edn","date":"3 diciembre, 2011","format":false,"excerpt":"Para celebrar la fiesta correspondiente al d\u00eda 31 de Octubre-1 de Noviembre y teniendo en cuenta que nuestro Centro es Biling\u00fce; todo el Centro se dispuso a trabajar el tema referente a Halloween (fiesta perteneciente a la cultura Norteamericana) y que se celebra en la fecha indicada. El alumnado decor\u00f3\u2026","rel":"","context":"En \u00abSegundo ciclo de Primaria\u00bb","block_context":{"text":"Segundo ciclo de Primaria","link":"https:\/\/www.ceipmaestrorafaelbravomartin.es\/?cat=47"},"img":{"alt_text":"","src":"","width":0,"height":0},"classes":[]},{"id":140,"url":"https:\/\/www.ceipmaestrorafaelbravomartin.es\/?p=140","url_meta":{"origin":1731,"position":1},"title":"Ntra Sra de la ASUNCI\u00d3N, una nueva etapa.","author":"CEIP Maestro Rafael Bravo Mart\u00edn","date":"8 febrero, 2011","format":false,"excerpt":"Si como qued\u00f3 reflejado en el art\u00edculo anterior, el nombre del Centro Nuestra Se\u00f1ora de la Asunci\u00f3n comenz\u00f3 en el curso 1960\/61se puede decir que en el curso 1981\/82 comienza una nueva etapa pues hasta ese momento todo el alumnado, y por tanto el profesorado, pertenec\u00eda al mismo Centro, Colegio\u2026","rel":"","context":"En \u00abHistoria\u00bb","block_context":{"text":"Historia","link":"https:\/\/www.ceipmaestrorafaelbravomartin.es\/?cat=43"},"img":{"alt_text":"","src":"","width":0,"height":0},"classes":[]},{"id":39,"url":"https:\/\/www.ceipmaestrorafaelbravomartin.es\/?p=39","url_meta":{"origin":1731,"position":2},"title":"Carta y recuerdo para 6\u00ba B del curso 2009\/10","author":"CEIP Maestro Rafael Bravo Mart\u00edn","date":"18 octubre, 2010","format":false,"excerpt":"Mis queridos ni\u00f1os y ni\u00f1as de 6\u00ba B: \u00a1Parece mentira! \u00a1Os hab\u00e9is hecho mayores ya! Hab\u00e9is terminado la Primaria y muy pronto iniciar\u00e9is una nueva etapa; ante vosotros se abre un mundo diferente con muchas cosas nuevas e interesantes; no tem\u00e1is a nada poque todo ser\u00e1 distinto, divertido y emocionante.\u2026","rel":"","context":"En \u00abDedicatorias\u00bb","block_context":{"text":"Dedicatorias","link":"https:\/\/www.ceipmaestrorafaelbravomartin.es\/?cat=24"},"img":{"alt_text":"","src":"","width":0,"height":0},"classes":[]},{"id":3551,"url":"https:\/\/www.ceipmaestrorafaelbravomartin.es\/?p=3551","url_meta":{"origin":1731,"position":3},"title":"Inicio de curso 2025\/2026","author":"CEIP Maestro Rafael Bravo Mart\u00edn","date":"5 septiembre, 2025","format":false,"excerpt":"Estimadas familias, El pr\u00f3ximo mi\u00e9rcoles 10 de septiembre iniciamos el nuevo curso escolar cargado de ilusi\u00f3n y ganas de aprender. La organizaci\u00f3n ser\u00e1 de la siguiente manera:\u25cf De 3 a\u00f1os a 1\u00ba: se realizar\u00e1n reuniones de los padres y madres con los\/las tutores\/as a las horas abajo indicadas.\u25cf De 2\u00ba\u2026","rel":"","context":"En \u00abInformaci\u00f3n\u00bb","block_context":{"text":"Informaci\u00f3n","link":"https:\/\/www.ceipmaestrorafaelbravomartin.es\/?cat=2"},"img":{"alt_text":"","src":"","width":0,"height":0},"classes":[]},{"id":225,"url":"https:\/\/www.ceipmaestrorafaelbravomartin.es\/?p=225","url_meta":{"origin":1731,"position":4},"title":"1\u00aa tirada del peri\u00f3dico &#8211; Curso 2011-12","author":"CEIP Maestro Rafael Bravo Mart\u00edn","date":"7 febrero, 2012","format":false,"excerpt":"\u00a0 TALLER DE PERI\u00d3DICO \u00a0 Un a\u00f1o m\u00e1s, y ya van unos pocos, nos disponemos a sacar el peri\u00f3dico del colegio Asunci\u00f3n. Por lo tanto animamos a todo el alumnado, profesorado, padres y madres, a participar en esta edici\u00f3n de \u201c Ventana Escolar\u201d. \u00a0 Os recordamos la direcci\u00f3n de correo\u2026","rel":"","context":"En \u00abInformaci\u00f3n\u00bb","block_context":{"text":"Informaci\u00f3n","link":"https:\/\/www.ceipmaestrorafaelbravomartin.es\/?cat=17"},"img":{"alt_text":"","src":"","width":0,"height":0},"classes":[]},{"id":1825,"url":"https:\/\/www.ceipmaestrorafaelbravomartin.es\/?p=1825","url_meta":{"origin":1731,"position":5},"title":"Admisi\u00f3n y Matriculaci\u00f3n curso 2018\/2019","author":"CEIP Maestro Rafael Bravo Mart\u00edn","date":"1 marzo, 2018","format":false,"excerpt":"Durante todo el mes de marzo queda abierto el per\u00edodo de solicitud de matriculaci\u00f3n en el Centro. Toda la informaci\u00f3n y listas correspondientes se ir\u00e1n exponiendo en el tabl\u00f3n informativo del Colegio, siguiendo el calendario previsto para el procedimiento de admisi\u00f3n y matriculaci\u00f3n para el curso 2018\/2019. Muchas gracias por\u2026","rel":"","context":"En \u00abSin categor\u00eda\u00bb","block_context":{"text":"Sin categor\u00eda","link":"https:\/\/www.ceipmaestrorafaelbravomartin.es\/?cat=1"},"img":{"alt_text":"","src":"","width":0,"height":0},"classes":[]}],"_links":{"self":[{"href":"https:\/\/www.ceipmaestrorafaelbravomartin.es\/index.php?rest_route=\/wp\/v2\/posts\/1731","targetHints":{"allow":["GET"]}}],"collection":[{"href":"https:\/\/www.ceipmaestrorafaelbravomartin.es\/index.php?rest_route=\/wp\/v2\/posts"}],"about":[{"href":"https:\/\/www.ceipmaestrorafaelbravomartin.es\/index.php?rest_route=\/wp\/v2\/types\/post"}],"author":[{"embeddable":true,"href":"https:\/\/www.ceipmaestrorafaelbravomartin.es\/index.php?rest_route=\/wp\/v2\/users\/4"}],"replies":[{"embeddable":true,"href":"https:\/\/www.ceipmaestrorafaelbravomartin.es\/index.php?rest_route=%2Fwp%2Fv2%2Fcomments&post=1731"}],"version-history":[{"count":2,"href":"https:\/\/www.ceipmaestrorafaelbravomartin.es\/index.php?rest_route=\/wp\/v2\/posts\/1731\/revisions"}],"predecessor-version":[{"id":1736,"href":"https:\/\/www.ceipmaestrorafaelbravomartin.es\/index.php?rest_route=\/wp\/v2\/posts\/1731\/revisions\/1736"}],"wp:attachment":[{"href":"https:\/\/www.ceipmaestrorafaelbravomartin.es\/index.php?rest_route=%2Fwp%2Fv2%2Fmedia&parent=1731"}],"wp:term":[{"taxonomy":"category","embeddable":true,"href":"https:\/\/www.ceipmaestrorafaelbravomartin.es\/index.php?rest_route=%2Fwp%2Fv2%2Fcategories&post=1731"},{"taxonomy":"post_tag","embeddable":true,"href":"https:\/\/www.ceipmaestrorafaelbravomartin.es\/index.php?rest_route=%2Fwp%2Fv2%2Ftags&post=1731"}],"curies":[{"name":"wp","href":"https:\/\/api.w.org\/{rel}","templated":true}]}}