{"id":174,"date":"2011-09-05T14:50:47","date_gmt":"2011-09-05T12:50:47","guid":{"rendered":"http:\/\/blogasuncion.es\/?p=174"},"modified":"2013-07-05T13:07:40","modified_gmt":"2013-07-05T11:07:40","slug":"calendario-curso-escolar-201112","status":"publish","type":"post","link":"https:\/\/www.ceipmaestrorafaelbravomartin.es\/?p=174","title":{"rendered":"Calendario Curso Escolar 2011\/12"},"content":{"rendered":"<p style=\"text-align: center;\"><iframe src=\"http:\/\/www.ceipasuncion.es\/images\/pdf\/calendario.pdf\" width=\"100%\"\nstyle=\"height:100em\"><br \/>\n<\/iframe><\/p>\n<p>\u00a0<\/p>\n<p style=\"text-align: center;\">\u00a0<\/p>\n<p>\u00a0<\/p>\n<p style=\"text-align: center;\">NOTA ACLARATORIA. Este calendario no incluye todav\u00eda los 3 d\u00edas festivos de libre disposici\u00f3n, los cuales ser\u00e1n incluidos una vez sean aprobados.\u00bb<\/p>\n","protected":false},"excerpt":{"rendered":"<p>Resoluci\u00f3n de 31 de mayo de 2011 de la Delegaci\u00f3n Provincial de Educaci\u00f3n en Sevilla por la que se dictan las normas que han de regir el calendario escolar para el curso 2011\/2012 en todos los centros docentes, a excepci\u00f3n de los universitarios.<\/p>\n","protected":false},"author":4,"featured_media":0,"comment_status":"closed","ping_status":"open","sticky":false,"template":"","format":"standard","meta":{"jetpack_post_was_ever_published":false,"_jetpack_newsletter_access":"","_jetpack_dont_email_post_to_subs":false,"_jetpack_newsletter_tier_id":0,"_jetpack_memberships_contains_paywalled_content":false,"_jetpack_memberships_contains_paid_content":false,"footnotes":""},"categories":[16],"tags":[],"class_list":["post-174","post","type-post","status-publish","format-standard","hentry","category-secretaria"],"jetpack_featured_media_url":"","jetpack_sharing_enabled":true,"jetpack_shortlink":"https:\/\/wp.me\/p9VlHp-2O","jetpack-related-posts":[{"id":24,"url":"https:\/\/www.ceipmaestrorafaelbravomartin.es\/?p=24","url_meta":{"origin":174,"position":0},"title":"Calendario Escolar curso 2010\/11","author":"CEIP Maestro Rafael Bravo Mart\u00edn","date":"13 octubre, 2010","format":false,"excerpt":"Calendario escolar aprobado para el curso escolara 2010\/11:\u00a0","rel":"","context":"En \u00abEl centro\u00bb","block_context":{"text":"El centro","link":"https:\/\/www.ceipmaestrorafaelbravomartin.es\/?cat=10"},"img":{"alt_text":"","src":"https:\/\/i0.wp.com\/www.ceipasuncion.es\/wp-content\/uploads\/calendario-2010_11-284x300.jpg?resize=350%2C200","width":350,"height":200},"classes":[]},{"id":1176,"url":"https:\/\/www.ceipmaestrorafaelbravomartin.es\/?p=1176","url_meta":{"origin":174,"position":1},"title":"Calendario Escolar curso 2015\/2016","author":"CEIP Maestro Rafael Bravo Mart\u00edn","date":"26 junio, 2015","format":false,"excerpt":"Este es el calendario escolar vigente para el presente curso escolar en la provincia de Sevilla. En nuestra localidad tambi\u00e9n son festivos: viernes 18 de marzo, viernes 15 de abril y lunes 16 de mayo. Calendario escolar 2015\/2016","rel":"","context":"En \u00abEl centro\u00bb","block_context":{"text":"El centro","link":"https:\/\/www.ceipmaestrorafaelbravomartin.es\/?cat=10"},"img":{"alt_text":"","src":"","width":0,"height":0},"classes":[]},{"id":765,"url":"https:\/\/www.ceipmaestrorafaelbravomartin.es\/?p=765","url_meta":{"origin":174,"position":2},"title":"CALENDARIO CURSO 2014-2015","author":"CEIP Maestro Rafael Bravo Mart\u00edn","date":"30 junio, 2014","format":false,"excerpt":"Enlace al calendario escolar del curso 2014-2015 Faltan por determinar en Consejo Escolar Municipal los d\u00edas de libre disposici\u00f3n.","rel":"","context":"En \u00abEl centro\u00bb","block_context":{"text":"El centro","link":"https:\/\/www.ceipmaestrorafaelbravomartin.es\/?cat=10"},"img":{"alt_text":"Pantallazo","src":"https:\/\/i0.wp.com\/blogasuncion.es\/wp-content\/uploads\/2014\/06\/Pantallazo.jpg?resize=350%2C200","width":350,"height":200,"srcset":"https:\/\/i0.wp.com\/blogasuncion.es\/wp-content\/uploads\/2014\/06\/Pantallazo.jpg?resize=350%2C200 1x, https:\/\/i0.wp.com\/blogasuncion.es\/wp-content\/uploads\/2014\/06\/Pantallazo.jpg?resize=525%2C300 1.5x"},"classes":[]},{"id":728,"url":"https:\/\/www.ceipmaestrorafaelbravomartin.es\/?p=728","url_meta":{"origin":174,"position":3},"title":"1 y 2 de MAYO","author":"CEIP Maestro Rafael Bravo Mart\u00edn","date":"29 abril, 2014","format":false,"excerpt":"Desde la direcci\u00f3n de nuestro Centro, os comunicamos que los pr\u00f3ximos d\u00edas 1 y 2 de mayo no habr\u00e1 clases, por ser puente oficial establecido desde la Delegaci\u00f3n de Educaci\u00f3n, como se ve reflejado en el calendario escolar curso 2013-2014.","rel":"","context":"En \u00abEl centro\u00bb","block_context":{"text":"El centro","link":"https:\/\/www.ceipmaestrorafaelbravomartin.es\/?cat=10"},"img":{"alt_text":"","src":"","width":0,"height":0},"classes":[]},{"id":2685,"url":"https:\/\/www.ceipmaestrorafaelbravomartin.es\/?p=2685","url_meta":{"origin":174,"position":4},"title":"Admisi\u00f3n nuevo alumnado","author":"CEIP Maestro Rafael Bravo Mart\u00edn","date":"21 mayo, 2020","format":false,"excerpt":"A continuaci\u00f3n os enlazamos el calendario a tener en cuenta para el proceso de admisi\u00f3n en los centros docentes de Andaluc\u00eda. https:\/\/portals.ced.junta-andalucia.es\/educacion\/portals\/web\/escolarizacion\/infantil-a-bachillerato\/calendario Una vez admitidos, y como aparece el calendario , del 25 al 30 de junio deber\u00e1 formalizar la matr\u00edcula y los interesados podr\u00e1n solicitar aula matinal y comedor\u2026","rel":"","context":"En \u00abSecretar\u00eda\u00bb","block_context":{"text":"Secretar\u00eda","link":"https:\/\/www.ceipmaestrorafaelbravomartin.es\/?cat=16"},"img":{"alt_text":"","src":"","width":0,"height":0},"classes":[]},{"id":303,"url":"https:\/\/www.ceipmaestrorafaelbravomartin.es\/?p=303","url_meta":{"origin":174,"position":5},"title":"Proceso de escolarizaci\u00f3n 2013\/2014","author":"CEIP Maestro Rafael Bravo Mart\u00edn","date":"21 febrero, 2013","format":false,"excerpt":"Normativa que regula los criterios y el procedimiento de admisi\u00f3n del alumnado en los centros docentes p\u00fablicos y privados concertados.\u00a0 DECRETO 40\/2011, de 22 de febrero, por el que se regulan los criterios y el procedimiento de admisi\u00f3n del alumnado en los centros docentes p\u00fablicos y privados concertados para cursar\u2026","rel":"","context":"En \u00abEl centro\u00bb","block_context":{"text":"El centro","link":"https:\/\/www.ceipmaestrorafaelbravomartin.es\/?cat=10"},"img":{"alt_text":"","src":"","width":0,"height":0},"classes":[]}],"_links":{"self":[{"href":"https:\/\/www.ceipmaestrorafaelbravomartin.es\/index.php?rest_route=\/wp\/v2\/posts\/174","targetHints":{"allow":["GET"]}}],"collection":[{"href":"https:\/\/www.ceipmaestrorafaelbravomartin.es\/index.php?rest_route=\/wp\/v2\/posts"}],"about":[{"href":"https:\/\/www.ceipmaestrorafaelbravomartin.es\/index.php?rest_route=\/wp\/v2\/types\/post"}],"author":[{"embeddable":true,"href":"https:\/\/www.ceipmaestrorafaelbravomartin.es\/index.php?rest_route=\/wp\/v2\/users\/4"}],"replies":[{"embeddable":true,"href":"https:\/\/www.ceipmaestrorafaelbravomartin.es\/index.php?rest_route=%2Fwp%2Fv2%2Fcomments&post=174"}],"version-history":[{"count":1,"href":"https:\/\/www.ceipmaestrorafaelbravomartin.es\/index.php?rest_route=\/wp\/v2\/posts\/174\/revisions"}],"predecessor-version":[{"id":430,"href":"https:\/\/www.ceipmaestrorafaelbravomartin.es\/index.php?rest_route=\/wp\/v2\/posts\/174\/revisions\/430"}],"wp:attachment":[{"href":"https:\/\/www.ceipmaestrorafaelbravomartin.es\/index.php?rest_route=%2Fwp%2Fv2%2Fmedia&parent=174"}],"wp:term":[{"taxonomy":"category","embeddable":true,"href":"https:\/\/www.ceipmaestrorafaelbravomartin.es\/index.php?rest_route=%2Fwp%2Fv2%2Fcategories&post=174"},{"taxonomy":"post_tag","embeddable":true,"href":"https:\/\/www.ceipmaestrorafaelbravomartin.es\/index.php?rest_route=%2Fwp%2Fv2%2Ftags&post=174"}],"curies":[{"name":"wp","href":"https:\/\/api.w.org\/{rel}","templated":true}]}}