{"id":1751,"date":"2017-10-18T16:47:42","date_gmt":"2017-10-18T14:47:42","guid":{"rendered":"http:\/\/www.ceipmaestrorafaelbravomartin.es\/?p=1751"},"modified":"2017-10-18T16:51:18","modified_gmt":"2017-10-18T14:51:18","slug":"el-universo","status":"publish","type":"post","link":"https:\/\/www.ceipmaestrorafaelbravomartin.es\/?p=1751","title":{"rendered":"EL UNIVERSO"},"content":{"rendered":"<p style=\"text-align: center;\">El alumnado de 5\u00ba B ha llevado a cabo un trabajo de investigaci\u00f3n sobre<\/p>\n<p style=\"text-align: center;\">EL UNIVERSO.<\/p>\n<p style=\"text-align: center;\">Han puesto en \u00e9l todo su inter\u00e9s y esfuerzo para despu\u00e9s\u00a0exponerlo en clase.<\/p>\n<p style=\"text-align: center;\">La grabaci\u00f3n se ha hecho en 360\u00ba\u00a0, lo que nos permite movernos virtualmente dentro del aula\u00a0y ver tanto a los ponentes, como al resto del alumnado de la clase.<\/p>\n<p style=\"text-align: center;\">Si para ver el v\u00eddeo utiliz\u00e1is el tel\u00e9fono m\u00f3vil, bastar\u00e1 con mover el mismo.<\/p>\n<p><iframe loading=\"lazy\" src=\"https:\/\/www.youtube.com\/embed\/UPv4vZXojZQ?rel=0\" width=\"560\" height=\"315\" frameborder=\"0\" allowfullscreen=\"allowfullscreen\"><\/iframe><\/p>\n<p>Es el primer v\u00eddeo grabado en este formato. Iremos mejorando la t\u00e9cnica.<\/p>\n","protected":false},"excerpt":{"rendered":"<p>El alumnado de 5\u00ba B ha llevado a cabo un trabajo de investigaci\u00f3n sobre EL UNIVERSO. Han puesto en \u00e9l todo su inter\u00e9s y esfuerzo para despu\u00e9s\u00a0exponerlo en clase. La grabaci\u00f3n se ha hecho en 360\u00ba\u00a0, lo que nos permite movernos virtualmente dentro del aula\u00a0y ver tanto a los ponentes, [&hellip;]<\/p>\n","protected":false},"author":4,"featured_media":0,"comment_status":"closed","ping_status":"closed","sticky":false,"template":"","format":"standard","meta":{"jetpack_post_was_ever_published":false,"_jetpack_newsletter_access":"","_jetpack_dont_email_post_to_subs":false,"_jetpack_newsletter_tier_id":0,"_jetpack_memberships_contains_paywalled_content":false,"_jetpack_memberships_contains_paid_content":false,"footnotes":""},"categories":[25],"tags":[],"class_list":["post-1751","post","type-post","status-publish","format-standard","hentry","category-ciclo3"],"jetpack_featured_media_url":"","jetpack_sharing_enabled":true,"jetpack_shortlink":"https:\/\/wp.me\/p9VlHp-sf","jetpack-related-posts":[{"id":156,"url":"https:\/\/www.ceipmaestrorafaelbravomartin.es\/?p=156","url_meta":{"origin":1751,"position":0},"title":"Estrenamos el Aula TIC Musical","author":"CEIP Maestro Rafael Bravo Mart\u00edn","date":"29 abril, 2011","format":false,"excerpt":"Tengo el placer de informarles de la inauguraci\u00f3n de un nuevo espacio virtual para el \u00e1rea de m\u00fasica, en el marco del Plan Escuela TIC 2.0. \u00a0 Se trata de un aula virtual dise\u00f1ada con la plataforma Moodle y que est\u00e1 dirigida al alumnado del 3er ciclo de primaria. Los\u2026","rel":"","context":"En \u00abNoticias TIC\u00bb","block_context":{"text":"Noticias TIC","link":"https:\/\/www.ceipmaestrorafaelbravomartin.es\/?cat=19"},"img":{"alt_text":"","src":"https:\/\/i0.wp.com\/www.ceipmaestrorafaelbravomartin.es\/wp-content\/uploads\/2011\/04\/aulavirtual.jpg?resize=350%2C200&ssl=1","width":350,"height":200,"srcset":"https:\/\/i0.wp.com\/www.ceipmaestrorafaelbravomartin.es\/wp-content\/uploads\/2011\/04\/aulavirtual.jpg?resize=350%2C200&ssl=1 1x, https:\/\/i0.wp.com\/www.ceipmaestrorafaelbravomartin.es\/wp-content\/uploads\/2011\/04\/aulavirtual.jpg?resize=525%2C300&ssl=1 1.5x, https:\/\/i0.wp.com\/www.ceipmaestrorafaelbravomartin.es\/wp-content\/uploads\/2011\/04\/aulavirtual.jpg?resize=700%2C400&ssl=1 2x, https:\/\/i0.wp.com\/www.ceipmaestrorafaelbravomartin.es\/wp-content\/uploads\/2011\/04\/aulavirtual.jpg?resize=1050%2C600&ssl=1 3x, https:\/\/i0.wp.com\/www.ceipmaestrorafaelbravomartin.es\/wp-content\/uploads\/2011\/04\/aulavirtual.jpg?resize=1400%2C800&ssl=1 4x"},"classes":[]},{"id":1357,"url":"https:\/\/www.ceipmaestrorafaelbravomartin.es\/?p=1357","url_meta":{"origin":1751,"position":1},"title":"El Monstruo de Colores","author":"CEIP Maestro Rafael Bravo Mart\u00edn","date":"14 febrero, 2016","format":false,"excerpt":"El alumnado de sexto de Primaria se ha estrenado este a\u00f1o como padrinos y madrinas lectores\/as del alumnado de 5 a\u00f1os de Infantil. Con la lectura del cuento El Monstruo de Colores, hemos querido iniciar la transici\u00f3n de los peque\u00f1os y peque\u00f1as a Primaria, ya a la vuelta de la\u2026","rel":"","context":"En \u00abInformaci\u00f3n\u00bb","block_context":{"text":"Informaci\u00f3n","link":"https:\/\/www.ceipmaestrorafaelbravomartin.es\/?cat=2"},"img":{"alt_text":"","src":"","width":0,"height":0},"classes":[]},{"id":1803,"url":"https:\/\/www.ceipmaestrorafaelbravomartin.es\/?p=1803","url_meta":{"origin":1751,"position":2},"title":"19 de enero de 2018","author":"CEIP Maestro Rafael Bravo Mart\u00edn","date":"19 enero, 2018","format":false,"excerpt":"El 19 de enero, es y seguir\u00e1 siendo un d\u00eda significativo para nuestra Comunidad Educativa,\u00a0por ello realizamos cada a\u00f1o una campa\u00f1a solidaria. Como en a\u00f1os anteriores, C\u00e1ritas nos ha transmitido el valor y el destino de su trabajo y de nuestras aportaciones con las personas necesitadas. A t\u00edtulo personal, hoy\u2026","rel":"","context":"En \u00abDedicatorias\u00bb","block_context":{"text":"Dedicatorias","link":"https:\/\/www.ceipmaestrorafaelbravomartin.es\/?cat=24"},"img":{"alt_text":"c\u00e1ritas","src":"https:\/\/i0.wp.com\/www.ceipmaestrorafaelbravomartin.es\/wp-content\/uploads\/2018\/01\/c%C3%A1ritas-1024x768.jpg?resize=350%2C200","width":350,"height":200,"srcset":"https:\/\/i0.wp.com\/www.ceipmaestrorafaelbravomartin.es\/wp-content\/uploads\/2018\/01\/c%C3%A1ritas-1024x768.jpg?resize=350%2C200 1x, https:\/\/i0.wp.com\/www.ceipmaestrorafaelbravomartin.es\/wp-content\/uploads\/2018\/01\/c%C3%A1ritas-1024x768.jpg?resize=525%2C300 1.5x"},"classes":[]},{"id":90,"url":"https:\/\/www.ceipmaestrorafaelbravomartin.es\/?p=90","url_meta":{"origin":1751,"position":3},"title":"\u00a1El oto\u00f1o ha llegado a nuestro cole!","author":"CEIP Maestro Rafael Bravo Mart\u00edn","date":"18 noviembre, 2010","format":false,"excerpt":"\u00a0La semana pasada se realizaron varias actividades relacionadas con el Oto\u00f1o en nuestro Centro:- Hemos decorado el colegio con un \u00e1rbol y ADORNOS realizados por el alumnado de Infantil en colaboraci\u00f3n con sus familiares.- El martes 16 de noviembre ha venido un CASTA\u00d1ERO para que todos\/as comamos casta\u00f1itas asadas. Los\u2026","rel":"","context":"En \u00abCurso 2010\/11\u00bb","block_context":{"text":"Curso 2010\/11","link":"https:\/\/www.ceipmaestrorafaelbravomartin.es\/?cat=40"},"img":{"alt_text":"","src":"","width":0,"height":0},"classes":[]},{"id":232,"url":"https:\/\/www.ceipmaestrorafaelbravomartin.es\/?p=232","url_meta":{"origin":1751,"position":4},"title":"\u00abRobin Hood\u00bb","author":"CEIP Maestro Rafael Bravo Mart\u00edn","date":"18 marzo, 2012","format":false,"excerpt":"El viernes d\u00eda 16 de Marzo, el alumnado de Segundo y Tercer Ciclo de Primaria asisti\u00f3 a la Casa de la Cultura para disfrutar de una estupenda obra de teatro en Ingl\u00e9s adaptada para ni\u00f1os y ni\u00f1as, en la que, como podr\u00e9is comprobar, alumnos y alumnas fueron seleccionados\/as al azar\u2026","rel":"","context":"En \u00abPlanes y programas\u00bb","block_context":{"text":"Planes y programas","link":"https:\/\/www.ceipmaestrorafaelbravomartin.es\/?cat=9"},"img":{"alt_text":"","src":"","width":0,"height":0},"classes":[]},{"id":1582,"url":"https:\/\/www.ceipmaestrorafaelbravomartin.es\/?p=1582","url_meta":{"origin":1751,"position":5},"title":"Celebramos el trig\u00e9simo aniversario de nuestra Biblioteca Municipal","author":"CEIP Maestro Rafael Bravo Mart\u00edn","date":"21 noviembre, 2016","format":false,"excerpt":"La Biblioteca Municipal de Alcal\u00e1 del R\u00edo cumple 30 a\u00f1os y la Delegaci\u00f3n de Cultura est\u00e1 realizando actividades de fomento de la lectura en el marco de dicha celebraci\u00f3n. El alumnado de 5\u00ba de Primaria del CEIP Maestro Rafael Bravo Mart\u00edn ha realizado una actividad de decoraci\u00f3n de piedras que\u2026","rel":"","context":"En \u00abEl centro\u00bb","block_context":{"text":"El centro","link":"https:\/\/www.ceipmaestrorafaelbravomartin.es\/?cat=10"},"img":{"alt_text":"","src":"","width":0,"height":0},"classes":[]}],"_links":{"self":[{"href":"https:\/\/www.ceipmaestrorafaelbravomartin.es\/index.php?rest_route=\/wp\/v2\/posts\/1751","targetHints":{"allow":["GET"]}}],"collection":[{"href":"https:\/\/www.ceipmaestrorafaelbravomartin.es\/index.php?rest_route=\/wp\/v2\/posts"}],"about":[{"href":"https:\/\/www.ceipmaestrorafaelbravomartin.es\/index.php?rest_route=\/wp\/v2\/types\/post"}],"author":[{"embeddable":true,"href":"https:\/\/www.ceipmaestrorafaelbravomartin.es\/index.php?rest_route=\/wp\/v2\/users\/4"}],"replies":[{"embeddable":true,"href":"https:\/\/www.ceipmaestrorafaelbravomartin.es\/index.php?rest_route=%2Fwp%2Fv2%2Fcomments&post=1751"}],"version-history":[{"count":4,"href":"https:\/\/www.ceipmaestrorafaelbravomartin.es\/index.php?rest_route=\/wp\/v2\/posts\/1751\/revisions"}],"predecessor-version":[{"id":1755,"href":"https:\/\/www.ceipmaestrorafaelbravomartin.es\/index.php?rest_route=\/wp\/v2\/posts\/1751\/revisions\/1755"}],"wp:attachment":[{"href":"https:\/\/www.ceipmaestrorafaelbravomartin.es\/index.php?rest_route=%2Fwp%2Fv2%2Fmedia&parent=1751"}],"wp:term":[{"taxonomy":"category","embeddable":true,"href":"https:\/\/www.ceipmaestrorafaelbravomartin.es\/index.php?rest_route=%2Fwp%2Fv2%2Fcategories&post=1751"},{"taxonomy":"post_tag","embeddable":true,"href":"https:\/\/www.ceipmaestrorafaelbravomartin.es\/index.php?rest_route=%2Fwp%2Fv2%2Ftags&post=1751"}],"curies":[{"name":"wp","href":"https:\/\/api.w.org\/{rel}","templated":true}]}}