{"id":1770,"date":"2017-10-30T22:14:41","date_gmt":"2017-10-30T21:14:41","guid":{"rendered":"http:\/\/www.ceipmaestrorafaelbravomartin.es\/?p=1770"},"modified":"2017-10-30T22:14:41","modified_gmt":"2017-10-30T21:14:41","slug":"un-fantasma-visita-nuestro-cole","status":"publish","type":"post","link":"https:\/\/www.ceipmaestrorafaelbravomartin.es\/?p=1770","title":{"rendered":"\u00abUN FANTASMA VISITA NUESTRO COLE\u00bb"},"content":{"rendered":"<p style=\"text-align: center;\">Hasta el Inframundo han llegado noticias de lo terror\u00edfica que ha quedado la decoraci\u00f3n de nuestro Cole.<\/p>\n<p style=\"text-align: center;\">Y&#8230;han enviado un Fantasma \u00abmu feo y con muchos ojos\u00bb a comprobarlo.<\/p>\n<p style=\"text-align: center;\">Esperemos que le haya gustado&#8230;y que no vuelva&#8230;cuando estemos.<\/p>\n<p><iframe loading=\"lazy\" src=\"https:\/\/www.youtube.com\/embed\/UXNKN_8_xCc?rel=0\" width=\"560\" height=\"315\" frameborder=\"0\" allowfullscreen=\"allowfullscreen\"><\/iframe><\/p>\n","protected":false},"excerpt":{"rendered":"<p>Hasta el Inframundo han llegado noticias de lo terror\u00edfica que ha quedado la decoraci\u00f3n de nuestro Cole. Y&#8230;han enviado un Fantasma \u00abmu feo y con muchos ojos\u00bb a comprobarlo. Esperemos que le haya gustado&#8230;y que no vuelva&#8230;cuando estemos.<\/p>\n","protected":false},"author":4,"featured_media":0,"comment_status":"closed","ping_status":"closed","sticky":false,"template":"","format":"standard","meta":{"jetpack_post_was_ever_published":false,"_jetpack_newsletter_access":"","_jetpack_dont_email_post_to_subs":false,"_jetpack_newsletter_tier_id":0,"_jetpack_memberships_contains_paywalled_content":false,"_jetpack_memberships_contains_paid_content":false,"footnotes":""},"categories":[103],"tags":[],"class_list":["post-1770","post","type-post","status-publish","format-standard","hentry","category-eventos"],"jetpack_featured_media_url":"","jetpack_sharing_enabled":true,"jetpack_shortlink":"https:\/\/wp.me\/p9VlHp-sy","jetpack-related-posts":[{"id":153,"url":"https:\/\/www.ceipmaestrorafaelbravomartin.es\/?p=153","url_meta":{"origin":1770,"position":0},"title":"Semana Cultural (I)","author":"CEIP Maestro Rafael Bravo Mart\u00edn","date":"24 marzo, 2011","format":false,"excerpt":"{jcomments on} Como ya sab\u00e9is, durante estos d\u00edas se celebra la Semana Cultural en nuestro Cole.\"NUESTRO CENTRO. AYER Y HOY\" \u00a0 De las muchas actividades propuestas para estos d\u00edas, se han llevado a cabo ya algunas. Se han ido tomando im\u00e1genes de: - Conferencias de la Historia de Nuestro Centro\u2026","rel":"","context":"En \u00abCurso 2010\/11\u00bb","block_context":{"text":"Curso 2010\/11","link":"https:\/\/www.ceipmaestrorafaelbravomartin.es\/?cat=40"},"img":{"alt_text":"","src":"","width":0,"height":0},"classes":[]},{"id":270,"url":"https:\/\/www.ceipmaestrorafaelbravomartin.es\/?p=270","url_meta":{"origin":1770,"position":1},"title":"Ntra. Sra. de la Asunci\u00f3n DE ROSA","author":"CEIP Maestro Rafael Bravo Mart\u00edn","date":"12 octubre, 2012","format":false,"excerpt":"Nosotras y nosotros, no pudimos te\u00f1ir nuestro Cole de rosa como el Santiago Bernabeu, El London Eye en Londres, o las Cataratas del Ni\u00e1gara, pero casi lo envolvimos con nuestros folios coloreados y personalizados, para mostrar nuestro apoyo a todas LAS NI\u00d1AS, que s\u00f3lo por el hecho de serlo, son\u2026","rel":"","context":"En \u00abEl centro\u00bb","block_context":{"text":"El centro","link":"https:\/\/www.ceipmaestrorafaelbravomartin.es\/?cat=10"},"img":{"alt_text":"","src":"https:\/\/i0.wp.com\/www.ceipmaestrorafaelbravomartin.es\/wp-content\/uploads\/2012\/10\/image-2-for-world-in-pictures-october-11-2012-gallery-77588212.jpg?resize=350%2C200&ssl=1","width":350,"height":200,"srcset":"https:\/\/i0.wp.com\/www.ceipmaestrorafaelbravomartin.es\/wp-content\/uploads\/2012\/10\/image-2-for-world-in-pictures-october-11-2012-gallery-77588212.jpg?resize=350%2C200&ssl=1 1x, https:\/\/i0.wp.com\/www.ceipmaestrorafaelbravomartin.es\/wp-content\/uploads\/2012\/10\/image-2-for-world-in-pictures-october-11-2012-gallery-77588212.jpg?resize=525%2C300&ssl=1 1.5x"},"classes":[]},{"id":1053,"url":"https:\/\/www.ceipmaestrorafaelbravomartin.es\/?p=1053","url_meta":{"origin":1770,"position":2},"title":"Con nuestros MEJORES DESEOS","author":"CEIP Maestro Rafael Bravo Mart\u00edn","date":"18 diciembre, 2014","format":false,"excerpt":"Un a\u00f1o m\u00e1s, al llegar estas fechas, el profesorado y el alumnado de nuestro Centro quiere hacer llegar a toda la Comunidad Educativa del mismo SUS MEJORES DESEOS. Extendi\u00e9ndolos tambi\u00e9n a todos aquellos y aquellas que en alg\u00fan momento han formado parte de nuestro Cole, para que est\u00e9n donde est\u00e9n,\u2026","rel":"","context":"En \u00abEl centro\u00bb","block_context":{"text":"El centro","link":"https:\/\/www.ceipmaestrorafaelbravomartin.es\/?cat=10"},"img":{"alt_text":"","src":"","width":0,"height":0},"classes":[]},{"id":2292,"url":"https:\/\/www.ceipmaestrorafaelbravomartin.es\/?p=2292","url_meta":{"origin":1770,"position":3},"title":"Nuestros ratitos ci\u00e9ntificos en el Cole","author":"CEIP Maestro Rafael Bravo Mart\u00edn","date":"26 marzo, 2020","format":false,"excerpt":"A lo largo de los meses de febrero y marzo se han llevado a cabo charlas de mujeres cient\u00edficas de nuestro entorno. Estas charlas forman parte de la \"Iniciativa 11 de febrero\" que conmemora el D\u00eda Internacional de la Mujer y la Ni\u00f1a en la Ciencia y que pretende visibilizar\u2026","rel":"","context":"En \u00abPlan de Igualdad\u00bb","block_context":{"text":"Plan de Igualdad","link":"https:\/\/www.ceipmaestrorafaelbravomartin.es\/?cat=123"},"img":{"alt_text":"","src":"https:\/\/i0.wp.com\/img.youtube.com\/vi\/MFGgtR0Aako\/0.jpg?resize=350%2C200","width":350,"height":200},"classes":[]},{"id":90,"url":"https:\/\/www.ceipmaestrorafaelbravomartin.es\/?p=90","url_meta":{"origin":1770,"position":4},"title":"\u00a1El oto\u00f1o ha llegado a nuestro cole!","author":"CEIP Maestro Rafael Bravo Mart\u00edn","date":"18 noviembre, 2010","format":false,"excerpt":"\u00a0La semana pasada se realizaron varias actividades relacionadas con el Oto\u00f1o en nuestro Centro:- Hemos decorado el colegio con un \u00e1rbol y ADORNOS realizados por el alumnado de Infantil en colaboraci\u00f3n con sus familiares.- El martes 16 de noviembre ha venido un CASTA\u00d1ERO para que todos\/as comamos casta\u00f1itas asadas. Los\u2026","rel":"","context":"En \u00abCurso 2010\/11\u00bb","block_context":{"text":"Curso 2010\/11","link":"https:\/\/www.ceipmaestrorafaelbravomartin.es\/?cat=40"},"img":{"alt_text":"","src":"","width":0,"height":0},"classes":[]},{"id":1644,"url":"https:\/\/www.ceipmaestrorafaelbravomartin.es\/?p=1644","url_meta":{"origin":1770,"position":5},"title":"RAFAEL&#8230; cuarto aniversario.","author":"CEIP Maestro Rafael Bravo Mart\u00edn","date":"18 enero, 2017","format":false,"excerpt":"Siempre te diferenciaste por tu car\u00e1cter, por tu apoyo... aquellas personas que logramos conocerte tuvimos mucha suerte por habernos cruzado contigo. Hace ya cuatro a\u00f1os que no est\u00e1s aqu\u00ed, pero seguimos teni\u00e9ndote en nuestro pensamiento. Permaneces en tu COLE. Seguimos recordando que nuestro cole decidi\u00f3 unirse a la campa\u00f1a de\u2026","rel":"","context":"En \u00abDedicatorias\u00bb","block_context":{"text":"Dedicatorias","link":"https:\/\/www.ceipmaestrorafaelbravomartin.es\/?cat=24"},"img":{"alt_text":"19-1-27","src":"https:\/\/i0.wp.com\/www.ceipmaestrorafaelbravomartin.es\/wp-content\/uploads\/2017\/01\/19-1-27-1024x751.jpg?resize=350%2C200","width":350,"height":200,"srcset":"https:\/\/i0.wp.com\/www.ceipmaestrorafaelbravomartin.es\/wp-content\/uploads\/2017\/01\/19-1-27-1024x751.jpg?resize=350%2C200 1x, https:\/\/i0.wp.com\/www.ceipmaestrorafaelbravomartin.es\/wp-content\/uploads\/2017\/01\/19-1-27-1024x751.jpg?resize=525%2C300 1.5x"},"classes":[]}],"_links":{"self":[{"href":"https:\/\/www.ceipmaestrorafaelbravomartin.es\/index.php?rest_route=\/wp\/v2\/posts\/1770","targetHints":{"allow":["GET"]}}],"collection":[{"href":"https:\/\/www.ceipmaestrorafaelbravomartin.es\/index.php?rest_route=\/wp\/v2\/posts"}],"about":[{"href":"https:\/\/www.ceipmaestrorafaelbravomartin.es\/index.php?rest_route=\/wp\/v2\/types\/post"}],"author":[{"embeddable":true,"href":"https:\/\/www.ceipmaestrorafaelbravomartin.es\/index.php?rest_route=\/wp\/v2\/users\/4"}],"replies":[{"embeddable":true,"href":"https:\/\/www.ceipmaestrorafaelbravomartin.es\/index.php?rest_route=%2Fwp%2Fv2%2Fcomments&post=1770"}],"version-history":[{"count":1,"href":"https:\/\/www.ceipmaestrorafaelbravomartin.es\/index.php?rest_route=\/wp\/v2\/posts\/1770\/revisions"}],"predecessor-version":[{"id":1771,"href":"https:\/\/www.ceipmaestrorafaelbravomartin.es\/index.php?rest_route=\/wp\/v2\/posts\/1770\/revisions\/1771"}],"wp:attachment":[{"href":"https:\/\/www.ceipmaestrorafaelbravomartin.es\/index.php?rest_route=%2Fwp%2Fv2%2Fmedia&parent=1770"}],"wp:term":[{"taxonomy":"category","embeddable":true,"href":"https:\/\/www.ceipmaestrorafaelbravomartin.es\/index.php?rest_route=%2Fwp%2Fv2%2Fcategories&post=1770"},{"taxonomy":"post_tag","embeddable":true,"href":"https:\/\/www.ceipmaestrorafaelbravomartin.es\/index.php?rest_route=%2Fwp%2Fv2%2Ftags&post=1770"}],"curies":[{"name":"wp","href":"https:\/\/api.w.org\/{rel}","templated":true}]}}