{"id":1772,"date":"2017-10-31T23:36:24","date_gmt":"2017-10-31T22:36:24","guid":{"rendered":"http:\/\/www.ceipmaestrorafaelbravomartin.es\/?p=1772"},"modified":"2017-10-31T23:36:24","modified_gmt":"2017-10-31T22:36:24","slug":"31-de-octubre-halloween","status":"publish","type":"post","link":"https:\/\/www.ceipmaestrorafaelbravomartin.es\/?p=1772","title":{"rendered":"31 de Octubre: HALLOWEEN"},"content":{"rendered":"<p style=\"text-align: center;\">Durante estos d\u00edas se han preparado muchas actividades culturales alrededor de la festividad de Halloween, que ayer y hoy se han mostrado al resto de compa\u00f1eros y compa\u00f1eras en el SUM.<\/p>\n<p style=\"text-align: center;\">Como muestra hemos grabado tres de ellas para que pod\u00e1is disfrutarlas.<\/p>\n<p style=\"text-align: center;\">Se trata de:<\/p>\n<p style=\"text-align: center;\">Winnie the Witch ( teatro 6\u00baA )<\/p>\n<p style=\"text-align: center;\">Entrevista a una bruja ( 5\u00baB )<\/p>\n<p style=\"text-align: center;\">Flauta ( 4\u00baC )<\/p>\n<p><iframe loading=\"lazy\" src=\"https:\/\/www.youtube.com\/embed\/zH6G1OsH7W4?rel=0\" width=\"560\" height=\"315\" frameborder=\"0\" allowfullscreen=\"allowfullscreen\"><\/iframe><\/p>\n<p><iframe loading=\"lazy\" src=\"https:\/\/www.youtube.com\/embed\/mj7vr80EU2Y?rel=0\" width=\"560\" height=\"315\" frameborder=\"0\" allowfullscreen=\"allowfullscreen\"><\/iframe><\/p>\n","protected":false},"excerpt":{"rendered":"<p>Durante estos d\u00edas se han preparado muchas actividades culturales alrededor de la festividad de Halloween, que ayer y hoy se han mostrado al resto de compa\u00f1eros y compa\u00f1eras en el SUM. Como muestra hemos grabado tres de ellas para que pod\u00e1is disfrutarlas. Se trata de: Winnie the Witch ( teatro [&hellip;]<\/p>\n","protected":false},"author":4,"featured_media":0,"comment_status":"closed","ping_status":"closed","sticky":false,"template":"","format":"standard","meta":{"jetpack_post_was_ever_published":false,"_jetpack_newsletter_access":"","_jetpack_dont_email_post_to_subs":false,"_jetpack_newsletter_tier_id":0,"_jetpack_memberships_contains_paywalled_content":false,"_jetpack_memberships_contains_paid_content":false,"footnotes":""},"categories":[103,47,25],"tags":[],"class_list":["post-1772","post","type-post","status-publish","format-standard","hentry","category-eventos","category-segundo-ciclo-de-primaria","category-ciclo3"],"jetpack_featured_media_url":"","jetpack_sharing_enabled":true,"jetpack_shortlink":"https:\/\/wp.me\/p9VlHp-sA","jetpack-related-posts":[{"id":674,"url":"https:\/\/www.ceipmaestrorafaelbravomartin.es\/?p=674","url_meta":{"origin":1772,"position":0},"title":"D\u00eda de Andaluc\u00eda 2014","author":"CEIP Maestro Rafael Bravo Mart\u00edn","date":"26 febrero, 2014","format":false,"excerpt":"Con motivo de la celebraci\u00f3n del D\u00eda de Andaluc\u00eda, se han realizado en nuestro Centro diversos trabajos y actividades. En el siguiente v\u00eddeo, dejamos una peque\u00f1a muestra de lo realizado en los niveles de 4\u00ba y 6\u00ba de Primaria. Los grupos de 4\u00ba han realizado trabajos de investigaci\u00f3n sobre el\u2026","rel":"","context":"En \u00abNoticiero\u00bb","block_context":{"text":"Noticiero","link":"https:\/\/www.ceipmaestrorafaelbravomartin.es\/?cat=3"},"img":{"alt_text":"","src":"","width":0,"height":0},"classes":[]},{"id":709,"url":"https:\/\/www.ceipmaestrorafaelbravomartin.es\/?p=709","url_meta":{"origin":1772,"position":1},"title":"Informativo febrero &#8211; marzo","author":"CEIP Maestro Rafael Bravo Mart\u00edn","date":"29 marzo, 2014","format":false,"excerpt":"Como colof\u00f3n a las Jornadas Culturales de 2014, ofrecemos el informativo de nuestro CANAL 6\u00baB TV, en el que recogemos los diferentes eventos que se han ido produciendo durante los meses de febrero y marzo en nuestro centro. Destacamos el esfuerzo de todo el alumnado participante y, especialmente el de\u2026","rel":"","context":"En \u00abInformaci\u00f3n\u00bb","block_context":{"text":"Informaci\u00f3n","link":"https:\/\/www.ceipmaestrorafaelbravomartin.es\/?cat=2"},"img":{"alt_text":"","src":"","width":0,"height":0},"classes":[]},{"id":694,"url":"https:\/\/www.ceipmaestrorafaelbravomartin.es\/?p=694","url_meta":{"origin":1772,"position":2},"title":"8 de marzo de 2014","author":"CEIP Maestro Rafael Bravo Mart\u00edn","date":"8 marzo, 2014","format":false,"excerpt":"Para tomar conciencia de este d\u00eda, adem\u00e1s de la entrada publicada en el blog \"Maestro Rafael Bravo y Guadalquivir 13\/14\", en el tercer ciclo y parte del segundo, se propuso trabajar el siguiente t\u00edtulo: \"LA MUJER M\u00c1S IMPORTANTE DE MI VIDA\". La mayor parte del alumnado de los cursos 4\u00baB,\u2026","rel":"","context":"En \u00abNoticiero\u00bb","block_context":{"text":"Noticiero","link":"https:\/\/www.ceipmaestrorafaelbravomartin.es\/?cat=3"},"img":{"alt_text":"","src":"","width":0,"height":0},"classes":[]},{"id":33,"url":"https:\/\/www.ceipmaestrorafaelbravomartin.es\/?p=33","url_meta":{"origin":1772,"position":3},"title":"Centro TIC","author":"CEIP Maestro Rafael Bravo Mart\u00edn","date":"18 octubre, 2010","format":false,"excerpt":"Nuestra sociedad actual est\u00e1 caracterizada por cambios r\u00e1pidos y profundos, especialmente motivados por el desarrollo de las Nuevas Tecnolog\u00edas de la Informaci\u00f3n y el Conocimiento. La escuela no puede estar ajena a este fen\u00f3meno y tenemos la obligaci\u00f3n de preparar a nuestros alumnos y alumnas para esta sociedad, en la\u2026","rel":"","context":"En \u00abPlanes y programas\u00bb","block_context":{"text":"Planes y programas","link":"https:\/\/www.ceipmaestrorafaelbravomartin.es\/?cat=23"},"img":{"alt_text":"","src":"","width":0,"height":0},"classes":[]},{"id":221,"url":"https:\/\/www.ceipmaestrorafaelbravomartin.es\/?p=221","url_meta":{"origin":1772,"position":4},"title":"Celebraci\u00f3n de la Navidad","author":"CEIP Maestro Rafael Bravo Mart\u00edn","date":"9 enero, 2012","format":false,"excerpt":"Con motivo de la Navidad se han llevado a cabo en el Centro varias actividades, algunas de las cuales queremos compartir con toda la Comunidad Educativa. Para comenzar, os dejamos el Certamen de Villancicos que el primer ciclo de Primaria realiz\u00f3 en el sal\u00f3n de actos del Centro. \u00a0 \u00a0\u00a0\u2026","rel":"","context":"En \u00abCurso 2011\/12\u00bb","block_context":{"text":"Curso 2011\/12","link":"https:\/\/www.ceipmaestrorafaelbravomartin.es\/?cat=45"},"img":{"alt_text":"Taller cocina","src":"https:\/\/i0.wp.com\/www.ceipmaestrorafaelbravomartin.es\/wp-content\/uploads\/2012\/01\/collage.jpg?resize=350%2C200&ssl=1","width":350,"height":200,"srcset":"https:\/\/i0.wp.com\/www.ceipmaestrorafaelbravomartin.es\/wp-content\/uploads\/2012\/01\/collage.jpg?resize=350%2C200&ssl=1 1x, https:\/\/i0.wp.com\/www.ceipmaestrorafaelbravomartin.es\/wp-content\/uploads\/2012\/01\/collage.jpg?resize=525%2C300&ssl=1 1.5x, https:\/\/i0.wp.com\/www.ceipmaestrorafaelbravomartin.es\/wp-content\/uploads\/2012\/01\/collage.jpg?resize=700%2C400&ssl=1 2x"},"classes":[]},{"id":130,"url":"https:\/\/www.ceipmaestrorafaelbravomartin.es\/?p=130","url_meta":{"origin":1772,"position":5},"title":"Intantil y primaria unidos por los cuentos.","author":"CEIP Maestro Rafael Bravo Mart\u00edn","date":"27 abril, 2010","format":false,"excerpt":"Como ya os anunci\u00e9, durante este mes y parte del que viene, se est\u00e1n realizando en el 2\u00ba y 3er ciclo de primaria cuentos para ser expuestos en nuestra web.\u00a0 Nuestra compa\u00f1era Aurora, tutora de 6\u00ba A,\u00a0 ha tenido una excelente idea\u00a0 y ha contado con alumnos\/as de Infantil para\u2026","rel":"","context":"En \u00abCurso 2009\/10\u00bb","block_context":{"text":"Curso 2009\/10","link":"https:\/\/www.ceipmaestrorafaelbravomartin.es\/?cat=27"},"img":{"alt_text":"","src":"","width":0,"height":0},"classes":[]}],"_links":{"self":[{"href":"https:\/\/www.ceipmaestrorafaelbravomartin.es\/index.php?rest_route=\/wp\/v2\/posts\/1772","targetHints":{"allow":["GET"]}}],"collection":[{"href":"https:\/\/www.ceipmaestrorafaelbravomartin.es\/index.php?rest_route=\/wp\/v2\/posts"}],"about":[{"href":"https:\/\/www.ceipmaestrorafaelbravomartin.es\/index.php?rest_route=\/wp\/v2\/types\/post"}],"author":[{"embeddable":true,"href":"https:\/\/www.ceipmaestrorafaelbravomartin.es\/index.php?rest_route=\/wp\/v2\/users\/4"}],"replies":[{"embeddable":true,"href":"https:\/\/www.ceipmaestrorafaelbravomartin.es\/index.php?rest_route=%2Fwp%2Fv2%2Fcomments&post=1772"}],"version-history":[{"count":1,"href":"https:\/\/www.ceipmaestrorafaelbravomartin.es\/index.php?rest_route=\/wp\/v2\/posts\/1772\/revisions"}],"predecessor-version":[{"id":1773,"href":"https:\/\/www.ceipmaestrorafaelbravomartin.es\/index.php?rest_route=\/wp\/v2\/posts\/1772\/revisions\/1773"}],"wp:attachment":[{"href":"https:\/\/www.ceipmaestrorafaelbravomartin.es\/index.php?rest_route=%2Fwp%2Fv2%2Fmedia&parent=1772"}],"wp:term":[{"taxonomy":"category","embeddable":true,"href":"https:\/\/www.ceipmaestrorafaelbravomartin.es\/index.php?rest_route=%2Fwp%2Fv2%2Fcategories&post=1772"},{"taxonomy":"post_tag","embeddable":true,"href":"https:\/\/www.ceipmaestrorafaelbravomartin.es\/index.php?rest_route=%2Fwp%2Fv2%2Ftags&post=1772"}],"curies":[{"name":"wp","href":"https:\/\/api.w.org\/{rel}","templated":true}]}}