{"id":1784,"date":"2017-11-17T17:40:12","date_gmt":"2017-11-17T16:40:12","guid":{"rendered":"http:\/\/www.ceipmaestrorafaelbravomartin.es\/?p=1784"},"modified":"2017-11-17T18:33:12","modified_gmt":"2017-11-17T17:33:12","slug":"acertijos-capitulo-ii","status":"publish","type":"post","link":"https:\/\/www.ceipmaestrorafaelbravomartin.es\/?p=1784","title":{"rendered":"ACERTIJOS: Cap\u00edtulo II"},"content":{"rendered":"<p style=\"text-align: center;\">Llega el segundo cap\u00edtulo de la serie ACERTIJOS.<\/p>\n<p style=\"text-align: center;\">En \u00e9l ha colaborado alumnado de Sexto B. Adem\u00e1s, hemos tenido la gran suerte que durante la grabaci\u00f3n, pasase por nuestra clase M\u00aa Jos\u00e9 Vel\u00e1zquez.<\/p>\n<p style=\"text-align: center;\">Y cuando le hemos propuesto que grabase un acertijo, despu\u00e9s de algunas dudas, lo ha hecho y, como pod\u00e9is comprobar, muy bien.<\/p>\n<p style=\"text-align: center;\">Agradecemos su colaboraci\u00f3n en nuestra serie.<\/p>\n<p><iframe loading=\"lazy\" src=\"https:\/\/www.youtube.com\/embed\/ecAkvq3bns4?rel=0\" width=\"560\" height=\"315\" frameborder=\"0\" allowfullscreen=\"allowfullscreen\"><\/iframe><\/p>\n","protected":false},"excerpt":{"rendered":"<p>Llega el segundo cap\u00edtulo de la serie ACERTIJOS. En \u00e9l ha colaborado alumnado de Sexto B. Adem\u00e1s, hemos tenido la gran suerte que durante la grabaci\u00f3n, pasase por nuestra clase M\u00aa Jos\u00e9 Vel\u00e1zquez. Y cuando le hemos propuesto que grabase un acertijo, despu\u00e9s de algunas dudas, lo ha hecho y, [&hellip;]<\/p>\n","protected":false},"author":4,"featured_media":0,"comment_status":"closed","ping_status":"closed","sticky":false,"template":"","format":"standard","meta":{"jetpack_post_was_ever_published":false,"_jetpack_newsletter_access":"","_jetpack_dont_email_post_to_subs":false,"_jetpack_newsletter_tier_id":0,"_jetpack_memberships_contains_paywalled_content":false,"_jetpack_memberships_contains_paid_content":false,"footnotes":""},"categories":[36,25],"tags":[],"class_list":["post-1784","post","type-post","status-publish","format-standard","hentry","category-pasatiempos","category-ciclo3"],"jetpack_featured_media_url":"","jetpack_sharing_enabled":true,"jetpack_shortlink":"https:\/\/wp.me\/p9VlHp-sM","jetpack-related-posts":[{"id":1759,"url":"https:\/\/www.ceipmaestrorafaelbravomartin.es\/?p=1759","url_meta":{"origin":1784,"position":0},"title":"ACERTIJOS: Cap\u00edtulo I","author":"CEIP Maestro Rafael Bravo Mart\u00edn","date":"20 octubre, 2017","format":false,"excerpt":"El alumnado de Sexto A ten\u00eda pendiente, desde el pasado curso, trabajar en Lengua los ACERTIJOS. Y por fin, hoy hemos dado comienzo a ello. Se unen, en cierto modo, dos \u00e1reas: Lengua y Matem\u00e1ticas. Este es el primer cap\u00edtulo, pero nuestra intenci\u00f3n es seguir produciendo m\u00e1s. Animamos al resto\u2026","rel":"","context":"En \u00abPasatiempos\u00bb","block_context":{"text":"Pasatiempos","link":"https:\/\/www.ceipmaestrorafaelbravomartin.es\/?cat=36"},"img":{"alt_text":"","src":"","width":0,"height":0},"classes":[]},{"id":1816,"url":"https:\/\/www.ceipmaestrorafaelbravomartin.es\/?p=1816","url_meta":{"origin":1784,"position":1},"title":"SEXTO A : CARNAVAL 2018","author":"CEIP Maestro Rafael Bravo Mart\u00edn","date":"16 febrero, 2018","format":false,"excerpt":"Al estar tan cercano el D\u00eda de Andaluc\u00eda, el alumnado de Sexto A\u00a0 ha preparado unos antifaces que hagan alusi\u00f3n al mismo. Hemos contado con la colaboraci\u00f3n de las familias para hacerlos y tambi\u00e9n en las camisetas con los nombres de las provincias de nuestra Comunidad Aut\u00f3noma. Y por \u00faltimo\u2026","rel":"","context":"En \u00abEventos\u00bb","block_context":{"text":"Eventos","link":"https:\/\/www.ceipmaestrorafaelbravomartin.es\/?cat=103"},"img":{"alt_text":"","src":"","width":0,"height":0},"classes":[]},{"id":170,"url":"https:\/\/www.ceipmaestrorafaelbravomartin.es\/?p=170","url_meta":{"origin":1784,"position":2},"title":"Verbena 2011","author":"CEIP Maestro Rafael Bravo Mart\u00edn","date":"27 junio, 2011","format":false,"excerpt":"El pasado viernes 24 de junio, nuestro Cole ha celebrado el final de curso con su tradicional Verbena.","rel":"","context":"En \u00abActividades extraescolares\u00bb","block_context":{"text":"Actividades extraescolares","link":"https:\/\/www.ceipmaestrorafaelbravomartin.es\/?cat=14"},"img":{"alt_text":"","src":"","width":0,"height":0},"classes":[]},{"id":326,"url":"https:\/\/www.ceipmaestrorafaelbravomartin.es\/?p=326","url_meta":{"origin":1784,"position":3},"title":"VERBENA 2013","author":"CEIP Maestro Rafael Bravo Mart\u00edn","date":"23 junio, 2013","format":false,"excerpt":"El pasado viernes 21 de junio se celebr\u00f3 la verbena con la que finaliza el curso 2012-2013 que, por primera vez y a partir de ahora, pasa a denominarse VERBENA \"MAESTRO RAFAEL BRAVO\"; dedicada a \u00e9l. Dio comienzo comienzo con la bienvenida y agradecimientos de nuestra directora: \u00a0\u00a0 A continuaci\u00f3n\u2026","rel":"","context":"En \u00abDedicatorias\u00bb","block_context":{"text":"Dedicatorias","link":"https:\/\/www.ceipmaestrorafaelbravomartin.es\/?cat=24"},"img":{"alt_text":"","src":"","width":0,"height":0},"classes":[]},{"id":255,"url":"https:\/\/www.ceipmaestrorafaelbravomartin.es\/?p=255","url_meta":{"origin":1784,"position":4},"title":"EL C.E.I.P. NTRA. SRA. DE LA ASUNCI\u00d3N CON LA SELECCI\u00d3N ESPA\u00d1OLA","author":"CEIP Maestro Rafael Bravo Mart\u00edn","date":"14 junio, 2012","format":false,"excerpt":"Hace unos d\u00edas que ha comenzado la Eurocopa de f\u00fatbol \u201cPolon\u00eda \u2013Ucrania 2012 \u201c. Desde este centro queremos hacer participes a todos los ni\u00f1os\/as, aportando nuestro granito de arena para hacer llegar a Polon\u00eda\u00a0 y Ucrania toda nuestra ilusi\u00f3n. Durante estos d\u00edas hemos pedido a todos los alumnos\/as, que el\u2026","rel":"","context":"En \u00abEd. F\u00edsica\u00bb","block_context":{"text":"Ed. F\u00edsica","link":"https:\/\/www.ceipmaestrorafaelbravomartin.es\/?cat=28"},"img":{"alt_text":"","src":"","width":0,"height":0},"classes":[]},{"id":139,"url":"https:\/\/www.ceipmaestrorafaelbravomartin.es\/?p=139","url_meta":{"origin":1784,"position":5},"title":"Incidencias en Pasen","author":"CEIP Maestro Rafael Bravo Mart\u00edn","date":"4 febrero, 2011","format":false,"excerpt":"Tras la sesi\u00f3n informativa sobre el uso de Pasen que se celebr\u00f3 el pasado martes, hemos recibido numerosas incidencias en relaci\u00f3n a las credenciales que se les ha proporcionado a los tutores legales y alumnado. Por causas ajenas al Centro, algunas de las claves no son correctas. Por tanto, si\u2026","rel":"","context":"En \u00abNoticias TIC\u00bb","block_context":{"text":"Noticias TIC","link":"https:\/\/www.ceipmaestrorafaelbravomartin.es\/?cat=19"},"img":{"alt_text":"","src":"","width":0,"height":0},"classes":[]}],"_links":{"self":[{"href":"https:\/\/www.ceipmaestrorafaelbravomartin.es\/index.php?rest_route=\/wp\/v2\/posts\/1784","targetHints":{"allow":["GET"]}}],"collection":[{"href":"https:\/\/www.ceipmaestrorafaelbravomartin.es\/index.php?rest_route=\/wp\/v2\/posts"}],"about":[{"href":"https:\/\/www.ceipmaestrorafaelbravomartin.es\/index.php?rest_route=\/wp\/v2\/types\/post"}],"author":[{"embeddable":true,"href":"https:\/\/www.ceipmaestrorafaelbravomartin.es\/index.php?rest_route=\/wp\/v2\/users\/4"}],"replies":[{"embeddable":true,"href":"https:\/\/www.ceipmaestrorafaelbravomartin.es\/index.php?rest_route=%2Fwp%2Fv2%2Fcomments&post=1784"}],"version-history":[{"count":2,"href":"https:\/\/www.ceipmaestrorafaelbravomartin.es\/index.php?rest_route=\/wp\/v2\/posts\/1784\/revisions"}],"predecessor-version":[{"id":1786,"href":"https:\/\/www.ceipmaestrorafaelbravomartin.es\/index.php?rest_route=\/wp\/v2\/posts\/1784\/revisions\/1786"}],"wp:attachment":[{"href":"https:\/\/www.ceipmaestrorafaelbravomartin.es\/index.php?rest_route=%2Fwp%2Fv2%2Fmedia&parent=1784"}],"wp:term":[{"taxonomy":"category","embeddable":true,"href":"https:\/\/www.ceipmaestrorafaelbravomartin.es\/index.php?rest_route=%2Fwp%2Fv2%2Fcategories&post=1784"},{"taxonomy":"post_tag","embeddable":true,"href":"https:\/\/www.ceipmaestrorafaelbravomartin.es\/index.php?rest_route=%2Fwp%2Fv2%2Ftags&post=1784"}],"curies":[{"name":"wp","href":"https:\/\/api.w.org\/{rel}","templated":true}]}}