{"id":1787,"date":"2017-11-17T20:38:06","date_gmt":"2017-11-17T19:38:06","guid":{"rendered":"http:\/\/www.ceipmaestrorafaelbravomartin.es\/?p=1787"},"modified":"2017-11-17T20:38:06","modified_gmt":"2017-11-17T19:38:06","slug":"20-de-noviembre-dia-universal-del-nino","status":"publish","type":"post","link":"https:\/\/www.ceipmaestrorafaelbravomartin.es\/?p=1787","title":{"rendered":"20 de noviembre: D\u00eda Universal del Ni\u00f1o"},"content":{"rendered":"<p>El\u00a0<strong>D\u00eda Universal del Ni\u00f1o, que se celebra todos los a\u00f1os el 20 de noviembre<\/strong>, es un d\u00eda dedicado a todos los ni\u00f1os y ni\u00f1as del mundo.<\/p>\n<p>Es un d\u00eda de celebraci\u00f3n por los avances conseguidos, pero sobre todo es un d\u00eda para llamar la atenci\u00f3n sobre la situaci\u00f3n de los ni\u00f1os m\u00e1s desfavorecidos, dar a conocer los\u00a0<strong>derechos de la infancia<\/strong>\u00a0y concienciar a las personas de la importancia de trabajar d\u00eda a d\u00eda por su bienestar y desarrollo.<\/p>\n<p><strong>El objetivo del D\u00eda Universal del Ni\u00f1o es recordar a la ciudadan\u00eda<\/strong>\u00a0que los ni\u00f1os son el colectivo m\u00e1s vulnerable y por tanto que m\u00e1s sufre las crisis y los problemas del mundo.<\/p>\n<p>Este d\u00eda mundial recuerda que\u00a0<strong>todos los ni\u00f1os tienen derecho a la salud, la educaci\u00f3n y la protecci\u00f3n<\/strong>, independientemente del lugar del mundo en el que haya nacido.<\/p>\n<p>Dedicar un d\u00eda internacional a la infancia tambi\u00e9n sirve para hacer un llamamiento mundial sobre las necesidades de los m\u00e1s peque\u00f1os y para reconocer la labor de las personas que cada d\u00eda trabajan para que los ni\u00f1os y ni\u00f1as tengan un futuro mejor.<\/p>\n<p><iframe loading=\"lazy\" src=\"https:\/\/www.youtube.com\/embed\/jBB5Ek0COTI?rel=0\" width=\"560\" height=\"315\" frameborder=\"0\" allowfullscreen=\"allowfullscreen\"><\/iframe><\/p>\n","protected":false},"excerpt":{"rendered":"<p>El\u00a0D\u00eda Universal del Ni\u00f1o, que se celebra todos los a\u00f1os el 20 de noviembre, es un d\u00eda dedicado a todos los ni\u00f1os y ni\u00f1as del mundo. Es un d\u00eda de celebraci\u00f3n por los avances conseguidos, pero sobre todo es un d\u00eda para llamar la atenci\u00f3n sobre la situaci\u00f3n de los [&hellip;]<\/p>\n","protected":false},"author":4,"featured_media":0,"comment_status":"closed","ping_status":"closed","sticky":false,"template":"","format":"standard","meta":{"jetpack_post_was_ever_published":false,"_jetpack_newsletter_access":"","_jetpack_dont_email_post_to_subs":false,"_jetpack_newsletter_tier_id":0,"_jetpack_memberships_contains_paywalled_content":false,"_jetpack_memberships_contains_paid_content":false,"footnotes":""},"categories":[10,23,25],"tags":[],"class_list":["post-1787","post","type-post","status-publish","format-standard","hentry","category-centro","category-planes-y-programas","category-ciclo3"],"jetpack_featured_media_url":"","jetpack_sharing_enabled":true,"jetpack_shortlink":"https:\/\/wp.me\/p9VlHp-sP","jetpack-related-posts":[{"id":82,"url":"https:\/\/www.ceipmaestrorafaelbravomartin.es\/?p=82","url_meta":{"origin":1787,"position":0},"title":"Reuni\u00f3n con las familias en Ed. Infantil","author":"CEIP Maestro Rafael Bravo Mart\u00edn","date":"29 noviembre, 2009","format":false,"excerpt":"El 26 de octubre del 2010 se llev\u00f3 a cabo la reuni\u00f3n con las \u00a0 familias del alumnado de Educaci\u00f3n Infantil. En ella se trataron entre otros los siguientes puntos:","rel":"","context":"En \u00abEducaci\u00f3n Infantil\u00bb","block_context":{"text":"Educaci\u00f3n Infantil","link":"https:\/\/www.ceipmaestrorafaelbravomartin.es\/?cat=26"},"img":{"alt_text":"*","src":"file:\/\/\/C:\/DOCUME~1\/ANGELO~1\/CONFIG~1\/Temp\/msohtml1\/01\/clip_image001.gif","width":350,"height":200},"classes":[]},{"id":25,"url":"https:\/\/www.ceipmaestrorafaelbravomartin.es\/?p=25","url_meta":{"origin":1787,"position":1},"title":"Consejos para padres y madres.","author":"CEIP Maestro Rafael Bravo Mart\u00edn","date":"14 octubre, 2010","format":false,"excerpt":"\u00a0Normas sobre lecturas para padres y madres:","rel":"","context":"En \u00abInformaci\u00f3n\u00bb","block_context":{"text":"Informaci\u00f3n","link":"https:\/\/www.ceipmaestrorafaelbravomartin.es\/?cat=20"},"img":{"alt_text":"","src":"","width":0,"height":0},"classes":[]},{"id":2029,"url":"https:\/\/www.ceipmaestrorafaelbravomartin.es\/?p=2029","url_meta":{"origin":1787,"position":2},"title":"APRENDE A SEPARARTE","author":"CEIP Maestro Rafael Bravo Mart\u00edn","date":"8 febrero, 2020","format":false,"excerpt":"Dado el elevado n\u00famero de separaciones entre parejas que se producen hoy en d\u00eda,\u00a0son muchos los ni\u00f1os\/ni\u00f1as afectados por esta situaci\u00f3n, que ha dejado de ser excepcional para pasar a ser bastante habitual. Las\u00a0consecuencias\u00a0que sufre el hijo\/a de padres separados estar\u00e1n m\u00e1s relacionadas con las desavenencias familiares previas y asociadas\u2026","rel":"","context":"En \u00abA.M.P.A.\u00bb","block_context":{"text":"A.M.P.A.","link":"https:\/\/www.ceipmaestrorafaelbravomartin.es\/?cat=15"},"img":{"alt_text":"","src":"https:\/\/i0.wp.com\/www.ceipmaestrorafaelbravomartin.es\/wp-content\/uploads\/2020\/02\/aprende-a-separarte-cabecera.jpg_435216123.jpg?resize=350%2C200&ssl=1","width":350,"height":200,"srcset":"https:\/\/i0.wp.com\/www.ceipmaestrorafaelbravomartin.es\/wp-content\/uploads\/2020\/02\/aprende-a-separarte-cabecera.jpg_435216123.jpg?resize=350%2C200&ssl=1 1x, https:\/\/i0.wp.com\/www.ceipmaestrorafaelbravomartin.es\/wp-content\/uploads\/2020\/02\/aprende-a-separarte-cabecera.jpg_435216123.jpg?resize=525%2C300&ssl=1 1.5x, https:\/\/i0.wp.com\/www.ceipmaestrorafaelbravomartin.es\/wp-content\/uploads\/2020\/02\/aprende-a-separarte-cabecera.jpg_435216123.jpg?resize=700%2C400&ssl=1 2x, https:\/\/i0.wp.com\/www.ceipmaestrorafaelbravomartin.es\/wp-content\/uploads\/2020\/02\/aprende-a-separarte-cabecera.jpg_435216123.jpg?resize=1050%2C600&ssl=1 3x"},"classes":[]},{"id":208,"url":"https:\/\/www.ceipmaestrorafaelbravomartin.es\/?p=208","url_meta":{"origin":1787,"position":3},"title":"25 de noviembre: D\u00eda internacional contra la violencia de g\u00e9nero.","author":"CEIP Maestro Rafael Bravo Mart\u00edn","date":"25 noviembre, 2011","format":false,"excerpt":"El viernes 25 de noviembre se celebr\u00f3 el D\u00cdA INTERNACIONAL PARA LA ELIMINACI\u00d3N DE LA VIOLENCIA CONTRA LA MUJER. Durante esa semana los alumnos\/as han realizado actividades para tomar conciencia de la igualdad entre mujeres y hombres, ni\u00f1as y ni\u00f1os. Aqu\u00ed os dejamos algunas de las muchas que se llevaron\u2026","rel":"","context":"En \u00abCurso 2011\/12\u00bb","block_context":{"text":"Curso 2011\/12","link":"https:\/\/www.ceipmaestrorafaelbravomartin.es\/?cat=45"},"img":{"alt_text":"","src":"","width":0,"height":0},"classes":[]},{"id":246,"url":"https:\/\/www.ceipmaestrorafaelbravomartin.es\/?p=246","url_meta":{"origin":1787,"position":4},"title":"\u00abThe Sleeping Clouds\u00bb y \u00abA Royal Visit\u00bb","author":"CEIP Maestro Rafael Bravo Mart\u00edn","date":"26 abril, 2012","format":false,"excerpt":"\u00a0 Con motivo del D\u00eda del Libro, los cursos 1\u00baB y 4\u00baB representaron dos peque\u00f1as obras teatrales en Idioma extranjero-Ingl\u00e9s, \u201cThe Sleeping Clouds\u201d y \u201c A Royal Visit\u201d respectivamente. Para los preparativos de las mismas y la obtenci\u00f3n de un magn\u00edfico resultado, contamos con la colaboraci\u00f3n de la comunidad educativa.\u2026","rel":"","context":"En \u00abPlanes y programas\u00bb","block_context":{"text":"Planes y programas","link":"https:\/\/www.ceipmaestrorafaelbravomartin.es\/?cat=23"},"img":{"alt_text":"","src":"","width":0,"height":0},"classes":[]},{"id":3031,"url":"https:\/\/www.ceipmaestrorafaelbravomartin.es\/?p=3031","url_meta":{"origin":1787,"position":5},"title":"D\u00eda Internacional de la Mujer","author":"CEIP Maestro Rafael Bravo Mart\u00edn","date":"7 abril, 2021","format":false,"excerpt":"El d\u00eda 8 de marzo se conmemora la lucha de la mujer por su participaci\u00f3n en la sociedad y su desarrollo \u00edntegro como persona, en pos de la igualdad con el hombre. La sociedad no deja de avanzar, seguimos obteniendo derechos yreconocimientos y la lucha cada vez es m\u00e1s generalizada.\u2026","rel":"","context":"En \u00abCoeducaci\u00f3n\u00bb","block_context":{"text":"Coeducaci\u00f3n","link":"https:\/\/www.ceipmaestrorafaelbravomartin.es\/?cat=114"},"img":{"alt_text":"","src":"https:\/\/i0.wp.com\/www.ceipmaestrorafaelbravomartin.es\/wp-content\/uploads\/2021\/04\/WhatsApp-Image-2021-03-10-at-21.19.53-150x150.jpeg?resize=350%2C200&ssl=1","width":350,"height":200,"srcset":"https:\/\/i0.wp.com\/www.ceipmaestrorafaelbravomartin.es\/wp-content\/uploads\/2021\/04\/WhatsApp-Image-2021-03-10-at-21.19.53-150x150.jpeg?resize=350%2C200&ssl=1 1x, https:\/\/i0.wp.com\/www.ceipmaestrorafaelbravomartin.es\/wp-content\/uploads\/2021\/04\/WhatsApp-Image-2021-03-10-at-21.19.53-150x150.jpeg?resize=525%2C300&ssl=1 1.5x, https:\/\/i0.wp.com\/www.ceipmaestrorafaelbravomartin.es\/wp-content\/uploads\/2021\/04\/WhatsApp-Image-2021-03-10-at-21.19.53-150x150.jpeg?resize=700%2C400&ssl=1 2x, https:\/\/i0.wp.com\/www.ceipmaestrorafaelbravomartin.es\/wp-content\/uploads\/2021\/04\/WhatsApp-Image-2021-03-10-at-21.19.53-150x150.jpeg?resize=1050%2C600&ssl=1 3x, https:\/\/i0.wp.com\/www.ceipmaestrorafaelbravomartin.es\/wp-content\/uploads\/2021\/04\/WhatsApp-Image-2021-03-10-at-21.19.53-150x150.jpeg?resize=1400%2C800&ssl=1 4x"},"classes":[]}],"_links":{"self":[{"href":"https:\/\/www.ceipmaestrorafaelbravomartin.es\/index.php?rest_route=\/wp\/v2\/posts\/1787","targetHints":{"allow":["GET"]}}],"collection":[{"href":"https:\/\/www.ceipmaestrorafaelbravomartin.es\/index.php?rest_route=\/wp\/v2\/posts"}],"about":[{"href":"https:\/\/www.ceipmaestrorafaelbravomartin.es\/index.php?rest_route=\/wp\/v2\/types\/post"}],"author":[{"embeddable":true,"href":"https:\/\/www.ceipmaestrorafaelbravomartin.es\/index.php?rest_route=\/wp\/v2\/users\/4"}],"replies":[{"embeddable":true,"href":"https:\/\/www.ceipmaestrorafaelbravomartin.es\/index.php?rest_route=%2Fwp%2Fv2%2Fcomments&post=1787"}],"version-history":[{"count":1,"href":"https:\/\/www.ceipmaestrorafaelbravomartin.es\/index.php?rest_route=\/wp\/v2\/posts\/1787\/revisions"}],"predecessor-version":[{"id":1788,"href":"https:\/\/www.ceipmaestrorafaelbravomartin.es\/index.php?rest_route=\/wp\/v2\/posts\/1787\/revisions\/1788"}],"wp:attachment":[{"href":"https:\/\/www.ceipmaestrorafaelbravomartin.es\/index.php?rest_route=%2Fwp%2Fv2%2Fmedia&parent=1787"}],"wp:term":[{"taxonomy":"category","embeddable":true,"href":"https:\/\/www.ceipmaestrorafaelbravomartin.es\/index.php?rest_route=%2Fwp%2Fv2%2Fcategories&post=1787"},{"taxonomy":"post_tag","embeddable":true,"href":"https:\/\/www.ceipmaestrorafaelbravomartin.es\/index.php?rest_route=%2Fwp%2Fv2%2Ftags&post=1787"}],"curies":[{"name":"wp","href":"https:\/\/api.w.org\/{rel}","templated":true}]}}