{"id":1793,"date":"2017-12-07T11:47:29","date_gmt":"2017-12-07T10:47:29","guid":{"rendered":"http:\/\/www.ceipmaestrorafaelbravomartin.es\/?p=1793"},"modified":"2017-12-07T11:47:29","modified_gmt":"2017-12-07T10:47:29","slug":"tarjetas-navidenas","status":"publish","type":"post","link":"https:\/\/www.ceipmaestrorafaelbravomartin.es\/?p=1793","title":{"rendered":"TARJETAS NAVIDE\u00d1AS"},"content":{"rendered":"<p style=\"text-align: center;\">En la semana del 17 al 22 de diciembre, el alumnado de SEXTO, tiene prevista la visita a la Residencia de Ancianos<\/p>\n<p style=\"text-align: center;\">de Alcal\u00e1 del R\u00edo.<\/p>\n<p style=\"text-align: center;\">Quieren llevar a nuestros mayores un poquito de alegr\u00eda en estas fechas pr\u00f3ximas a la Navidad.<\/p>\n<p style=\"text-align: center;\">Cantar\u00e1n para ellos y con ellos, algunos villancicos tradicionales.<\/p>\n<p style=\"text-align: center;\">Adem\u00e1s en casa han hecho con todo cari\u00f1o, unas tarjetas navide\u00f1as para d\u00e1rselas el d\u00eda que los visiten.<\/p>\n<p style=\"text-align: center;\">Os dejamos a continuaci\u00f3n el v\u00eddeo de las mismas.<\/p>\n<p><iframe loading=\"lazy\" src=\"https:\/\/www.youtube.com\/embed\/KI7AqJXpXWw?rel=0\" width=\"560\" height=\"315\" frameborder=\"0\" allowfullscreen=\"allowfullscreen\"><\/iframe><\/p>\n<p style=\"text-align: center;\"><strong>\u00a1FELICES FIESTAS!<\/strong><\/p>\n","protected":false},"excerpt":{"rendered":"<p>En la semana del 17 al 22 de diciembre, el alumnado de SEXTO, tiene prevista la visita a la Residencia de Ancianos de Alcal\u00e1 del R\u00edo. Quieren llevar a nuestros mayores un poquito de alegr\u00eda en estas fechas pr\u00f3ximas a la Navidad. Cantar\u00e1n para ellos y con ellos, algunos villancicos [&hellip;]<\/p>\n","protected":false},"author":4,"featured_media":0,"comment_status":"closed","ping_status":"closed","sticky":false,"template":"","format":"standard","meta":{"jetpack_post_was_ever_published":false,"_jetpack_newsletter_access":"","_jetpack_dont_email_post_to_subs":false,"_jetpack_newsletter_tier_id":0,"_jetpack_memberships_contains_paywalled_content":false,"_jetpack_memberships_contains_paid_content":false,"footnotes":""},"categories":[14,111,25],"tags":[],"class_list":["post-1793","post","type-post","status-publish","format-standard","hentry","category-estraexcolares","category-navidad","category-ciclo3"],"jetpack_featured_media_url":"","jetpack_sharing_enabled":true,"jetpack_shortlink":"https:\/\/wp.me\/p9VlHp-sV","jetpack-related-posts":[{"id":1790,"url":"https:\/\/www.ceipmaestrorafaelbravomartin.es\/?p=1790","url_meta":{"origin":1793,"position":0},"title":"Christmas Card Exchange Project","author":"CEIP Maestro Rafael Bravo Mart\u00edn","date":"3 diciembre, 2017","format":false,"excerpt":"Durante este curso, el alumnado y el profesorado de Tercer Ciclo participamos en un proyecto de intercambio de Christmas con ni\u00f1os y ni\u00f1as de diferentes pa\u00edses del mundo. Esta iniciativa, \"Christmas Card Exchange Project\", nos ha brindado la oportunidad de tener contacto con personas de EEUU (Iowa y Ohio) y\u2026","rel":"","context":"En \u00abBiling\u00fcismo\u00bb","block_context":{"text":"Biling\u00fcismo","link":"https:\/\/www.ceipmaestrorafaelbravomartin.es\/?cat=109"},"img":{"alt_text":"","src":"","width":0,"height":0},"classes":[]},{"id":632,"url":"https:\/\/www.ceipmaestrorafaelbravomartin.es\/?p=632","url_meta":{"origin":1793,"position":1},"title":"Actuaci\u00f3n del coro de campanilleros \u00ablos Zambombe\u00f1os\u00bb","author":"CEIP Maestro Rafael Bravo Mart\u00edn","date":"7 enero, 2014","format":false,"excerpt":"El pasado 19 de diciembre, nos visitaron el coro de campanilleros \"Los Zambombe\u00f1os\". Nos brindaron una actuaci\u00f3n muy divertida con villancicos populares en los que pudimos cantar con ellos. Un fant\u00e1stico inicio de las vacaciones navide\u00f1as. http:\/\/youtu.be\/t4Zf0UmFJoY","rel":"","context":"En \u00abCelebraciones\u00bb","block_context":{"text":"Celebraciones","link":"https:\/\/www.ceipmaestrorafaelbravomartin.es\/?cat=42"},"img":{"alt_text":"","src":"https:\/\/i0.wp.com\/img.youtube.com\/vi\/t4Zf0UmFJoY\/0.jpg?resize=350%2C200","width":350,"height":200},"classes":[]},{"id":221,"url":"https:\/\/www.ceipmaestrorafaelbravomartin.es\/?p=221","url_meta":{"origin":1793,"position":2},"title":"Celebraci\u00f3n de la Navidad","author":"CEIP Maestro Rafael Bravo Mart\u00edn","date":"9 enero, 2012","format":false,"excerpt":"Con motivo de la Navidad se han llevado a cabo en el Centro varias actividades, algunas de las cuales queremos compartir con toda la Comunidad Educativa. Para comenzar, os dejamos el Certamen de Villancicos que el primer ciclo de Primaria realiz\u00f3 en el sal\u00f3n de actos del Centro. \u00a0 \u00a0\u00a0\u2026","rel":"","context":"En \u00abCurso 2011\/12\u00bb","block_context":{"text":"Curso 2011\/12","link":"https:\/\/www.ceipmaestrorafaelbravomartin.es\/?cat=45"},"img":{"alt_text":"Taller cocina","src":"https:\/\/i0.wp.com\/www.ceipmaestrorafaelbravomartin.es\/wp-content\/uploads\/2012\/01\/collage.jpg?resize=350%2C200&ssl=1","width":350,"height":200,"srcset":"https:\/\/i0.wp.com\/www.ceipmaestrorafaelbravomartin.es\/wp-content\/uploads\/2012\/01\/collage.jpg?resize=350%2C200&ssl=1 1x, https:\/\/i0.wp.com\/www.ceipmaestrorafaelbravomartin.es\/wp-content\/uploads\/2012\/01\/collage.jpg?resize=525%2C300&ssl=1 1.5x, https:\/\/i0.wp.com\/www.ceipmaestrorafaelbravomartin.es\/wp-content\/uploads\/2012\/01\/collage.jpg?resize=700%2C400&ssl=1 2x"},"classes":[]},{"id":1799,"url":"https:\/\/www.ceipmaestrorafaelbravomartin.es\/?p=1799","url_meta":{"origin":1793,"position":3},"title":"\u00a1Navidad!","author":"CEIP Maestro Rafael Bravo Mart\u00edn","date":"20 diciembre, 2017","format":false,"excerpt":"Siempre se ha dicho que la Navidad es una fiesta para estar en familia, por eso pensamos que es muy importante dedicar algo de tiempo a nuestros mayores. El alumnado de sexto ha estado en la Residencia de Ancianos para llevarles un cachito de Navidad. Queremos compartir con vosotros nuestros\u2026","rel":"","context":"En \u00abEventos\u00bb","block_context":{"text":"Eventos","link":"https:\/\/www.ceipmaestrorafaelbravomartin.es\/?cat=103"},"img":{"alt_text":"","src":"","width":0,"height":0},"classes":[]},{"id":1321,"url":"https:\/\/www.ceipmaestrorafaelbravomartin.es\/?p=1321","url_meta":{"origin":1793,"position":4},"title":"Nuestro agradecimiento y \u00a1Felices Fiestas!","author":"CEIP Maestro Rafael Bravo Mart\u00edn","date":"22 diciembre, 2015","format":false,"excerpt":"Estoy muy agradecida a todo el profesorado, a la AMPA Asunci\u00f3n, a madres y padres delegadas\/os, al personal de administraci\u00f3n y servicios de mi colegio Maestro Rafael Bravo Mart\u00edn y al Excelent\u00edsimo Ayuntamiento de Alcal\u00e1 del R\u00edo y su personal, por el trabajo y esfuerzo conjuntos, en unas fechas tan\u2026","rel":"","context":"En \u00abEl centro\u00bb","block_context":{"text":"El centro","link":"https:\/\/www.ceipmaestrorafaelbravomartin.es\/?cat=10"},"img":{"alt_text":"logo2_color","src":"https:\/\/i0.wp.com\/blogasuncion.es\/wp-content\/uploads\/2013\/10\/logo2_color.png?resize=350%2C200","width":350,"height":200},"classes":[]},{"id":2925,"url":"https:\/\/www.ceipmaestrorafaelbravomartin.es\/?p=2925","url_meta":{"origin":1793,"position":5},"title":"Ideas para un desayuno saludable navide\u00f1o","author":"CEIP Maestro Rafael Bravo Mart\u00edn","date":"14 diciembre, 2020","format":false,"excerpt":"Estimadas familias. La alimentaci\u00f3n es uno de los pilares fundamentales de la salud, as\u00ed desde el Plan de Creciendo en Salud, os proponemos las siguientes ideas para el desayuno que pueden traer al cole el d\u00eda 21 de diciembre. Os agradecemos de antemano vuestra colaboraci\u00f3n. Un saludo y felices fiestas.\u2026","rel":"","context":"En \u00abNavidad\u00bb","block_context":{"text":"Navidad","link":"https:\/\/www.ceipmaestrorafaelbravomartin.es\/?cat=111"},"img":{"alt_text":"","src":"","width":0,"height":0},"classes":[]}],"_links":{"self":[{"href":"https:\/\/www.ceipmaestrorafaelbravomartin.es\/index.php?rest_route=\/wp\/v2\/posts\/1793","targetHints":{"allow":["GET"]}}],"collection":[{"href":"https:\/\/www.ceipmaestrorafaelbravomartin.es\/index.php?rest_route=\/wp\/v2\/posts"}],"about":[{"href":"https:\/\/www.ceipmaestrorafaelbravomartin.es\/index.php?rest_route=\/wp\/v2\/types\/post"}],"author":[{"embeddable":true,"href":"https:\/\/www.ceipmaestrorafaelbravomartin.es\/index.php?rest_route=\/wp\/v2\/users\/4"}],"replies":[{"embeddable":true,"href":"https:\/\/www.ceipmaestrorafaelbravomartin.es\/index.php?rest_route=%2Fwp%2Fv2%2Fcomments&post=1793"}],"version-history":[{"count":1,"href":"https:\/\/www.ceipmaestrorafaelbravomartin.es\/index.php?rest_route=\/wp\/v2\/posts\/1793\/revisions"}],"predecessor-version":[{"id":1794,"href":"https:\/\/www.ceipmaestrorafaelbravomartin.es\/index.php?rest_route=\/wp\/v2\/posts\/1793\/revisions\/1794"}],"wp:attachment":[{"href":"https:\/\/www.ceipmaestrorafaelbravomartin.es\/index.php?rest_route=%2Fwp%2Fv2%2Fmedia&parent=1793"}],"wp:term":[{"taxonomy":"category","embeddable":true,"href":"https:\/\/www.ceipmaestrorafaelbravomartin.es\/index.php?rest_route=%2Fwp%2Fv2%2Fcategories&post=1793"},{"taxonomy":"post_tag","embeddable":true,"href":"https:\/\/www.ceipmaestrorafaelbravomartin.es\/index.php?rest_route=%2Fwp%2Fv2%2Ftags&post=1793"}],"curies":[{"name":"wp","href":"https:\/\/api.w.org\/{rel}","templated":true}]}}