{"id":1796,"date":"2017-12-16T13:27:23","date_gmt":"2017-12-16T12:27:23","guid":{"rendered":"http:\/\/www.ceipmaestrorafaelbravomartin.es\/?p=1796"},"modified":"2017-12-16T13:27:23","modified_gmt":"2017-12-16T12:27:23","slug":"maria-jesus-2","status":"publish","type":"post","link":"https:\/\/www.ceipmaestrorafaelbravomartin.es\/?p=1796","title":{"rendered":"Mar\u00eda Jes\u00fas"},"content":{"rendered":"<p style=\"text-align: center;\">Dos a\u00f1os ya.<\/p>\n<blockquote>\n<p style=\"text-align: center;\">El tiempo es corto. La eternidad es larga. Es razonable que vivamos esta breve vida a la luz de la eternidad.<\/p>\n<\/blockquote>\n<p style=\"text-align: center;\">\u00a0 \u00a0 \u00a0 \u00a0 \u00a0 \u00a0 \u00a0 \u00a0 \u00a0 \u00a0 \u00a0 \u00a0 \u00a0 \u00a0 \u00a0 \u00a0 \u00a0 \u00a0 \u00a0 \u00a0 \u00a0 \u00a0 \u00a0 \u00a0 \u00a0 \u00a0 \u00a0 \u00a0 \u00a0 \u00a0 \u00a0 \u00a0 \u00a0 \u00a0 \u00a0 \u00a0 \u00a0 \u00a0 \u00a0 \u00a0 \u00a0 \u00a0 \u00a0<em><strong>Charles H. Spurgeon<\/strong><\/em><\/p>\n<p style=\"text-align: center;\">\n<p style=\"text-align: center;\"><a href=\"http:\/\/www.ceipmaestrorafaelbravomartin.es\/wp-content\/uploads\/2017\/12\/16-12-2017.jpg\" rel=\"attachment wp-att-1797\"><img loading=\"lazy\" decoding=\"async\" data-attachment-id=\"1797\" data-permalink=\"https:\/\/www.ceipmaestrorafaelbravomartin.es\/?attachment_id=1797\" data-orig-file=\"https:\/\/www.ceipmaestrorafaelbravomartin.es\/wp-content\/uploads\/2017\/12\/16-12-2017.jpg\" data-orig-size=\"2880,2160\" data-comments-opened=\"0\" data-image-meta=\"{&quot;aperture&quot;:&quot;0&quot;,&quot;credit&quot;:&quot;&quot;,&quot;camera&quot;:&quot;&quot;,&quot;caption&quot;:&quot;&quot;,&quot;created_timestamp&quot;:&quot;0&quot;,&quot;copyright&quot;:&quot;&quot;,&quot;focal_length&quot;:&quot;0&quot;,&quot;iso&quot;:&quot;0&quot;,&quot;shutter_speed&quot;:&quot;0&quot;,&quot;title&quot;:&quot;&quot;,&quot;orientation&quot;:&quot;0&quot;}\" data-image-title=\"16-12-2017\" data-image-description=\"\" data-image-caption=\"\" data-medium-file=\"https:\/\/www.ceipmaestrorafaelbravomartin.es\/wp-content\/uploads\/2017\/12\/16-12-2017-300x225.jpg\" data-large-file=\"https:\/\/www.ceipmaestrorafaelbravomartin.es\/wp-content\/uploads\/2017\/12\/16-12-2017-1024x768.jpg\" class=\"size-large wp-image-1797\" src=\"http:\/\/www.ceipmaestrorafaelbravomartin.es\/wp-content\/uploads\/2017\/12\/16-12-2017-1024x768.jpg\" alt=\"16-12-2017\" width=\"584\" height=\"438\" srcset=\"https:\/\/www.ceipmaestrorafaelbravomartin.es\/wp-content\/uploads\/2017\/12\/16-12-2017-1024x768.jpg 1024w, https:\/\/www.ceipmaestrorafaelbravomartin.es\/wp-content\/uploads\/2017\/12\/16-12-2017-300x225.jpg 300w, https:\/\/www.ceipmaestrorafaelbravomartin.es\/wp-content\/uploads\/2017\/12\/16-12-2017-768x576.jpg 768w, https:\/\/www.ceipmaestrorafaelbravomartin.es\/wp-content\/uploads\/2017\/12\/16-12-2017-400x300.jpg 400w\" sizes=\"auto, (max-width: 584px) 100vw, 584px\" \/><\/a><\/p>\n","protected":false},"excerpt":{"rendered":"<p>Dos a\u00f1os ya. El tiempo es corto. La eternidad es larga. Es razonable que vivamos esta breve vida a la luz de la eternidad. \u00a0 \u00a0 \u00a0 \u00a0 \u00a0 \u00a0 \u00a0 \u00a0 \u00a0 \u00a0 \u00a0 \u00a0 \u00a0 \u00a0 \u00a0 \u00a0 \u00a0 \u00a0 \u00a0 \u00a0 \u00a0 \u00a0 \u00a0 \u00a0 \u00a0 \u00a0 [&hellip;]<\/p>\n","protected":false},"author":4,"featured_media":0,"comment_status":"closed","ping_status":"closed","sticky":false,"template":"","format":"standard","meta":{"jetpack_post_was_ever_published":false,"_jetpack_newsletter_access":"","_jetpack_dont_email_post_to_subs":false,"_jetpack_newsletter_tier_id":0,"_jetpack_memberships_contains_paywalled_content":false,"_jetpack_memberships_contains_paid_content":false,"footnotes":""},"categories":[24],"tags":[],"class_list":["post-1796","post","type-post","status-publish","format-standard","hentry","category-c59-dedicatorias"],"jetpack_featured_media_url":"","jetpack_sharing_enabled":true,"jetpack_shortlink":"https:\/\/wp.me\/p9VlHp-sY","jetpack-related-posts":[{"id":1994,"url":"https:\/\/www.ceipmaestrorafaelbravomartin.es\/?p=1994","url_meta":{"origin":1796,"position":0},"title":"CUARTO ANIVERSARIO","author":"CEIP Maestro Rafael Bravo Mart\u00edn","date":"16 diciembre, 2019","format":false,"excerpt":"CUARTO ANIVERSARIO El maestro deja una huella para la eternidad; nunca sabr\u00e1s cuando se detiene su influencia. Henry Adams","rel":"","context":"En \u00abDedicatorias\u00bb","block_context":{"text":"Dedicatorias","link":"https:\/\/www.ceipmaestrorafaelbravomartin.es\/?cat=24"},"img":{"alt_text":"","src":"https:\/\/i0.wp.com\/www.ceipmaestrorafaelbravomartin.es\/wp-content\/uploads\/2019\/12\/www.kizoa_.plcollage_2019-12-13_13-19-26.jpg?resize=350%2C200&ssl=1","width":350,"height":200,"srcset":"https:\/\/i0.wp.com\/www.ceipmaestrorafaelbravomartin.es\/wp-content\/uploads\/2019\/12\/www.kizoa_.plcollage_2019-12-13_13-19-26.jpg?resize=350%2C200&ssl=1 1x, https:\/\/i0.wp.com\/www.ceipmaestrorafaelbravomartin.es\/wp-content\/uploads\/2019\/12\/www.kizoa_.plcollage_2019-12-13_13-19-26.jpg?resize=525%2C300&ssl=1 1.5x, https:\/\/i0.wp.com\/www.ceipmaestrorafaelbravomartin.es\/wp-content\/uploads\/2019\/12\/www.kizoa_.plcollage_2019-12-13_13-19-26.jpg?resize=700%2C400&ssl=1 2x, https:\/\/i0.wp.com\/www.ceipmaestrorafaelbravomartin.es\/wp-content\/uploads\/2019\/12\/www.kizoa_.plcollage_2019-12-13_13-19-26.jpg?resize=1050%2C600&ssl=1 3x, https:\/\/i0.wp.com\/www.ceipmaestrorafaelbravomartin.es\/wp-content\/uploads\/2019\/12\/www.kizoa_.plcollage_2019-12-13_13-19-26.jpg?resize=1400%2C800&ssl=1 4x"},"classes":[]},{"id":1599,"url":"https:\/\/www.ceipmaestrorafaelbravomartin.es\/?p=1599","url_meta":{"origin":1796,"position":1},"title":"16-12-16           &#8230;Mar\u00eda Jes\u00fas C\u00e1mara Dur\u00e1n&#8230;","author":"CEIP Maestro Rafael Bravo Mart\u00edn","date":"16 diciembre, 2016","format":false,"excerpt":"\"El maestro deja una huella para la eternidad; nunca se puede decir cuando se detiene su influencia.\" Henry Adams","rel":"","context":"En \u00abDedicatorias\u00bb","block_context":{"text":"Dedicatorias","link":"https:\/\/www.ceipmaestrorafaelbravomartin.es\/?cat=24"},"img":{"alt_text":"dsc06224-copialogo","src":"https:\/\/i0.wp.com\/www.ceipmaestrorafaelbravomartin.es\/wp-content\/uploads\/2016\/12\/DSC06224-copialogo-1024x575.png?resize=350%2C200","width":350,"height":200,"srcset":"https:\/\/i0.wp.com\/www.ceipmaestrorafaelbravomartin.es\/wp-content\/uploads\/2016\/12\/DSC06224-copialogo-1024x575.png?resize=350%2C200 1x, https:\/\/i0.wp.com\/www.ceipmaestrorafaelbravomartin.es\/wp-content\/uploads\/2016\/12\/DSC06224-copialogo-1024x575.png?resize=525%2C300 1.5x"},"classes":[]},{"id":237,"url":"https:\/\/www.ceipmaestrorafaelbravomartin.es\/?p=237","url_meta":{"origin":1796,"position":2},"title":"Asociaci\u00f3n Legado Expo Sevilla","author":"CEIP Maestro Rafael Bravo Mart\u00edn","date":"21 marzo, 2012","format":false,"excerpt":"El pasado lunes 19, enviamos fotos de nuestra exposici\u00f3n a la Asociaci\u00f3n Legado Expo Sevilla, y esta ha sido su respuesta, si enlazamos a su web veremos las fotos enviadas. Much\u00edsimas gracias por las fotos, las hemos compartido en la web, facebook y twitter. La iniciativa es magn\u00edfica y la\u2026","rel":"","context":"En \u00abEl centro\u00bb","block_context":{"text":"El centro","link":"https:\/\/www.ceipmaestrorafaelbravomartin.es\/?cat=10"},"img":{"alt_text":"","src":"","width":0,"height":0},"classes":[]},{"id":2960,"url":"https:\/\/www.ceipmaestrorafaelbravomartin.es\/?p=2960","url_meta":{"origin":1796,"position":3},"title":"D\u00eda de la Paz y la No Violencia","author":"CEIP Maestro Rafael Bravo Mart\u00edn","date":"4 febrero, 2021","format":false,"excerpt":"El mensaje b\u00e1sico de este d\u00eda es: \u201cAmor universal, No-violencia y Paz\u201d. El Amor universal es mejor que el ego\u00edsmo, la No-violencia es mejor que la violencia y la Paz es mejor que la guerra\u2019. La educaci\u00f3n en y para la tolerancia, la solidaridad, la concordia, el respeto a los\u2026","rel":"","context":"En \u00abD\u00eda de la Paz\u00bb","block_context":{"text":"D\u00eda de la Paz","link":"https:\/\/www.ceipmaestrorafaelbravomartin.es\/?cat=134"},"img":{"alt_text":"","src":"https:\/\/i0.wp.com\/img.youtube.com\/vi\/7xkvB33-Gis\/0.jpg?resize=350%2C200","width":350,"height":200},"classes":[]},{"id":3031,"url":"https:\/\/www.ceipmaestrorafaelbravomartin.es\/?p=3031","url_meta":{"origin":1796,"position":4},"title":"D\u00eda Internacional de la Mujer","author":"CEIP Maestro Rafael Bravo Mart\u00edn","date":"7 abril, 2021","format":false,"excerpt":"El d\u00eda 8 de marzo se conmemora la lucha de la mujer por su participaci\u00f3n en la sociedad y su desarrollo \u00edntegro como persona, en pos de la igualdad con el hombre. La sociedad no deja de avanzar, seguimos obteniendo derechos yreconocimientos y la lucha cada vez es m\u00e1s generalizada.\u2026","rel":"","context":"En \u00abCoeducaci\u00f3n\u00bb","block_context":{"text":"Coeducaci\u00f3n","link":"https:\/\/www.ceipmaestrorafaelbravomartin.es\/?cat=114"},"img":{"alt_text":"","src":"https:\/\/i0.wp.com\/www.ceipmaestrorafaelbravomartin.es\/wp-content\/uploads\/2021\/04\/WhatsApp-Image-2021-03-10-at-21.19.53-150x150.jpeg?resize=350%2C200&ssl=1","width":350,"height":200,"srcset":"https:\/\/i0.wp.com\/www.ceipmaestrorafaelbravomartin.es\/wp-content\/uploads\/2021\/04\/WhatsApp-Image-2021-03-10-at-21.19.53-150x150.jpeg?resize=350%2C200&ssl=1 1x, https:\/\/i0.wp.com\/www.ceipmaestrorafaelbravomartin.es\/wp-content\/uploads\/2021\/04\/WhatsApp-Image-2021-03-10-at-21.19.53-150x150.jpeg?resize=525%2C300&ssl=1 1.5x, https:\/\/i0.wp.com\/www.ceipmaestrorafaelbravomartin.es\/wp-content\/uploads\/2021\/04\/WhatsApp-Image-2021-03-10-at-21.19.53-150x150.jpeg?resize=700%2C400&ssl=1 2x, https:\/\/i0.wp.com\/www.ceipmaestrorafaelbravomartin.es\/wp-content\/uploads\/2021\/04\/WhatsApp-Image-2021-03-10-at-21.19.53-150x150.jpeg?resize=1050%2C600&ssl=1 3x, https:\/\/i0.wp.com\/www.ceipmaestrorafaelbravomartin.es\/wp-content\/uploads\/2021\/04\/WhatsApp-Image-2021-03-10-at-21.19.53-150x150.jpeg?resize=1400%2C800&ssl=1 4x"},"classes":[]},{"id":1787,"url":"https:\/\/www.ceipmaestrorafaelbravomartin.es\/?p=1787","url_meta":{"origin":1796,"position":5},"title":"20 de noviembre: D\u00eda Universal del Ni\u00f1o","author":"CEIP Maestro Rafael Bravo Mart\u00edn","date":"17 noviembre, 2017","format":false,"excerpt":"El\u00a0D\u00eda Universal del Ni\u00f1o, que se celebra todos los a\u00f1os el 20 de noviembre, es un d\u00eda dedicado a todos los ni\u00f1os y ni\u00f1as del mundo. Es un d\u00eda de celebraci\u00f3n por los avances conseguidos, pero sobre todo es un d\u00eda para llamar la atenci\u00f3n sobre la situaci\u00f3n de los\u2026","rel":"","context":"En \u00abEl centro\u00bb","block_context":{"text":"El centro","link":"https:\/\/www.ceipmaestrorafaelbravomartin.es\/?cat=10"},"img":{"alt_text":"","src":"","width":0,"height":0},"classes":[]}],"_links":{"self":[{"href":"https:\/\/www.ceipmaestrorafaelbravomartin.es\/index.php?rest_route=\/wp\/v2\/posts\/1796","targetHints":{"allow":["GET"]}}],"collection":[{"href":"https:\/\/www.ceipmaestrorafaelbravomartin.es\/index.php?rest_route=\/wp\/v2\/posts"}],"about":[{"href":"https:\/\/www.ceipmaestrorafaelbravomartin.es\/index.php?rest_route=\/wp\/v2\/types\/post"}],"author":[{"embeddable":true,"href":"https:\/\/www.ceipmaestrorafaelbravomartin.es\/index.php?rest_route=\/wp\/v2\/users\/4"}],"replies":[{"embeddable":true,"href":"https:\/\/www.ceipmaestrorafaelbravomartin.es\/index.php?rest_route=%2Fwp%2Fv2%2Fcomments&post=1796"}],"version-history":[{"count":1,"href":"https:\/\/www.ceipmaestrorafaelbravomartin.es\/index.php?rest_route=\/wp\/v2\/posts\/1796\/revisions"}],"predecessor-version":[{"id":1798,"href":"https:\/\/www.ceipmaestrorafaelbravomartin.es\/index.php?rest_route=\/wp\/v2\/posts\/1796\/revisions\/1798"}],"wp:attachment":[{"href":"https:\/\/www.ceipmaestrorafaelbravomartin.es\/index.php?rest_route=%2Fwp%2Fv2%2Fmedia&parent=1796"}],"wp:term":[{"taxonomy":"category","embeddable":true,"href":"https:\/\/www.ceipmaestrorafaelbravomartin.es\/index.php?rest_route=%2Fwp%2Fv2%2Fcategories&post=1796"},{"taxonomy":"post_tag","embeddable":true,"href":"https:\/\/www.ceipmaestrorafaelbravomartin.es\/index.php?rest_route=%2Fwp%2Fv2%2Ftags&post=1796"}],"curies":[{"name":"wp","href":"https:\/\/api.w.org\/{rel}","templated":true}]}}