{"id":1799,"date":"2017-12-20T20:07:59","date_gmt":"2017-12-20T19:07:59","guid":{"rendered":"http:\/\/www.ceipmaestrorafaelbravomartin.es\/?p=1799"},"modified":"2017-12-20T20:07:59","modified_gmt":"2017-12-20T19:07:59","slug":"navidad","status":"publish","type":"post","link":"https:\/\/www.ceipmaestrorafaelbravomartin.es\/?p=1799","title":{"rendered":"\u00a1Navidad!"},"content":{"rendered":"<p style=\"text-align: center;\">Siempre se ha dicho que la Navidad es una fiesta para estar en familia, por eso pensamos que es muy importante dedicar algo de tiempo a nuestros mayores.<\/p>\n<p style=\"text-align: center;\">El alumnado de sexto ha estado en la Residencia de Ancianos para llevarles<\/p>\n<p style=\"text-align: center;\">un cachito de Navidad.<\/p>\n<p style=\"text-align: center;\"><strong>Queremos compartir con vosotros nuestros mejores deseos navide\u00f1os de amor, paz y amistad. \u00a1Feliz Navidad!<\/strong><\/p>\n<p><iframe loading=\"lazy\" src=\"https:\/\/www.youtube.com\/embed\/v0IY3cNilsw?rel=0\" width=\"560\" height=\"315\" frameborder=\"0\" allowfullscreen=\"allowfullscreen\"><\/iframe><\/p>\n","protected":false},"excerpt":{"rendered":"<p>Siempre se ha dicho que la Navidad es una fiesta para estar en familia, por eso pensamos que es muy importante dedicar algo de tiempo a nuestros mayores. El alumnado de sexto ha estado en la Residencia de Ancianos para llevarles un cachito de Navidad. Queremos compartir con vosotros nuestros [&hellip;]<\/p>\n","protected":false},"author":4,"featured_media":0,"comment_status":"closed","ping_status":"closed","sticky":false,"template":"","format":"standard","meta":{"jetpack_post_was_ever_published":false,"_jetpack_newsletter_access":"","_jetpack_dont_email_post_to_subs":false,"_jetpack_newsletter_tier_id":0,"_jetpack_memberships_contains_paywalled_content":false,"_jetpack_memberships_contains_paid_content":false,"footnotes":""},"categories":[103,25],"tags":[],"class_list":["post-1799","post","type-post","status-publish","format-standard","hentry","category-eventos","category-ciclo3"],"jetpack_featured_media_url":"","jetpack_sharing_enabled":true,"jetpack_shortlink":"https:\/\/wp.me\/s9VlHp-navidad","jetpack-related-posts":[{"id":1793,"url":"https:\/\/www.ceipmaestrorafaelbravomartin.es\/?p=1793","url_meta":{"origin":1799,"position":0},"title":"TARJETAS NAVIDE\u00d1AS","author":"CEIP Maestro Rafael Bravo Mart\u00edn","date":"7 diciembre, 2017","format":false,"excerpt":"En la semana del 17 al 22 de diciembre, el alumnado de SEXTO, tiene prevista la visita a la Residencia de Ancianos de Alcal\u00e1 del R\u00edo. Quieren llevar a nuestros mayores un poquito de alegr\u00eda en estas fechas pr\u00f3ximas a la Navidad. Cantar\u00e1n para ellos y con ellos, algunos villancicos\u2026","rel":"","context":"En \u00abActividades extraescolares\u00bb","block_context":{"text":"Actividades extraescolares","link":"https:\/\/www.ceipmaestrorafaelbravomartin.es\/?cat=14"},"img":{"alt_text":"","src":"","width":0,"height":0},"classes":[]},{"id":1631,"url":"https:\/\/www.ceipmaestrorafaelbravomartin.es\/?p=1631","url_meta":{"origin":1799,"position":1},"title":"\u00a1Feliz Navidad!","author":"CEIP Maestro Rafael Bravo Mart\u00edn","date":"24 diciembre, 2016","format":false,"excerpt":"El alumnado de 5\u00baA, junto con compa\u00f1eras y compa\u00f1eros de Infantil, hemos grabado nuestros deseos para esta \u00e9poca del a\u00f1o y los hacemos llegar a tod@s aquell@s que os asom\u00e9is por aqu\u00ed. \u00a1FELIZ NAVIDAD!","rel":"","context":"En \u00abEventos\u00bb","block_context":{"text":"Eventos","link":"https:\/\/www.ceipmaestrorafaelbravomartin.es\/?cat=103"},"img":{"alt_text":"","src":"","width":0,"height":0},"classes":[]},{"id":2925,"url":"https:\/\/www.ceipmaestrorafaelbravomartin.es\/?p=2925","url_meta":{"origin":1799,"position":2},"title":"Ideas para un desayuno saludable navide\u00f1o","author":"CEIP Maestro Rafael Bravo Mart\u00edn","date":"14 diciembre, 2020","format":false,"excerpt":"Estimadas familias. La alimentaci\u00f3n es uno de los pilares fundamentales de la salud, as\u00ed desde el Plan de Creciendo en Salud, os proponemos las siguientes ideas para el desayuno que pueden traer al cole el d\u00eda 21 de diciembre. Os agradecemos de antemano vuestra colaboraci\u00f3n. Un saludo y felices fiestas.\u2026","rel":"","context":"En \u00abNavidad\u00bb","block_context":{"text":"Navidad","link":"https:\/\/www.ceipmaestrorafaelbravomartin.es\/?cat=111"},"img":{"alt_text":"","src":"","width":0,"height":0},"classes":[]},{"id":279,"url":"https:\/\/www.ceipmaestrorafaelbravomartin.es\/?p=279","url_meta":{"origin":1799,"position":3},"title":"NAVIDAD PRIMER CICLO","author":"CEIP Maestro Rafael Bravo Mart\u00edn","date":"7 diciembre, 2012","format":false,"excerpt":"\u00a0 Se acercan las esperadas fiestas de Navidad y en el colegio nos vamos llenando de ambiente navide\u00f1o. Primer ciclo ya est\u00e1 preparando el certamen de villancicos de este a\u00f1o y para que puedan practicar en casa os dejamos las dos canciones que interpretar\u00e1n el \u00faltimo d\u00eda de clase. \u00a0\u2026","rel":"","context":"En \u00abActividades extraescolares\u00bb","block_context":{"text":"Actividades extraescolares","link":"https:\/\/www.ceipmaestrorafaelbravomartin.es\/?cat=14"},"img":{"alt_text":"","src":"","width":0,"height":0},"classes":[]},{"id":122,"url":"https:\/\/www.ceipmaestrorafaelbravomartin.es\/?p=122","url_meta":{"origin":1799,"position":4},"title":"Celebraci\u00f3n de la navidad en el cole","author":"CEIP Maestro Rafael Bravo Mart\u00edn","date":"27 diciembre, 2010","format":false,"excerpt":"Aqu\u00ed les dejamos una presentaci\u00f3n de im\u00e1genes a modo resumen de las actividades realizadas en nuestro Centro durante la Navidad.\u00a0 Navidad en el Primer Ciclo - diapositivas","rel":"","context":"En \u00abCurso 2010\/11\u00bb","block_context":{"text":"Curso 2010\/11","link":"https:\/\/www.ceipmaestrorafaelbravomartin.es\/?cat=40"},"img":{"alt_text":"","src":"","width":0,"height":0},"classes":[]},{"id":221,"url":"https:\/\/www.ceipmaestrorafaelbravomartin.es\/?p=221","url_meta":{"origin":1799,"position":5},"title":"Celebraci\u00f3n de la Navidad","author":"CEIP Maestro Rafael Bravo Mart\u00edn","date":"9 enero, 2012","format":false,"excerpt":"Con motivo de la Navidad se han llevado a cabo en el Centro varias actividades, algunas de las cuales queremos compartir con toda la Comunidad Educativa. Para comenzar, os dejamos el Certamen de Villancicos que el primer ciclo de Primaria realiz\u00f3 en el sal\u00f3n de actos del Centro. \u00a0 \u00a0\u00a0\u2026","rel":"","context":"En \u00abCurso 2011\/12\u00bb","block_context":{"text":"Curso 2011\/12","link":"https:\/\/www.ceipmaestrorafaelbravomartin.es\/?cat=45"},"img":{"alt_text":"Taller cocina","src":"https:\/\/i0.wp.com\/www.ceipmaestrorafaelbravomartin.es\/wp-content\/uploads\/2012\/01\/collage.jpg?resize=350%2C200&ssl=1","width":350,"height":200,"srcset":"https:\/\/i0.wp.com\/www.ceipmaestrorafaelbravomartin.es\/wp-content\/uploads\/2012\/01\/collage.jpg?resize=350%2C200&ssl=1 1x, https:\/\/i0.wp.com\/www.ceipmaestrorafaelbravomartin.es\/wp-content\/uploads\/2012\/01\/collage.jpg?resize=525%2C300&ssl=1 1.5x, https:\/\/i0.wp.com\/www.ceipmaestrorafaelbravomartin.es\/wp-content\/uploads\/2012\/01\/collage.jpg?resize=700%2C400&ssl=1 2x"},"classes":[]}],"_links":{"self":[{"href":"https:\/\/www.ceipmaestrorafaelbravomartin.es\/index.php?rest_route=\/wp\/v2\/posts\/1799","targetHints":{"allow":["GET"]}}],"collection":[{"href":"https:\/\/www.ceipmaestrorafaelbravomartin.es\/index.php?rest_route=\/wp\/v2\/posts"}],"about":[{"href":"https:\/\/www.ceipmaestrorafaelbravomartin.es\/index.php?rest_route=\/wp\/v2\/types\/post"}],"author":[{"embeddable":true,"href":"https:\/\/www.ceipmaestrorafaelbravomartin.es\/index.php?rest_route=\/wp\/v2\/users\/4"}],"replies":[{"embeddable":true,"href":"https:\/\/www.ceipmaestrorafaelbravomartin.es\/index.php?rest_route=%2Fwp%2Fv2%2Fcomments&post=1799"}],"version-history":[{"count":1,"href":"https:\/\/www.ceipmaestrorafaelbravomartin.es\/index.php?rest_route=\/wp\/v2\/posts\/1799\/revisions"}],"predecessor-version":[{"id":1800,"href":"https:\/\/www.ceipmaestrorafaelbravomartin.es\/index.php?rest_route=\/wp\/v2\/posts\/1799\/revisions\/1800"}],"wp:attachment":[{"href":"https:\/\/www.ceipmaestrorafaelbravomartin.es\/index.php?rest_route=%2Fwp%2Fv2%2Fmedia&parent=1799"}],"wp:term":[{"taxonomy":"category","embeddable":true,"href":"https:\/\/www.ceipmaestrorafaelbravomartin.es\/index.php?rest_route=%2Fwp%2Fv2%2Fcategories&post=1799"},{"taxonomy":"post_tag","embeddable":true,"href":"https:\/\/www.ceipmaestrorafaelbravomartin.es\/index.php?rest_route=%2Fwp%2Fv2%2Ftags&post=1799"}],"curies":[{"name":"wp","href":"https:\/\/api.w.org\/{rel}","templated":true}]}}