{"id":1839,"date":"2018-04-23T20:11:01","date_gmt":"2018-04-23T18:11:01","guid":{"rendered":"http:\/\/www.ceipmaestrorafaelbravomartin.es\/?p=1839"},"modified":"2018-04-23T20:11:01","modified_gmt":"2018-04-23T18:11:01","slug":"dia-del-libro","status":"publish","type":"post","link":"https:\/\/www.ceipmaestrorafaelbravomartin.es\/?p=1839","title":{"rendered":"D\u00eda del libro."},"content":{"rendered":"<p>El d\u00eda del libro es un d\u00eda se\u00f1alado en nuestro colegio, ya que la lectura hace que seamos mejores personas y podamos viajar con nuestra imaginaci\u00f3n sin movernos del sitio. Por todo esto y mucho m\u00e1s hemos celebrado un \u00abmercadillo\u00bb simb\u00f3lico con libros aportados por el alumnado, hemos disfrutado much\u00edsimo de la lectura.<\/p>\n<p>Recordad que la lectura nos permite viajar a sitios fant\u00e1sticos, sigamos leyendo.<\/p>\n<p><span class=\"embed-youtube\" style=\"text-align:center; display: block;\"><iframe loading=\"lazy\" class=\"youtube-player\" width=\"750\" height=\"422\" src=\"https:\/\/www.youtube.com\/embed\/43Klf15a3vs?version=3&#038;rel=1&#038;showsearch=0&#038;showinfo=1&#038;iv_load_policy=1&#038;fs=1&#038;hl=es-ES&#038;autohide=2&#038;wmode=transparent\" allowfullscreen=\"true\" style=\"border:0;\" sandbox=\"allow-scripts allow-same-origin allow-popups allow-presentation allow-popups-to-escape-sandbox\"><\/iframe><\/span><\/p>\n<p>&nbsp;<\/p>\n","protected":false},"excerpt":{"rendered":"<p>El d\u00eda del libro es un d\u00eda se\u00f1alado en nuestro colegio, ya que la lectura hace que seamos mejores personas y podamos viajar con nuestra imaginaci\u00f3n sin movernos del sitio. Por todo esto y mucho m\u00e1s hemos celebrado un \u00abmercadillo\u00bb simb\u00f3lico con libros aportados por el alumnado, hemos disfrutado much\u00edsimo [&hellip;]<\/p>\n","protected":false},"author":6,"featured_media":0,"comment_status":"closed","ping_status":"closed","sticky":false,"template":"","format":"standard","meta":{"jetpack_post_was_ever_published":false,"_jetpack_newsletter_access":"","_jetpack_dont_email_post_to_subs":false,"_jetpack_newsletter_tier_id":0,"_jetpack_memberships_contains_paywalled_content":false,"_jetpack_memberships_contains_paid_content":false,"footnotes":""},"categories":[4,103],"tags":[],"class_list":["post-1839","post","type-post","status-publish","format-standard","hentry","category-s7-biblioteca","category-eventos"],"jetpack_featured_media_url":"","jetpack_sharing_enabled":true,"jetpack_shortlink":"https:\/\/wp.me\/p9VlHp-tF","jetpack-related-posts":[{"id":616,"url":"https:\/\/www.ceipmaestrorafaelbravomartin.es\/?p=616","url_meta":{"origin":1839,"position":0},"title":"6 DE DICIEMBRE DE 2013","author":"CEIP Maestro Rafael Bravo Mart\u00edn","date":"3 diciembre, 2013","format":false,"excerpt":"Con motivo de la celebraci\u00f3n del D\u00eda de la Constituci\u00f3n, se llev\u00f3 a cabo el pasado jueves 5 de diciembre la lectura de varios art\u00edculos de la misma por un grupo de alumnas y alumnos de los distintos niveles desde Infantil de 5 a\u00f1os hasta 6\u00ba de Primaria, despu\u00e9s de\u2026","rel":"","context":"En \u00abEl centro\u00bb","block_context":{"text":"El centro","link":"https:\/\/www.ceipmaestrorafaelbravomartin.es\/?cat=10"},"img":{"alt_text":"","src":"","width":0,"height":0},"classes":[]},{"id":601,"url":"https:\/\/www.ceipmaestrorafaelbravomartin.es\/?p=601","url_meta":{"origin":1839,"position":1},"title":"25 de noviembre: D\u00eda Internacional de la Eliminaci\u00f3n de la Violencia contra la Mujer","author":"CEIP Maestro Rafael Bravo Mart\u00edn","date":"25 noviembre, 2013","format":false,"excerpt":"A trav\u00e9s de nuestro Ayuntamiento nos unimos a la propuesta del Instituto Andaluz de la Mujer con la lectura simult\u00e1nea del libro \"NI UN BESITO A LA FUERZA\" un cuento coeditado en 2009 por dicho Instituto y que este a\u00f1o se utiliza como recurso coeducativo para trabajar con el alumnado\u2026","rel":"","context":"En \u00abNoticiero\u00bb","block_context":{"text":"Noticiero","link":"https:\/\/www.ceipmaestrorafaelbravomartin.es\/?cat=3"},"img":{"alt_text":"","src":"","width":0,"height":0},"classes":[]},{"id":25,"url":"https:\/\/www.ceipmaestrorafaelbravomartin.es\/?p=25","url_meta":{"origin":1839,"position":2},"title":"Consejos para padres y madres.","author":"CEIP Maestro Rafael Bravo Mart\u00edn","date":"14 octubre, 2010","format":false,"excerpt":"\u00a0Normas sobre lecturas para padres y madres:","rel":"","context":"En \u00abInformaci\u00f3n\u00bb","block_context":{"text":"Informaci\u00f3n","link":"https:\/\/www.ceipmaestrorafaelbravomartin.es\/?cat=20"},"img":{"alt_text":"","src":"","width":0,"height":0},"classes":[]},{"id":14,"url":"https:\/\/www.ceipmaestrorafaelbravomartin.es\/?p=14","url_meta":{"origin":1839,"position":3},"title":"Nota informativa: actividades extraescolares","author":"CEIP Maestro Rafael Bravo Mart\u00edn","date":"13 octubre, 2010","format":false,"excerpt":"Estimados padres y madres,Desde el AMPA queremos informaros de las actividades extraescolares que se llevar\u00e1n a cabo a partir del 15 de Octubre. Cada una de ellas ser\u00e1 dos d\u00edas a la semana, una hora al d\u00eda, por las tardes a partir de las 16:00 h.","rel":"","context":"En \u00abA.M.P.A.\u00bb","block_context":{"text":"A.M.P.A.","link":"https:\/\/www.ceipmaestrorafaelbravomartin.es\/?cat=15"},"img":{"alt_text":"","src":"","width":0,"height":0},"classes":[]},{"id":1830,"url":"https:\/\/www.ceipmaestrorafaelbravomartin.es\/?p=1830","url_meta":{"origin":1839,"position":4},"title":"Coeducaci\u00f3n.","author":"CEIP Maestro Rafael Bravo Mart\u00edn","date":"18 abril, 2018","format":false,"excerpt":"Ahora que se acerca el d\u00eda del libro (23 de abril) y para lograr uno de nuestros objetivos principales: la transmisi\u00f3n de valores, actitudes y modelos de referencia personales y colectivos, que contribuyan a la tan ansiada igualdad, desde\u00a0coeducaci\u00f3n\u00a0queremos contribuir a que ni\u00f1os\/as accedan a un tipo de literatura que\u2026","rel":"","context":"En \u00abCoeducaci\u00f3n\u00bb","block_context":{"text":"Coeducaci\u00f3n","link":"https:\/\/www.ceipmaestrorafaelbravomartin.es\/?cat=114"},"img":{"alt_text":"","src":"","width":0,"height":0},"classes":[]},{"id":732,"url":"https:\/\/www.ceipmaestrorafaelbravomartin.es\/?p=732","url_meta":{"origin":1839,"position":5},"title":"Mi Platero y Yo","author":"CEIP Maestro Rafael Bravo Mart\u00edn","date":"28 abril, 2014","format":false,"excerpt":"Con motivo de la Jornada Cultural de nuestro colegio, hemos querido rendir homenaje al escritor Juan Ram\u00f3n Jim\u00e9nez y al centenario de la publicaci\u00f3n de su c\u00e9lebre obra \"PLATERO Y YO\". El alumnado de Educaci\u00f3n Infantil ha realizado diversas actividades: Lectura de fragmentos de \"Platero y Yo\", lectura de la\u2026","rel":"","context":"En \u00abEducaci\u00f3n Infantil\u00bb","block_context":{"text":"Educaci\u00f3n Infantil","link":"https:\/\/www.ceipmaestrorafaelbravomartin.es\/?cat=26"},"img":{"alt_text":"","src":"","width":0,"height":0},"classes":[]}],"_links":{"self":[{"href":"https:\/\/www.ceipmaestrorafaelbravomartin.es\/index.php?rest_route=\/wp\/v2\/posts\/1839","targetHints":{"allow":["GET"]}}],"collection":[{"href":"https:\/\/www.ceipmaestrorafaelbravomartin.es\/index.php?rest_route=\/wp\/v2\/posts"}],"about":[{"href":"https:\/\/www.ceipmaestrorafaelbravomartin.es\/index.php?rest_route=\/wp\/v2\/types\/post"}],"author":[{"embeddable":true,"href":"https:\/\/www.ceipmaestrorafaelbravomartin.es\/index.php?rest_route=\/wp\/v2\/users\/6"}],"replies":[{"embeddable":true,"href":"https:\/\/www.ceipmaestrorafaelbravomartin.es\/index.php?rest_route=%2Fwp%2Fv2%2Fcomments&post=1839"}],"version-history":[{"count":1,"href":"https:\/\/www.ceipmaestrorafaelbravomartin.es\/index.php?rest_route=\/wp\/v2\/posts\/1839\/revisions"}],"predecessor-version":[{"id":1840,"href":"https:\/\/www.ceipmaestrorafaelbravomartin.es\/index.php?rest_route=\/wp\/v2\/posts\/1839\/revisions\/1840"}],"wp:attachment":[{"href":"https:\/\/www.ceipmaestrorafaelbravomartin.es\/index.php?rest_route=%2Fwp%2Fv2%2Fmedia&parent=1839"}],"wp:term":[{"taxonomy":"category","embeddable":true,"href":"https:\/\/www.ceipmaestrorafaelbravomartin.es\/index.php?rest_route=%2Fwp%2Fv2%2Fcategories&post=1839"},{"taxonomy":"post_tag","embeddable":true,"href":"https:\/\/www.ceipmaestrorafaelbravomartin.es\/index.php?rest_route=%2Fwp%2Fv2%2Ftags&post=1839"}],"curies":[{"name":"wp","href":"https:\/\/api.w.org\/{rel}","templated":true}]}}