{"id":1848,"date":"2018-05-09T08:43:09","date_gmt":"2018-05-09T06:43:09","guid":{"rendered":"http:\/\/www.ceipmaestrorafaelbravomartin.es\/?p=1848"},"modified":"2018-05-09T08:43:09","modified_gmt":"2018-05-09T06:43:09","slug":"2-de-mayo-dia-contra-el-acoso-escolar","status":"publish","type":"post","link":"https:\/\/www.ceipmaestrorafaelbravomartin.es\/?p=1848","title":{"rendered":"2 de mayo. D\u00eda contra el acoso escolar."},"content":{"rendered":"<p>El pasado 2 de mayo se conmemor\u00f3 el d\u00eda contra el acoso escolar, para darle la importancia que tiene hemos realizado un gran mural donde los alumnos y alumnas han expresado mensajes en contra del acoso y en favor de la convivencia, respetando las diferencias entre cada uno.<\/p>\n<p><a href=\"http:\/\/www.ceipmaestrorafaelbravomartin.es\/wp-content\/uploads\/2018\/05\/Montaje-acoso-escolar.jpg\" rel=\"attachment wp-att-1850\"><img loading=\"lazy\" decoding=\"async\" data-attachment-id=\"1850\" data-permalink=\"https:\/\/www.ceipmaestrorafaelbravomartin.es\/?attachment_id=1850\" data-orig-file=\"https:\/\/www.ceipmaestrorafaelbravomartin.es\/wp-content\/uploads\/2018\/05\/Montaje-acoso-escolar.jpg\" data-orig-size=\"3872,2176\" data-comments-opened=\"0\" data-image-meta=\"{&quot;aperture&quot;:&quot;4&quot;,&quot;credit&quot;:&quot;&quot;,&quot;camera&quot;:&quot;ILCE-5000&quot;,&quot;caption&quot;:&quot;&quot;,&quot;created_timestamp&quot;:&quot;1525267802&quot;,&quot;copyright&quot;:&quot;&quot;,&quot;focal_length&quot;:&quot;17&quot;,&quot;iso&quot;:&quot;500&quot;,&quot;shutter_speed&quot;:&quot;0.00625&quot;,&quot;title&quot;:&quot;&quot;,&quot;orientation&quot;:&quot;1&quot;}\" data-image-title=\"Montaje acoso escolar\" data-image-description=\"\" data-image-caption=\"\" data-medium-file=\"https:\/\/www.ceipmaestrorafaelbravomartin.es\/wp-content\/uploads\/2018\/05\/Montaje-acoso-escolar-300x169.jpg\" data-large-file=\"https:\/\/www.ceipmaestrorafaelbravomartin.es\/wp-content\/uploads\/2018\/05\/Montaje-acoso-escolar-1024x575.jpg\" class=\"aligncenter wp-image-1850 size-medium\" src=\"http:\/\/www.ceipmaestrorafaelbravomartin.es\/wp-content\/uploads\/2018\/05\/Montaje-acoso-escolar-300x169.jpg\" alt=\"Montaje acoso escolar\" width=\"300\" height=\"169\" srcset=\"https:\/\/www.ceipmaestrorafaelbravomartin.es\/wp-content\/uploads\/2018\/05\/Montaje-acoso-escolar-300x169.jpg 300w, https:\/\/www.ceipmaestrorafaelbravomartin.es\/wp-content\/uploads\/2018\/05\/Montaje-acoso-escolar-768x432.jpg 768w, https:\/\/www.ceipmaestrorafaelbravomartin.es\/wp-content\/uploads\/2018\/05\/Montaje-acoso-escolar-1024x575.jpg 1024w, https:\/\/www.ceipmaestrorafaelbravomartin.es\/wp-content\/uploads\/2018\/05\/Montaje-acoso-escolar-500x281.jpg 500w\" sizes=\"auto, (max-width: 300px) 100vw, 300px\" \/><\/a><\/p>\n<p>&nbsp;<\/p>\n","protected":false},"excerpt":{"rendered":"<p>El pasado 2 de mayo se conmemor\u00f3 el d\u00eda contra el acoso escolar, para darle la importancia que tiene hemos realizado un gran mural donde los alumnos y alumnas han expresado mensajes en contra del acoso y en favor de la convivencia, respetando las diferencias entre cada uno. &nbsp;<\/p>\n","protected":false},"author":6,"featured_media":0,"comment_status":"closed","ping_status":"closed","sticky":false,"template":"","format":"standard","meta":{"jetpack_post_was_ever_published":false,"_jetpack_newsletter_access":"","_jetpack_dont_email_post_to_subs":false,"_jetpack_newsletter_tier_id":0,"_jetpack_memberships_contains_paywalled_content":false,"_jetpack_memberships_contains_paid_content":false,"footnotes":""},"categories":[1],"tags":[],"class_list":["post-1848","post","type-post","status-publish","format-standard","hentry","category-sin-categoria"],"jetpack_featured_media_url":"","jetpack_sharing_enabled":true,"jetpack_shortlink":"https:\/\/wp.me\/p9VlHp-tO","jetpack-related-posts":[{"id":1451,"url":"https:\/\/www.ceipmaestrorafaelbravomartin.es\/?p=1451","url_meta":{"origin":1848,"position":0},"title":"Ni paso ni me paso. Campa\u00f1a contra el acoso escolar.","author":"CEIP Maestro Rafael Bravo Mart\u00edn","date":"12 mayo, 2016","format":false,"excerpt":"El pasado 2 de mayo se conmemor\u00f3 el el d\u00eda en contra del acoso escolar, desde nuestro colegio hemos querido participar aportando nuestro granito de arena. Por todo esto hemos participado en la campa\u00f1a: \"Ni paso ni me paso\". Aqu\u00ed pod\u00e9is verlo.","rel":"","context":"En \u00abEventos\u00bb","block_context":{"text":"Eventos","link":"https:\/\/www.ceipmaestrorafaelbravomartin.es\/?cat=103"},"img":{"alt_text":"","src":"","width":0,"height":0},"classes":[]},{"id":1775,"url":"https:\/\/www.ceipmaestrorafaelbravomartin.es\/?p=1775","url_meta":{"origin":1848,"position":1},"title":"ACOSO ESCOLAR: PREVENCI\u00d3N","author":"CEIP Maestro Rafael Bravo Mart\u00edn","date":"7 noviembre, 2017","format":false,"excerpt":"Hoy se ha llevado a cabo en nuestro Centro la SESI\u00d3N INFORMATIVA de PREVENCI\u00d3N DEL ACOSO ESCOLAR,\u00a0organizada por la AMPA ASUNCI\u00d3N. A ella han acudido madres, padres y profesorado llenando el Sal\u00f3n de Usos M\u00faltiples. La sesi\u00f3n ha resultado\u00a0de inter\u00e9s para toda la comunidad educativa, al aclarar el concepto de\u2026","rel":"","context":"En \u00abA.M.P.A.\u00bb","block_context":{"text":"A.M.P.A.","link":"https:\/\/www.ceipmaestrorafaelbravomartin.es\/?cat=15"},"img":{"alt_text":"Sin t\u00edtulo","src":"https:\/\/i0.wp.com\/www.ceipmaestrorafaelbravomartin.es\/wp-content\/uploads\/2017\/11\/Sin-t%C3%ADtulo.jpg?resize=350%2C200","width":350,"height":200},"classes":[]},{"id":159,"url":"https:\/\/www.ceipmaestrorafaelbravomartin.es\/?p=159","url_meta":{"origin":1848,"position":2},"title":"Consjejo Escolar del 10 de mayo de 2011","author":"CEIP Maestro Rafael Bravo Mart\u00edn","date":"26 mayo, 2011","format":false,"excerpt":"En el Consejo Escolar celebrado el 10 de mayo de 2011 a las 17:20 horas en sesi\u00f3n ordinaria, se trataron los siguientes puntos: \u00a0 Lectura y aprobaci\u00f3n del acta anterior. Aprobada. An\u00e1lisis de los resultados de la 2\u00aa evaluaci\u00f3n. Reglamento Org\u00e1nico de Centros de Infantil y Primaria. Don Rafael Bravo,\u2026","rel":"","context":"En \u00abConsejo escolar\u00bb","block_context":{"text":"Consejo escolar","link":"https:\/\/www.ceipmaestrorafaelbravomartin.es\/?cat=12"},"img":{"alt_text":"","src":"","width":0,"height":0},"classes":[]},{"id":1409,"url":"https:\/\/www.ceipmaestrorafaelbravomartin.es\/?p=1409","url_meta":{"origin":1848,"position":3},"title":"Jornadas de prevenci\u00f3n del acoso y ciberacoso.","author":"CEIP Maestro Rafael Bravo Mart\u00edn","date":"10 marzo, 2016","format":false,"excerpt":"En nuestro centro se llevar\u00e1n a cabo unas jornadas de formaci\u00f3n en prevenci\u00f3n del acoso y ciberacoso. Estas est\u00e1n dirigidas a padres\/madres y profesorado. Aqu\u00ed ten\u00e9is el cartel informativo.","rel":"","context":"En \u00abSin categor\u00eda\u00bb","block_context":{"text":"Sin categor\u00eda","link":"https:\/\/www.ceipmaestrorafaelbravomartin.es\/?cat=1"},"img":{"alt_text":"IMG-20160308-WA0001","src":"https:\/\/i0.wp.com\/blogasuncion.es\/wp-content\/uploads\/2016\/03\/IMG-20160308-WA0001-246x300.jpg?resize=350%2C200","width":350,"height":200},"classes":[]},{"id":157,"url":"https:\/\/www.ceipmaestrorafaelbravomartin.es\/?p=157","url_meta":{"origin":1848,"position":4},"title":"2\u00aa  edici\u00f3n de la \u00abVentana Escolar\u00bb","author":"CEIP Maestro Rafael Bravo Mart\u00edn","date":"16 mayo, 2011","format":false,"excerpt":"\u00a0A todos los ni\u00f1os y ni\u00f1as, maestros y maestras que deseen colaborar. Tambi\u00e9n a los padres, madres\u00a0 y antiguos alumnos\/as: estamos preparando la 2\u00aa edici\u00f3n de \"Ventana Escolar\". Por eso deb\u00e9is saber:","rel":"","context":"En \u00abInformaci\u00f3n\u00bb","block_context":{"text":"Informaci\u00f3n","link":"https:\/\/www.ceipmaestrorafaelbravomartin.es\/?cat=17"},"img":{"alt_text":"","src":"https:\/\/i0.wp.com\/www.ceipmaestrorafaelbravomartin.es\/wp-content\/uploads\/2010\/11\/ventana.png?resize=350%2C200&ssl=1","width":350,"height":200},"classes":[]},{"id":303,"url":"https:\/\/www.ceipmaestrorafaelbravomartin.es\/?p=303","url_meta":{"origin":1848,"position":5},"title":"Proceso de escolarizaci\u00f3n 2013\/2014","author":"CEIP Maestro Rafael Bravo Mart\u00edn","date":"21 febrero, 2013","format":false,"excerpt":"Normativa que regula los criterios y el procedimiento de admisi\u00f3n del alumnado en los centros docentes p\u00fablicos y privados concertados.\u00a0 DECRETO 40\/2011, de 22 de febrero, por el que se regulan los criterios y el procedimiento de admisi\u00f3n del alumnado en los centros docentes p\u00fablicos y privados concertados para cursar\u2026","rel":"","context":"En \u00abEl centro\u00bb","block_context":{"text":"El centro","link":"https:\/\/www.ceipmaestrorafaelbravomartin.es\/?cat=10"},"img":{"alt_text":"","src":"","width":0,"height":0},"classes":[]}],"_links":{"self":[{"href":"https:\/\/www.ceipmaestrorafaelbravomartin.es\/index.php?rest_route=\/wp\/v2\/posts\/1848","targetHints":{"allow":["GET"]}}],"collection":[{"href":"https:\/\/www.ceipmaestrorafaelbravomartin.es\/index.php?rest_route=\/wp\/v2\/posts"}],"about":[{"href":"https:\/\/www.ceipmaestrorafaelbravomartin.es\/index.php?rest_route=\/wp\/v2\/types\/post"}],"author":[{"embeddable":true,"href":"https:\/\/www.ceipmaestrorafaelbravomartin.es\/index.php?rest_route=\/wp\/v2\/users\/6"}],"replies":[{"embeddable":true,"href":"https:\/\/www.ceipmaestrorafaelbravomartin.es\/index.php?rest_route=%2Fwp%2Fv2%2Fcomments&post=1848"}],"version-history":[{"count":2,"href":"https:\/\/www.ceipmaestrorafaelbravomartin.es\/index.php?rest_route=\/wp\/v2\/posts\/1848\/revisions"}],"predecessor-version":[{"id":1852,"href":"https:\/\/www.ceipmaestrorafaelbravomartin.es\/index.php?rest_route=\/wp\/v2\/posts\/1848\/revisions\/1852"}],"wp:attachment":[{"href":"https:\/\/www.ceipmaestrorafaelbravomartin.es\/index.php?rest_route=%2Fwp%2Fv2%2Fmedia&parent=1848"}],"wp:term":[{"taxonomy":"category","embeddable":true,"href":"https:\/\/www.ceipmaestrorafaelbravomartin.es\/index.php?rest_route=%2Fwp%2Fv2%2Fcategories&post=1848"},{"taxonomy":"post_tag","embeddable":true,"href":"https:\/\/www.ceipmaestrorafaelbravomartin.es\/index.php?rest_route=%2Fwp%2Fv2%2Ftags&post=1848"}],"curies":[{"name":"wp","href":"https:\/\/api.w.org\/{rel}","templated":true}]}}