{"id":186,"date":"2011-10-05T10:38:00","date_gmt":"2011-10-05T08:38:00","guid":{"rendered":"http:\/\/blogasuncion.es\/?p=186"},"modified":"2014-10-12T19:59:04","modified_gmt":"2014-10-12T17:59:04","slug":"guias-de-orientacion-educativa-para-familias-2","status":"publish","type":"post","link":"https:\/\/www.ceipmaestrorafaelbravomartin.es\/?p=186","title":{"rendered":"Gu\u00edas de orientaci\u00f3n educativa para familias"},"content":{"rendered":"<\/p>\n<p class=\"spip\">Se puede encontrar en los ultraport\u00e1tiles en la secci\u00f3n Educaci\u00f3n\/Recursos TIC. Puede verse en la siguiente imagen:<\/p>\n<p class=\"spip\">\u00a0<\/p>\n<p class=\"spip\"><a target=\"_blank\" href=\"http:\/\/averroes.ced.junta-andalucia.es\/cga\/IMG\/png\/Pantallazo.png\"><img decoding=\"async\" style=\"display: block; margin-left: auto; margin-right: auto;\" src=\"http:\/\/blogasuncion.es\/wp-content\/uploads\/2011\/10\/pantallazo-2cb99-25464.png\" \/><\/a><\/p>\n<p class=\"spip\">\u00a0<\/p>\n<p class=\"spip\">\u00a0<\/p>\n<\/div>\n","protected":false},"excerpt":{"rendered":"<div class=\"texte\">\n<p class=\"spip\">Se informa que ha sido incluido en Guadalinex Edu las gu\u00edas de orientaci\u00f3n educativa para familias.<\/p>\n","protected":false},"author":4,"featured_media":185,"comment_status":"closed","ping_status":"open","sticky":false,"template":"","format":"standard","meta":{"jetpack_post_was_ever_published":false,"_jetpack_newsletter_access":"","_jetpack_dont_email_post_to_subs":false,"_jetpack_newsletter_tier_id":0,"_jetpack_memberships_contains_paywalled_content":false,"_jetpack_memberships_contains_paid_content":false,"footnotes":""},"categories":[41],"tags":[],"class_list":["post-186","post","type-post","status-publish","format-standard","has-post-thumbnail","hentry","category-tic20"],"jetpack_featured_media_url":"https:\/\/www.ceipmaestrorafaelbravomartin.es\/wp-content\/uploads\/2011\/10\/pantallazo-2cb99-25464.png","jetpack_sharing_enabled":true,"jetpack_shortlink":"https:\/\/wp.me\/p9VlHp-30","jetpack-related-posts":[{"id":184,"url":"https:\/\/www.ceipmaestrorafaelbravomartin.es\/?p=184","url_meta":{"origin":186,"position":0},"title":"Gu\u00edas de orientaci\u00f3n educativa para familias","author":"CEIP Maestro Rafael Bravo Mart\u00edn","date":"5 octubre, 2011","format":false,"excerpt":"Se informa que has sido incluido en Guadalinex Edu las gu\u00edas de orientaci\u00f3n educativa para familias. \u00a0 Se puede encontrar en los ultraportatiles en la secci\u00f3n educaci\u00f3n-> Recursos Tic. Puede verse en la siguiente imagen: order viagra by mail - viagra","rel":"","context":"En \u00abEscuela TIC 2.0\u00bb","block_context":{"text":"Escuela TIC 2.0","link":"https:\/\/www.ceipmaestrorafaelbravomartin.es\/?cat=41"},"img":{"alt_text":"PNG - 286.9 KB","src":"https:\/\/i0.wp.com\/averroes.ced.junta-andalucia.es\/cga\/local\/cache-vignettes\/L150xH88\/Pantallazo-2cb99-25464.png?resize=350%2C200","width":350,"height":200},"classes":[]},{"id":136,"url":"https:\/\/www.ceipmaestrorafaelbravomartin.es\/?p=136","url_meta":{"origin":186,"position":1},"title":"Convocator\u00eda de Reuni\u00f3n Informativa a las familias sobre PASEN","author":"CEIP Maestro Rafael Bravo Mart\u00edn","date":"24 enero, 2011","format":false,"excerpt":"Se convoca a los tutores legales del alumnado del Centro a la reuni\u00f3n informativa que tendr\u00e1 lugar el pr\u00f3ximo martes d\u00eda 1 de febrero en el Sal\u00f3n de Usos M\u00faltiples del Centro. El motivo es dar a conocer la plataforma educativa PASEN que durante el presente curso escolar vamos a\u2026","rel":"","context":"En \u00abNoticias TIC\u00bb","block_context":{"text":"Noticias TIC","link":"https:\/\/www.ceipmaestrorafaelbravomartin.es\/?cat=19"},"img":{"alt_text":"","src":"","width":0,"height":0},"classes":[]},{"id":201,"url":"https:\/\/www.ceipmaestrorafaelbravomartin.es\/?p=201","url_meta":{"origin":186,"position":2},"title":"Convocatoria Reuni\u00f3n Informativa a las familias sobre PASEN","author":"CEIP Maestro Rafael Bravo Mart\u00edn","date":"9 noviembre, 2011","format":false,"excerpt":"Se convoca a todos los padres, madres y\/o los tutores legales del alumnado de 1\u00ba, 2\u00ba, y 3\u00ba de primaria a la reuni\u00f3n informativa que tendr\u00e1 lugar el pr\u00f3ximo martes d\u00eda 15 de noviembre a las 17 horas en el Sal\u00f3n de Usos M\u00faltiples del Centro. El motivo es dar\u2026","rel":"","context":"En \u00abNoticias TIC\u00bb","block_context":{"text":"Noticias TIC","link":"https:\/\/www.ceipmaestrorafaelbravomartin.es\/?cat=19"},"img":{"alt_text":"","src":"","width":0,"height":0},"classes":[]},{"id":206,"url":"https:\/\/www.ceipmaestrorafaelbravomartin.es\/?p=206","url_meta":{"origin":186,"position":3},"title":"Convocatoria Reuni\u00f3n Informativa a las familias sobre PASEN","author":"CEIP Maestro Rafael Bravo Mart\u00edn","date":"18 noviembre, 2011","format":false,"excerpt":"Se convoca a todos los padres, madres y\/o los tutores legales del alumnado de 4\u00ba, 5\u00ba y 6\u00ba de primaria a la reuni\u00f3n informativa que tendr\u00e1 lugar el pr\u00f3ximo martes d\u00eda 22 de noviembre a las 17 horas en el Sal\u00f3n de Usos M\u00faltiples del Centro. El motivo es dar\u2026","rel":"","context":"En \u00abNoticias TIC\u00bb","block_context":{"text":"Noticias TIC","link":"https:\/\/www.ceipmaestrorafaelbravomartin.es\/?cat=19"},"img":{"alt_text":"","src":"","width":0,"height":0},"classes":[]},{"id":37,"url":"https:\/\/www.ceipmaestrorafaelbravomartin.es\/?p=37","url_meta":{"origin":186,"position":4},"title":"Plan de acompa\u00f1amiento","author":"CEIP Maestro Rafael Bravo Mart\u00edn","date":"18 octubre, 2010","format":false,"excerpt":"DESCRIPCI\u00d3NEl curso 2008-09 empez\u00f3 a funcionar en nuestro Colegio el Plan de Acompa\u00f1amiento, dirigido al alumnado del 3er. Ciclo que presentan dificultades de aprendizaje, escasez de h\u00e1bito de estudio, falta de madurez personal, desorganizaci\u00f3n, falta de habilidades sociales para integrarse en el Centro\u2026Este Plan pretende, por tanto, la mejora de\u2026","rel":"","context":"En \u00abPlanes y programas\u00bb","block_context":{"text":"Planes y programas","link":"https:\/\/www.ceipmaestrorafaelbravomartin.es\/?cat=23"},"img":{"alt_text":"","src":"","width":0,"height":0},"classes":[]},{"id":44,"url":"https:\/\/www.ceipmaestrorafaelbravomartin.es\/?p=44","url_meta":{"origin":186,"position":5},"title":"La Consejer\u00eda de Educaci\u00f3n y Vodafone ofertan acceso a Internet","author":"CEIP Maestro Rafael Bravo Mart\u00edn","date":"20 octubre, 2010","format":false,"excerpt":"Recojo una notica publicada en la web ANDATIC (Asociacion de profesionales de la Educaci\u00f3n con las TIC), de la cual soy colaborador.","rel":"","context":"En \u00abNoticias TIC\u00bb","block_context":{"text":"Noticias TIC","link":"https:\/\/www.ceipmaestrorafaelbravomartin.es\/?cat=19"},"img":{"alt_text":"","src":"","width":0,"height":0},"classes":[]}],"_links":{"self":[{"href":"https:\/\/www.ceipmaestrorafaelbravomartin.es\/index.php?rest_route=\/wp\/v2\/posts\/186","targetHints":{"allow":["GET"]}}],"collection":[{"href":"https:\/\/www.ceipmaestrorafaelbravomartin.es\/index.php?rest_route=\/wp\/v2\/posts"}],"about":[{"href":"https:\/\/www.ceipmaestrorafaelbravomartin.es\/index.php?rest_route=\/wp\/v2\/types\/post"}],"author":[{"embeddable":true,"href":"https:\/\/www.ceipmaestrorafaelbravomartin.es\/index.php?rest_route=\/wp\/v2\/users\/4"}],"replies":[{"embeddable":true,"href":"https:\/\/www.ceipmaestrorafaelbravomartin.es\/index.php?rest_route=%2Fwp%2Fv2%2Fcomments&post=186"}],"version-history":[{"count":1,"href":"https:\/\/www.ceipmaestrorafaelbravomartin.es\/index.php?rest_route=\/wp\/v2\/posts\/186\/revisions"}],"predecessor-version":[{"id":906,"href":"https:\/\/www.ceipmaestrorafaelbravomartin.es\/index.php?rest_route=\/wp\/v2\/posts\/186\/revisions\/906"}],"wp:featuredmedia":[{"embeddable":true,"href":"https:\/\/www.ceipmaestrorafaelbravomartin.es\/index.php?rest_route=\/wp\/v2\/media\/185"}],"wp:attachment":[{"href":"https:\/\/www.ceipmaestrorafaelbravomartin.es\/index.php?rest_route=%2Fwp%2Fv2%2Fmedia&parent=186"}],"wp:term":[{"taxonomy":"category","embeddable":true,"href":"https:\/\/www.ceipmaestrorafaelbravomartin.es\/index.php?rest_route=%2Fwp%2Fv2%2Fcategories&post=186"},{"taxonomy":"post_tag","embeddable":true,"href":"https:\/\/www.ceipmaestrorafaelbravomartin.es\/index.php?rest_route=%2Fwp%2Fv2%2Ftags&post=186"}],"curies":[{"name":"wp","href":"https:\/\/api.w.org\/{rel}","templated":true}]}}