{"id":187,"date":"2011-10-05T15:48:26","date_gmt":"2011-10-05T13:48:26","guid":{"rendered":"http:\/\/blogasuncion.es\/?p=187"},"modified":"2013-07-05T13:07:04","modified_gmt":"2013-07-05T11:07:04","slug":"guia-de-derechos-y-responsabilidades-de-las-familias-andaluzas-en-la-educacion","status":"publish","type":"post","link":"https:\/\/www.ceipmaestrorafaelbravomartin.es\/?p=187","title":{"rendered":"Gu\u00eda  de Derechos y Responsabilidades de las Familias Andaluzas en la Educaci\u00f3n"},"content":{"rendered":"<p>\u00a0<\/p>\n<div style=\"width: 420px; text-align: left;\"><\/div>\n<p>\u00a0<\/p>\n<p style=\"text-align: center;\">\u00abNo es f\u00e1cil ser padre o madre, nadie nos ense\u00f1a a serlo, sin embargo tenemos la convicci\u00f3n de que la educaci\u00f3n de nuestros hijos e hijas es la mejor inversi\u00f3n que podemos legarles\u00bb.<\/p>\n<p style=\"text-align: center;\">\u00a0<\/p>\n<p style=\"text-align: center;\">\u00a0<\/p>\n<p style=\"text-align: center;\">Esta Gu\u00eda de Derechos y Responsabilidades de las Familias Andaluzas en Educaci\u00f3n, pretende ser un instrumento de ayuda que os sugiera pautas y actuaciones necesarias para conseguir la mejor educaci\u00f3n de vuestros hijos e hijas. Asimismo os informa de algunos servicios y recursos para lograrlo.<\/p>\n<div style=\"text-align: center;\"><\/div>\n<div style=\"text-align: center;\"><\/div>\n<div style=\"text-align: center;\"><\/div>\n<div style=\"text-align: center;\"><\/div>\n<div style=\"text-align: right;\"><\/div>\n<div style=\"text-align: right;\">Francisco Jos\u00e9 \u00c1lvarez de la Chica<\/div>\n<div style=\"text-align: right;\">&nbsp;&nbsp; Consejero de Educaci\u00f3n<\/div>\n<div style=\"text-align: center;\">\n<p>\n<object codebase=\"http:\/\/download.macromedia.com\/pub\/shockwave\/cabs\/flash\/swflash.cab#version=10,0,32,18\" classid=\"clsid:d27cdb6e-ae6d-11cf-96b8-444553540000\" type=\"application\/x-shockwave-flash\" height=\"180\" width=\"516\"><param name=\"allowfullscreen\" value=\"true\" \/><param name=\"menu\" value=\"false\" \/><param name=\"src\" value=\"http:\/\/static.issuu.com\/webembed\/viewers\/style1\/v1\/IssuuViewer.swf?mode=embed&amp;layout=http%3A%2F%2Fskin.issuu.com%2Fv%2Fcolor%2Flayout.xml&amp;backgroundColor=FFFFFF&amp;showFlipBtn=true&amp;documentId=111005152625-8b6ec972eba244d0ae5cd312a086dd36&amp;docName=gu_a&amp;username=asunquivir&amp;loadingInfoText=Gu%C3%ADa%20de%20derechos%20y%20responsabilidades%20de%20las%20familias%20andaluzas%20en%20la%20educaci%C3%B3n&amp;et=1317829438904&amp;er=16\" \/>&nbsp;<\/embed>&nbsp;<\/object><br \/>\n&nbsp;  &nbsp;  &nbsp;<\/p>\n<p>\u00a0<\/p>\n<p>{jcomments on}<\/p>\n<\/div>\n<div style=\"text-align: center;\"><\/div>\n","protected":false},"excerpt":{"rendered":"<p>\u00a0 \u00a0 \u00abNo es f\u00e1cil ser padre o madre, nadie nos ense\u00f1a a serlo, sin embargo tenemos la convicci\u00f3n de que la educaci\u00f3n de nuestros hijos e hijas es la mejor inversi\u00f3n que podemos legarles\u00bb. \u00a0 \u00a0 Esta Gu\u00eda de Derechos y Responsabilidades de las Familias Andaluzas en Educaci\u00f3n, pretende [&hellip;]<\/p>\n","protected":false},"author":4,"featured_media":0,"comment_status":"closed","ping_status":"open","sticky":false,"template":"","format":"standard","meta":{"jetpack_post_was_ever_published":false,"_jetpack_newsletter_access":"","_jetpack_dont_email_post_to_subs":false,"_jetpack_newsletter_tier_id":0,"_jetpack_memberships_contains_paywalled_content":false,"_jetpack_memberships_contains_paid_content":false,"footnotes":""},"categories":[10],"tags":[],"class_list":["post-187","post","type-post","status-publish","format-standard","hentry","category-centro"],"jetpack_featured_media_url":"","jetpack_sharing_enabled":true,"jetpack_shortlink":"https:\/\/wp.me\/p9VlHp-31","jetpack-related-posts":[{"id":44,"url":"https:\/\/www.ceipmaestrorafaelbravomartin.es\/?p=44","url_meta":{"origin":187,"position":0},"title":"La Consejer\u00eda de Educaci\u00f3n y Vodafone ofertan acceso a Internet","author":"CEIP Maestro Rafael Bravo Mart\u00edn","date":"20 octubre, 2010","format":false,"excerpt":"Recojo una notica publicada en la web ANDATIC (Asociacion de profesionales de la Educaci\u00f3n con las TIC), de la cual soy colaborador.","rel":"","context":"En \u00abNoticias TIC\u00bb","block_context":{"text":"Noticias TIC","link":"https:\/\/www.ceipmaestrorafaelbravomartin.es\/?cat=19"},"img":{"alt_text":"","src":"","width":0,"height":0},"classes":[]},{"id":145,"url":"https:\/\/www.ceipmaestrorafaelbravomartin.es\/?p=145","url_meta":{"origin":187,"position":1},"title":"Gu\u00eda de formaci\u00f3n TIC para padres y madres de adolescentes","author":"CEIP Maestro Rafael Bravo Mart\u00edn","date":"2 marzo, 2011","format":false,"excerpt":"Estamos en un nuevo tiempo donde los accesos a la informaci\u00f3n y el proceso de aprendizaje a cambiado r\u00e1pidamente mediante la introducci\u00f3n de las TIC. Para ayudar a nuestros hijos e hijas en la actual sociedad debemos comprender qu\u00e9 son las TIC, c\u00f3mo funcionan y cu\u00e1l es la mejor forma\u2026","rel":"","context":"En \u00abDocumentos TIC\u00bb","block_context":{"text":"Documentos TIC","link":"https:\/\/www.ceipmaestrorafaelbravomartin.es\/?cat=37"},"img":{"alt_text":"","src":"","width":0,"height":0},"classes":[]},{"id":30,"url":"https:\/\/www.ceipmaestrorafaelbravomartin.es\/?p=30","url_meta":{"origin":187,"position":2},"title":"Tr\u00e1nsito Infantil-Primaria.","author":"CEIP Maestro Rafael Bravo Mart\u00edn","date":"15 octubre, 2010","format":false,"excerpt":"El Programa de Tr\u00e1nsito (entendido como paso de una etapa a otra) de Infantil a Primaria se incluye dentro del Plan de Acci\u00f3n Tutorial, incluido a su vez en el Plan Anual de Centro (PAC) seg\u00fan la Orden 16\/11\/2007, por la que se regula la organizaci\u00f3n de la orientaci\u00f3n y\u2026","rel":"","context":"En \u00abPlanes y programas\u00bb","block_context":{"text":"Planes y programas","link":"https:\/\/www.ceipmaestrorafaelbravomartin.es\/?cat=23"},"img":{"alt_text":"","src":"","width":0,"height":0},"classes":[]},{"id":1947,"url":"https:\/\/www.ceipmaestrorafaelbravomartin.es\/?p=1947","url_meta":{"origin":187,"position":3},"title":"Plan de coeducaci\u00f3n.","author":"CEIP Maestro Rafael Bravo Mart\u00edn","date":"25 abril, 2019","format":false,"excerpt":"El compromiso de nuestro colegio con la Igualdad de Oportunidades entre mujeres y hombres es una constante en todas nuestras actuaciones, trabajamos firmemente para eliminar las desigualdades existentes y avanzar en la consecuci\u00f3n de una sociedad justa y equitativa para todas y todos. Partimos de la Educaci\u00f3n como principio fundamental\u2026","rel":"","context":"En \u00abCoeducaci\u00f3n\u00bb","block_context":{"text":"Coeducaci\u00f3n","link":"https:\/\/www.ceipmaestrorafaelbravomartin.es\/?cat=114"},"img":{"alt_text":"","src":"","width":0,"height":0},"classes":[]},{"id":82,"url":"https:\/\/www.ceipmaestrorafaelbravomartin.es\/?p=82","url_meta":{"origin":187,"position":4},"title":"Reuni\u00f3n con las familias en Ed. Infantil","author":"CEIP Maestro Rafael Bravo Mart\u00edn","date":"29 noviembre, 2009","format":false,"excerpt":"El 26 de octubre del 2010 se llev\u00f3 a cabo la reuni\u00f3n con las \u00a0 familias del alumnado de Educaci\u00f3n Infantil. En ella se trataron entre otros los siguientes puntos:","rel":"","context":"En \u00abEducaci\u00f3n Infantil\u00bb","block_context":{"text":"Educaci\u00f3n Infantil","link":"https:\/\/www.ceipmaestrorafaelbravomartin.es\/?cat=26"},"img":{"alt_text":"*","src":"file:\/\/\/C:\/DOCUME~1\/ANGELO~1\/CONFIG~1\/Temp\/msohtml1\/01\/clip_image001.gif","width":350,"height":200},"classes":[]},{"id":1830,"url":"https:\/\/www.ceipmaestrorafaelbravomartin.es\/?p=1830","url_meta":{"origin":187,"position":5},"title":"Coeducaci\u00f3n.","author":"CEIP Maestro Rafael Bravo Mart\u00edn","date":"18 abril, 2018","format":false,"excerpt":"Ahora que se acerca el d\u00eda del libro (23 de abril) y para lograr uno de nuestros objetivos principales: la transmisi\u00f3n de valores, actitudes y modelos de referencia personales y colectivos, que contribuyan a la tan ansiada igualdad, desde\u00a0coeducaci\u00f3n\u00a0queremos contribuir a que ni\u00f1os\/as accedan a un tipo de literatura que\u2026","rel":"","context":"En \u00abCoeducaci\u00f3n\u00bb","block_context":{"text":"Coeducaci\u00f3n","link":"https:\/\/www.ceipmaestrorafaelbravomartin.es\/?cat=114"},"img":{"alt_text":"","src":"","width":0,"height":0},"classes":[]}],"_links":{"self":[{"href":"https:\/\/www.ceipmaestrorafaelbravomartin.es\/index.php?rest_route=\/wp\/v2\/posts\/187","targetHints":{"allow":["GET"]}}],"collection":[{"href":"https:\/\/www.ceipmaestrorafaelbravomartin.es\/index.php?rest_route=\/wp\/v2\/posts"}],"about":[{"href":"https:\/\/www.ceipmaestrorafaelbravomartin.es\/index.php?rest_route=\/wp\/v2\/types\/post"}],"author":[{"embeddable":true,"href":"https:\/\/www.ceipmaestrorafaelbravomartin.es\/index.php?rest_route=\/wp\/v2\/users\/4"}],"replies":[{"embeddable":true,"href":"https:\/\/www.ceipmaestrorafaelbravomartin.es\/index.php?rest_route=%2Fwp%2Fv2%2Fcomments&post=187"}],"version-history":[{"count":1,"href":"https:\/\/www.ceipmaestrorafaelbravomartin.es\/index.php?rest_route=\/wp\/v2\/posts\/187\/revisions"}],"predecessor-version":[{"id":427,"href":"https:\/\/www.ceipmaestrorafaelbravomartin.es\/index.php?rest_route=\/wp\/v2\/posts\/187\/revisions\/427"}],"wp:attachment":[{"href":"https:\/\/www.ceipmaestrorafaelbravomartin.es\/index.php?rest_route=%2Fwp%2Fv2%2Fmedia&parent=187"}],"wp:term":[{"taxonomy":"category","embeddable":true,"href":"https:\/\/www.ceipmaestrorafaelbravomartin.es\/index.php?rest_route=%2Fwp%2Fv2%2Fcategories&post=187"},{"taxonomy":"post_tag","embeddable":true,"href":"https:\/\/www.ceipmaestrorafaelbravomartin.es\/index.php?rest_route=%2Fwp%2Fv2%2Ftags&post=187"}],"curies":[{"name":"wp","href":"https:\/\/api.w.org\/{rel}","templated":true}]}}