{"id":1927,"date":"2019-02-21T13:30:08","date_gmt":"2019-02-21T12:30:08","guid":{"rendered":"http:\/\/www.ceipmaestrorafaelbravomartin.es\/?p=1927"},"modified":"2019-02-21T13:30:08","modified_gmt":"2019-02-21T12:30:08","slug":"reunion-informativa-para-el-alumnado-de-nuevo-ingreso","status":"publish","type":"post","link":"https:\/\/www.ceipmaestrorafaelbravomartin.es\/?p=1927","title":{"rendered":"Reuni\u00f3n informativa para el alumnado de nuevo ingreso."},"content":{"rendered":"<p align=\"justify\"><span style=\"font-family: Times New Roman, serif;\"><span style=\"font-size: large;\"> LES INFORMAMOS QUE DESDE EL 1 DE MARZO HASTA EL 1 DE ABRIL TODOS\/AS LOS\/LAS INTERESADOS\/AS PODR\u00c1N PRESENTAR SU SOLICITUD EN LA SECRETAR\u00cdA DEL CENTRO DE 9:00 A 11:00.<\/span><\/span><\/p>\n<p align=\"justify\"><span style=\"font-family: Times New Roman, serif;\"><span style=\"font-size: large;\"> HABR\u00c1 UNA <u><b>REUNI\u00d3N<\/b><\/u> INFORMATIVA EN LA QUE PODR\u00c1N CONOCER EL CENTRO EL <u><b>PR\u00d3XIMO MARTES<\/b><\/u>, D\u00cdA 26 DE FEBRERO, A LAS 18:00 HORAS, EN EL SAL\u00d3N DE USOS M\u00daLTIPLES.<\/span><\/span><\/p>\n<p align=\"right\"><span style=\"font-family: Times New Roman, serif;\"><span style=\"font-size: large;\">ATENTAMENTE,<\/span><\/span><\/p>\n<p align=\"right\"><span style=\"font-family: Times New Roman, serif;\"><span style=\"font-size: large;\">LA DIRECTORA<\/span><\/span><\/p>\n","protected":false},"excerpt":{"rendered":"<p>LES INFORMAMOS QUE DESDE EL 1 DE MARZO HASTA EL 1 DE ABRIL TODOS\/AS LOS\/LAS INTERESADOS\/AS PODR\u00c1N PRESENTAR SU SOLICITUD EN LA SECRETAR\u00cdA DEL CENTRO DE 9:00 A 11:00. HABR\u00c1 UNA REUNI\u00d3N INFORMATIVA EN LA QUE PODR\u00c1N CONOCER EL CENTRO EL PR\u00d3XIMO MARTES, D\u00cdA 26 DE FEBRERO, A LAS 18:00 [&hellip;]<\/p>\n","protected":false},"author":6,"featured_media":0,"comment_status":"closed","ping_status":"closed","sticky":false,"template":"","format":"standard","meta":{"jetpack_post_was_ever_published":false,"_jetpack_newsletter_access":"","_jetpack_dont_email_post_to_subs":false,"_jetpack_newsletter_tier_id":0,"_jetpack_memberships_contains_paywalled_content":false,"_jetpack_memberships_contains_paid_content":false,"footnotes":""},"categories":[10,2],"tags":[],"class_list":["post-1927","post","type-post","status-publish","format-standard","hentry","category-centro","category-info"],"jetpack_featured_media_url":"","jetpack_sharing_enabled":true,"jetpack_shortlink":"https:\/\/wp.me\/p9VlHp-v5","jetpack-related-posts":[{"id":136,"url":"https:\/\/www.ceipmaestrorafaelbravomartin.es\/?p=136","url_meta":{"origin":1927,"position":0},"title":"Convocator\u00eda de Reuni\u00f3n Informativa a las familias sobre PASEN","author":"CEIP Maestro Rafael Bravo Mart\u00edn","date":"24 enero, 2011","format":false,"excerpt":"Se convoca a los tutores legales del alumnado del Centro a la reuni\u00f3n informativa que tendr\u00e1 lugar el pr\u00f3ximo martes d\u00eda 1 de febrero en el Sal\u00f3n de Usos M\u00faltiples del Centro. El motivo es dar a conocer la plataforma educativa PASEN que durante el presente curso escolar vamos a\u2026","rel":"","context":"En \u00abNoticias TIC\u00bb","block_context":{"text":"Noticias TIC","link":"https:\/\/www.ceipmaestrorafaelbravomartin.es\/?cat=19"},"img":{"alt_text":"","src":"","width":0,"height":0},"classes":[]},{"id":206,"url":"https:\/\/www.ceipmaestrorafaelbravomartin.es\/?p=206","url_meta":{"origin":1927,"position":1},"title":"Convocatoria Reuni\u00f3n Informativa a las familias sobre PASEN","author":"CEIP Maestro Rafael Bravo Mart\u00edn","date":"18 noviembre, 2011","format":false,"excerpt":"Se convoca a todos los padres, madres y\/o los tutores legales del alumnado de 4\u00ba, 5\u00ba y 6\u00ba de primaria a la reuni\u00f3n informativa que tendr\u00e1 lugar el pr\u00f3ximo martes d\u00eda 22 de noviembre a las 17 horas en el Sal\u00f3n de Usos M\u00faltiples del Centro. El motivo es dar\u2026","rel":"","context":"En \u00abNoticias TIC\u00bb","block_context":{"text":"Noticias TIC","link":"https:\/\/www.ceipmaestrorafaelbravomartin.es\/?cat=19"},"img":{"alt_text":"","src":"","width":0,"height":0},"classes":[]},{"id":201,"url":"https:\/\/www.ceipmaestrorafaelbravomartin.es\/?p=201","url_meta":{"origin":1927,"position":2},"title":"Convocatoria Reuni\u00f3n Informativa a las familias sobre PASEN","author":"CEIP Maestro Rafael Bravo Mart\u00edn","date":"9 noviembre, 2011","format":false,"excerpt":"Se convoca a todos los padres, madres y\/o los tutores legales del alumnado de 1\u00ba, 2\u00ba, y 3\u00ba de primaria a la reuni\u00f3n informativa que tendr\u00e1 lugar el pr\u00f3ximo martes d\u00eda 15 de noviembre a las 17 horas en el Sal\u00f3n de Usos M\u00faltiples del Centro. El motivo es dar\u2026","rel":"","context":"En \u00abNoticias TIC\u00bb","block_context":{"text":"Noticias TIC","link":"https:\/\/www.ceipmaestrorafaelbravomartin.es\/?cat=19"},"img":{"alt_text":"","src":"","width":0,"height":0},"classes":[]},{"id":15,"url":"https:\/\/www.ceipmaestrorafaelbravomartin.es\/?p=15","url_meta":{"origin":1927,"position":3},"title":"Nota informativa sobre escuelas deportivas","author":"CEIP Maestro Rafael Bravo Mart\u00edn","date":"13 octubre, 2010","format":false,"excerpt":"Se comunica a todo\/as las madres y padres de las alumnas\/os del centro que el pr\u00f3ximo lunes, 4 de octubre comenzar\u00e1n el proyecto \u201cEscuelas deportivas\u201d (o talleres de multideporte).Los talleres ir\u00e1n dirigidos a los alumnos\/as de la etapa de educaci\u00f3n primaria (de 1\u00ba a 6\u00ba curso).","rel":"","context":"En \u00abEscuelas deportivas\u00bb","block_context":{"text":"Escuelas deportivas","link":"https:\/\/www.ceipmaestrorafaelbravomartin.es\/?cat=18"},"img":{"alt_text":"","src":"","width":0,"height":0},"classes":[]},{"id":2063,"url":"https:\/\/www.ceipmaestrorafaelbravomartin.es\/?p=2063","url_meta":{"origin":1927,"position":4},"title":"Escolarizaci\u00f3n 2020\/2021","author":"CEIP Maestro Rafael Bravo Mart\u00edn","date":"20 febrero, 2020","format":false,"excerpt":"Se convoca a los padres\/madres interesados en presentar solicitud de matr\u00edcula en nuestro centro, para el primer nivel de Educaci\u00f3n Infantil, a una reuni\u00f3n informativa en el sal\u00f3n de usos m\u00faltiples el pr\u00f3ximo martes, d\u00eda 3 de marzo, a las 17:00 horas. Un cordial saludo.","rel":"","context":"En \u00abInformaci\u00f3n\u00bb","block_context":{"text":"Informaci\u00f3n","link":"https:\/\/www.ceipmaestrorafaelbravomartin.es\/?cat=2"},"img":{"alt_text":"","src":"","width":0,"height":0},"classes":[]},{"id":273,"url":"https:\/\/www.ceipmaestrorafaelbravomartin.es\/?p=273","url_meta":{"origin":1927,"position":5},"title":"ELECCIONES AL CONSEJO ESCOLAR 2012","author":"CEIP Maestro Rafael Bravo Mart\u00edn","date":"24 octubre, 2012","format":false,"excerpt":"Las elecciones para la renovaci\u00f3n del Consejo Escolar por el sector de padres\/madres\u00a0 de nuestro centro, se celebrar\u00e1n el pr\u00f3ximo martes 13 de noviembre de 2012 (de 14:00 a 20:00 h.) , en la Direcci\u00f3n del mismo. \u00a0 Los\/as padres\/madres que han presentado su candidatura son los siguientes: \u00a0 \u00a0\u2026","rel":"","context":"En \u00abEl centro\u00bb","block_context":{"text":"El centro","link":"https:\/\/www.ceipmaestrorafaelbravomartin.es\/?cat=10"},"img":{"alt_text":"","src":"","width":0,"height":0},"classes":[]}],"_links":{"self":[{"href":"https:\/\/www.ceipmaestrorafaelbravomartin.es\/index.php?rest_route=\/wp\/v2\/posts\/1927","targetHints":{"allow":["GET"]}}],"collection":[{"href":"https:\/\/www.ceipmaestrorafaelbravomartin.es\/index.php?rest_route=\/wp\/v2\/posts"}],"about":[{"href":"https:\/\/www.ceipmaestrorafaelbravomartin.es\/index.php?rest_route=\/wp\/v2\/types\/post"}],"author":[{"embeddable":true,"href":"https:\/\/www.ceipmaestrorafaelbravomartin.es\/index.php?rest_route=\/wp\/v2\/users\/6"}],"replies":[{"embeddable":true,"href":"https:\/\/www.ceipmaestrorafaelbravomartin.es\/index.php?rest_route=%2Fwp%2Fv2%2Fcomments&post=1927"}],"version-history":[{"count":1,"href":"https:\/\/www.ceipmaestrorafaelbravomartin.es\/index.php?rest_route=\/wp\/v2\/posts\/1927\/revisions"}],"predecessor-version":[{"id":1928,"href":"https:\/\/www.ceipmaestrorafaelbravomartin.es\/index.php?rest_route=\/wp\/v2\/posts\/1927\/revisions\/1928"}],"wp:attachment":[{"href":"https:\/\/www.ceipmaestrorafaelbravomartin.es\/index.php?rest_route=%2Fwp%2Fv2%2Fmedia&parent=1927"}],"wp:term":[{"taxonomy":"category","embeddable":true,"href":"https:\/\/www.ceipmaestrorafaelbravomartin.es\/index.php?rest_route=%2Fwp%2Fv2%2Fcategories&post=1927"},{"taxonomy":"post_tag","embeddable":true,"href":"https:\/\/www.ceipmaestrorafaelbravomartin.es\/index.php?rest_route=%2Fwp%2Fv2%2Ftags&post=1927"}],"curies":[{"name":"wp","href":"https:\/\/api.w.org\/{rel}","templated":true}]}}