{"id":1931,"date":"2019-03-05T16:23:57","date_gmt":"2019-03-05T15:23:57","guid":{"rendered":"http:\/\/www.ceipmaestrorafaelbravomartin.es\/?p=1931"},"modified":"2019-03-05T16:23:57","modified_gmt":"2019-03-05T15:23:57","slug":"secretaria-virtual-de-los-centros-educativos","status":"publish","type":"post","link":"https:\/\/www.ceipmaestrorafaelbravomartin.es\/?p=1931","title":{"rendered":"Secretar\u00eda Virtual de los centros educativos."},"content":{"rendered":"<p><a href=\"https:\/\/www.juntadeandalucia.es\/educacion\/secretariavirtual\/accesoTramite\/303\/\">https:\/\/www.juntadeandalucia.es\/educacion\/secretariavirtual\/accesoTramite\/303\/<\/a><\/p>\n<p>&nbsp;<\/p>\n","protected":false},"excerpt":{"rendered":"<p>https:\/\/www.juntadeandalucia.es\/educacion\/secretariavirtual\/accesoTramite\/303\/ &nbsp;<\/p>\n","protected":false},"author":6,"featured_media":0,"comment_status":"closed","ping_status":"closed","sticky":false,"template":"","format":"standard","meta":{"jetpack_post_was_ever_published":false,"_jetpack_newsletter_access":"","_jetpack_dont_email_post_to_subs":false,"_jetpack_newsletter_tier_id":0,"_jetpack_memberships_contains_paywalled_content":false,"_jetpack_memberships_contains_paid_content":false,"footnotes":""},"categories":[2],"tags":[],"class_list":["post-1931","post","type-post","status-publish","format-standard","hentry","category-info"],"jetpack_featured_media_url":"","jetpack_sharing_enabled":true,"jetpack_shortlink":"https:\/\/wp.me\/p9VlHp-v9","jetpack-related-posts":[{"id":3381,"url":"https:\/\/www.ceipmaestrorafaelbravomartin.es\/?p=3381","url_meta":{"origin":1931,"position":0},"title":"Bonificaci\u00f3n del aula matinal y comedor","author":"CEIP Maestro Rafael Bravo Mart\u00edn","date":"5 septiembre, 2023","format":false,"excerpt":"Los alumnos\/as admitidos en los servicios de aula matinal y comedor, deben presentar la solicitud de gratuidad\/bonificaci\u00f3n del 1 al 7 de septiembre a trav\u00e9s de la Secretar\u00eda Virtual (pincha en el enlace). https:\/\/www.juntadeandalucia.es\/educacion\/secretariavirtual\/accesoTramite\/381\/","rel":"","context":"En \u00abInformaci\u00f3n\u00bb","block_context":{"text":"Informaci\u00f3n","link":"https:\/\/www.ceipmaestrorafaelbravomartin.es\/?cat=20"},"img":{"alt_text":"","src":"","width":0,"height":0},"classes":[]},{"id":2077,"url":"https:\/\/www.ceipmaestrorafaelbravomartin.es\/?p=2077","url_meta":{"origin":1931,"position":1},"title":"Admisi\u00f3n en centros docentes","author":"CEIP Maestro Rafael Bravo Mart\u00edn","date":"13 marzo, 2020","format":false,"excerpt":"Podr\u00e1 presentar la solicitud sin necesidad de desplazarse al centro educativo, siguiendo el siguiente enlace y las instrucciones que ah\u00ed figuran. https:\/\/www.juntadeandalucia.es\/educacion\/secretariavirtual\/accesoTramite\/439\/","rel":"","context":"En \u00abInformaci\u00f3n\u00bb","block_context":{"text":"Informaci\u00f3n","link":"https:\/\/www.ceipmaestrorafaelbravomartin.es\/?cat=2"},"img":{"alt_text":"","src":"","width":0,"height":0},"classes":[]},{"id":2685,"url":"https:\/\/www.ceipmaestrorafaelbravomartin.es\/?p=2685","url_meta":{"origin":1931,"position":2},"title":"Admisi\u00f3n nuevo alumnado","author":"CEIP Maestro Rafael Bravo Mart\u00edn","date":"21 mayo, 2020","format":false,"excerpt":"A continuaci\u00f3n os enlazamos el calendario a tener en cuenta para el proceso de admisi\u00f3n en los centros docentes de Andaluc\u00eda. https:\/\/portals.ced.junta-andalucia.es\/educacion\/portals\/web\/escolarizacion\/infantil-a-bachillerato\/calendario Una vez admitidos, y como aparece el calendario , del 25 al 30 de junio deber\u00e1 formalizar la matr\u00edcula y los interesados podr\u00e1n solicitar aula matinal y comedor\u2026","rel":"","context":"En \u00abSecretar\u00eda\u00bb","block_context":{"text":"Secretar\u00eda","link":"https:\/\/www.ceipmaestrorafaelbravomartin.es\/?cat=16"},"img":{"alt_text":"","src":"","width":0,"height":0},"classes":[]},{"id":2690,"url":"https:\/\/www.ceipmaestrorafaelbravomartin.es\/?p=2690","url_meta":{"origin":1931,"position":3},"title":"Renovaci\u00f3n de matr\u00edcula","author":"CEIP Maestro Rafael Bravo Mart\u00edn","date":"21 mayo, 2020","format":false,"excerpt":"El alumnado de nuestro centro debe renovar la matr\u00edcula para el curso 2020\/2021 del 2 al 8 de junio. Igualmente en ese mismo periodo se podr\u00e1 solicitar los servicios de aula matinal y comedor. Ambas gestiones deber\u00e1n hacerse preferentemente de forma telem\u00e1tica, a trav\u00e9s de la secretaria virtual de la\u2026","rel":"","context":"En \u00abSecretar\u00eda\u00bb","block_context":{"text":"Secretar\u00eda","link":"https:\/\/www.ceipmaestrorafaelbravomartin.es\/?cat=16"},"img":{"alt_text":"","src":"","width":0,"height":0},"classes":[]},{"id":2800,"url":"https:\/\/www.ceipmaestrorafaelbravomartin.es\/?p=2800","url_meta":{"origin":1931,"position":4},"title":"Solicitud de bonificaci\u00f3n del aula matinal y del comedor","author":"CEIP Maestro Rafael Bravo Mart\u00edn","date":"1 septiembre, 2020","format":false,"excerpt":"Se ha abierto el plazo para solicitar la bonificaci\u00f3n del aula matinal y del comedor (del 1 al 7 de septiembre), pod\u00e9is solicitar su bonificaci\u00f3n en el siguiente enlace: https:\/\/www.juntadeandalucia.es\/educacion\/secretariavirtual\/accesoTramite\/381\/ Necesitar\u00e9is el c\u00f3digo iAnde que se encuentra en iPasen. Los listados de admitidos en los servicios complementarios est\u00e1n expuestos en\u2026","rel":"","context":"En \u00abInformaci\u00f3n\u00bb","block_context":{"text":"Informaci\u00f3n","link":"https:\/\/www.ceipmaestrorafaelbravomartin.es\/?cat=2"},"img":{"alt_text":"","src":"","width":0,"height":0},"classes":[]},{"id":3270,"url":"https:\/\/www.ceipmaestrorafaelbravomartin.es\/?p=3270","url_meta":{"origin":1931,"position":5},"title":"Matriculaci\u00f3n curso 2023\/2024","author":"CEIP Maestro Rafael Bravo Mart\u00edn","date":"1 junio, 2023","format":false,"excerpt":"Desde hoy hasta el pr\u00f3ximo 8 de junio, podr\u00e1n matricular a su hijo\/a en nuestro centro para el curso 2022\/2023 pinchando en el siguiente enlace:https:\/\/www.juntadeandalucia.es\/educacion\/secretariavirtual\/accesoTramite\/365\/ Ser\u00e1 necesario el c\u00f3digo iAnde, que se encuentra en el apartado de mensajes de iPasen. Igualmente podr\u00e1n solicitar aula matinal o comedor en el mismo\u2026","rel":"","context":"En \u00abInformaci\u00f3n\u00bb","block_context":{"text":"Informaci\u00f3n","link":"https:\/\/www.ceipmaestrorafaelbravomartin.es\/?cat=20"},"img":{"alt_text":"","src":"https:\/\/i0.wp.com\/img.youtube.com\/vi\/VCcL3E5x7lk\/0.jpg?resize=350%2C200","width":350,"height":200},"classes":[]}],"_links":{"self":[{"href":"https:\/\/www.ceipmaestrorafaelbravomartin.es\/index.php?rest_route=\/wp\/v2\/posts\/1931","targetHints":{"allow":["GET"]}}],"collection":[{"href":"https:\/\/www.ceipmaestrorafaelbravomartin.es\/index.php?rest_route=\/wp\/v2\/posts"}],"about":[{"href":"https:\/\/www.ceipmaestrorafaelbravomartin.es\/index.php?rest_route=\/wp\/v2\/types\/post"}],"author":[{"embeddable":true,"href":"https:\/\/www.ceipmaestrorafaelbravomartin.es\/index.php?rest_route=\/wp\/v2\/users\/6"}],"replies":[{"embeddable":true,"href":"https:\/\/www.ceipmaestrorafaelbravomartin.es\/index.php?rest_route=%2Fwp%2Fv2%2Fcomments&post=1931"}],"version-history":[{"count":1,"href":"https:\/\/www.ceipmaestrorafaelbravomartin.es\/index.php?rest_route=\/wp\/v2\/posts\/1931\/revisions"}],"predecessor-version":[{"id":1932,"href":"https:\/\/www.ceipmaestrorafaelbravomartin.es\/index.php?rest_route=\/wp\/v2\/posts\/1931\/revisions\/1932"}],"wp:attachment":[{"href":"https:\/\/www.ceipmaestrorafaelbravomartin.es\/index.php?rest_route=%2Fwp%2Fv2%2Fmedia&parent=1931"}],"wp:term":[{"taxonomy":"category","embeddable":true,"href":"https:\/\/www.ceipmaestrorafaelbravomartin.es\/index.php?rest_route=%2Fwp%2Fv2%2Fcategories&post=1931"},{"taxonomy":"post_tag","embeddable":true,"href":"https:\/\/www.ceipmaestrorafaelbravomartin.es\/index.php?rest_route=%2Fwp%2Fv2%2Ftags&post=1931"}],"curies":[{"name":"wp","href":"https:\/\/api.w.org\/{rel}","templated":true}]}}