{"id":198,"date":"2011-11-04T15:18:44","date_gmt":"2011-11-04T14:18:44","guid":{"rendered":"http:\/\/blogasuncion.es\/?p=198"},"modified":"2014-10-12T19:57:44","modified_gmt":"2014-10-12T17:57:44","slug":"informacion-plan-bilinguee-curso-201112","status":"publish","type":"post","link":"https:\/\/www.ceipmaestrorafaelbravomartin.es\/?p=198","title":{"rendered":"Informaci\u00f3n Plan biling\u00fce curso 2011\/12"},"content":{"rendered":"<p>\u00a0<\/p>\n<p style=\"text-align: justify; line-height: 150%;\">\u00a0<\/p>\n<p style=\"text-align: justify; line-height: 150%;\">La ense\u00f1anza biling\u00fce nos proporciona las siguientes ventajas entre otras:<\/p>\n<p style=\"text-align: justify; line-height: 150%;\">\u00a0<\/p>\n<p style=\"margin-left: 0cm; text-align: justify; text-indent: 0cm; line-height: 150%;\"><span style=\"font-family: OpenSymbol;\">\u2013<span style=\"font: normal normal normal 7pt\/normal 'Times New Roman';\"> <\/span><\/span>Desarrollo de las capacidades ling\u00fc\u00edsticas; el aprendizaje de una lengua extranjera proporciona el fortalecimiento de la lengua materna, es decir, un mejor y mayor conocimiento de nuestro idioma.<\/p>\n<p style=\"margin-left: 0cm; text-align: justify; text-indent: 0cm; line-height: 150%;\"><span style=\"font-family: OpenSymbol;\">\u2013<span style=\"font: normal normal normal 7pt\/normal 'Times New Roman';\"> <\/span><\/span>Mejora lo que conocemos como aprender a aprender; el estar en contacto con dos lenguas desarrolla en el alumnado mayor amplitud cognoscitiva, mayor capacidad de abstracci\u00f3n, de conceptualizaci\u00f3n, as\u00ed como de percepci\u00f3n, atenci\u00f3n y memoria.<\/p>\n<p style=\"margin-left: 0cm; text-align: justify; text-indent: 0cm; line-height: 150%;\"><span style=\"font-family: OpenSymbol;\">\u2013<span style=\"font: normal normal normal 7pt\/normal 'Times New Roman';\"> <\/span><\/span>Apertura cultural.<\/p>\n<p style=\"margin-left: 0cm; text-align: justify; text-indent: 0cm; line-height: 150%;\"><span style=\"font-family: OpenSymbol;\">\u2013<span style=\"font: normal normal normal 7pt\/normal 'Times New Roman';\"> <\/span><\/span>Acercamiento al contexto Europeo en el que vivimos.<\/p>\n<p style=\"margin-left: 0cm; text-align: justify; text-indent: 0cm; line-height: 150%;\"><span style=\"font-family: OpenSymbol;\">\u2013<span style=\"font: normal normal normal 7pt\/normal 'Times New Roman';\"> <\/span><\/span>Todo la comunidad educativa puede ser part\u00edcipe y beneficiarse de los programas, planes, formaci\u00f3n, actividades, etc. que tanto la Junta de Andaluc\u00eda a trav\u00e9s de la Consejer\u00eda de Educaci\u00f3n, el Ministerio de Educaci\u00f3n y Ciencia, etc. establezcan en relaci\u00f3n a la ense\u00f1anza biling\u00fce.<\/p>\n<p style=\"margin-left: 0cm; text-align: justify; text-indent: 0cm; line-height: 150%;\"><span style=\"font-family: OpenSymbol;\">\u2013<span style=\"font: normal normal normal 7pt\/normal 'Times New Roman';\"> <\/span><\/span>Se proporciona la posibilidad de preparar al alumnado de Tercer Ciclo en una tercera Lengua una vez terminada la Etapa por la l\u00ednea biling\u00fce.<\/p>\n<p style=\"text-align: justify; line-height: 150%;\">\u00a0<\/p>\n<p style=\"text-align: justify; line-height: 150%;\"><b><i><span style=\"text-decoration: underline;\">MARCO NORMATIVO<\/span><\/i><\/b><\/p>\n<p style=\"margin-left: 0cm; text-align: justify; text-indent: 0cm; line-height: 150%;\"><span style=\"font-family: OpenSymbol;\">\u2013<span style=\"font: normal normal normal 7pt\/normal 'Times New Roman';\"> <\/span><\/span>Orden de 28 de Junio de 2011 (BOJA n\u00ba135 de 12\/07\/11). Esta Orden es la que regula el funcionamiento de todos los Centros biling\u00fces de Andaluc\u00eda.<\/p>\n<p style=\"text-align: justify; line-height: 150%;\">Esta orden deja muy claro que el Centro es biling\u00fce y que el funcionamiento del mismo debe estar en funci\u00f3n de sus caracter\u00edsticas. No se hace una evaluaci\u00f3n del Proyecto en s\u00ed, sino que todas las evaluaciones que se realicen al Centro dar\u00e1n reflejo en sus resultados del Proyecto Biling\u00fce.<\/p>\n<p style=\"text-align: justify; line-height: 150%;\">\u00a0<\/p>\n<p style=\"text-align: justify; line-height: 150%;\"><b><i><span style=\"text-decoration: underline;\">FINALIDADES EDUCATIVAS<\/span><\/i><\/b><\/p>\n<p style=\"text-align: justify; line-height: 150%;\"><b><i><span style=\"text-decoration: underline;\"><br \/><\/span><\/i><\/b><\/p>\n<p style=\"text-align: justify; line-height: 150%;\"><b><i><span style=\"text-decoration: underline;\"><span style=\"text-decoration: none;\"> <\/span><\/span><\/i><\/b><\/p>\n<p style=\"text-align: justify; line-height: 150%;\"><b>a<\/b>. Mejorar cualitativamente el aprendizaje y dominio de una segunda lengua que propicie la mayor comprensi\u00f3n e integraci\u00f3n dentro de una sociedad pluriling\u00fce y multicultural, insistiendo por ello, en el trabajo globalizado que nos acerca a\u00fan m\u00e1s a la realidad en la que vivimos; realidad en la que, debemos desenvolvernos en distintos idiomas y que nos pone en contacto con diversas culturas.<b><i><span style=\"text-decoration: underline;\">&nbsp;<\/span><\/i><\/b><\/p>\n<p style=\"text-align: justify; line-height: 150%;\"><b>b.<\/b> Fomentar el pluriling\u00fcismo y la diversidad ling\u00fc\u00edstica bajo la utilizaci\u00f3n del enfoque ecol\u00f3gico con una metodolog\u00eda natural basada en la comunicaci\u00f3n y la interacci\u00f3n priorizando en el c\u00f3digo oral.<\/p>\n<p style=\"text-align: justify; line-height: 150%;\">\u00a0<\/p>\n<p style=\"text-align: justify; line-height: 150%;\"><b><i><span style=\"text-decoration: underline;\"><span style=\"text-decoration: none;\"> <\/span><\/span><\/i><\/b><\/p>\n<p style=\"text-align: justify; line-height: 150%;\"><b><i><span style=\"text-decoration: underline;\"><span style=\"text-decoration: none;\"> <\/span><\/span><\/i><\/b><\/p>\n<p style=\"text-align: justify; line-height: 150%;\"><b><i><span style=\"text-decoration: underline;\">DESARROLLO<\/span><\/i><\/b><\/p>\n<p style=\"text-align: justify; line-height: 150%;\"><b><i><span style=\"text-decoration: underline;\"><br \/><\/span><\/i><\/b><\/p>\n<p style=\"text-align: justify; line-height: 150%;\">El Proyecto biling\u00fce se desarrollar\u00e1&nbsp; a lo largo de toda la Etapa Educativa.<\/p>\n<p style=\"text-align: justify; line-height: 150%;\">\u00a0<\/p>\n<p style=\"text-align: justify; line-height: 150%;\">El Centro se considera Biling\u00fce desde el curso acad\u00e9mico 2009\/2010, comenzando su implementaci\u00f3n desde el llamado A\u00f1o 1 (2010\/2011). Debemos tener en cuenta que lo que se conoc\u00eda como a\u00f1o 0 (curso preparatorio) ha desaparecido con la nueva normativa.<\/p>\n<p style=\"text-align: justify; line-height: 150%;\">\u00a0<\/p>\n<p style=\"text-align: justify; line-height: 150%;\">La ense\u00f1anza biling\u00fce comienza de forma oficial en Primero de Primaria. Para que el alumnado posea conocimientos previos en la Lengua Extranjera Ingl\u00e9s contamos con la anticipaci\u00f3n ling\u00fc\u00edstica de dicho Idioma en la Etapa de Infantil, desde 3 a\u00f1os.<\/p>\n<p style=\"text-align: justify; line-height: 150%;\">\u00a0<\/p>\n<p style=\"text-align: justify; line-height: 150%;\"><b>En el curso acad\u00e9mico 2011\/12&nbsp; nuestro Centro es nombrado por la Consejer\u00eda de Educaci\u00f3n, biling\u00fce en toda la Etapa Educativa de Primaria,<\/b> comenzando en Primero de Primaria y subiendo a los siguientes niveles tal y como aparece en la orden anteriormente citada. Los niveles que&nbsp; eran biling\u00fces ten\u00edan una de las l\u00edneas consideradas como tal y la otra no, esto seguir\u00e1 siendo as\u00ed salvo nuevas instrucciones o cambio de normativa, es decir, no hemos podido establecer ambas l\u00edneas biling\u00fces puesto que la Consejer\u00eda as\u00ed lo indica. El alumnado de la l\u00ednea biling\u00fce puede pasar a la no biling\u00fce siempre que su tutor\/a legal lo considere oportuno tras la previa comunicaci\u00f3n en el Centro.<\/p>\n<p style=\"text-align: justify; line-height: 150%;\">\u00a0<\/p>\n<p style=\"text-align: justify; line-height: 150%;\">Se ense\u00f1ar\u00e1 la segunda lengua teniendo en cuenta como se produce el aprendizaje de cualquier idioma, partiendo del materno (espa\u00f1ol). Se propiciar\u00e1n las situaciones comunicativas y se hablar\u00e1 al alumnado en la lengua objeto de aprendizaje, no obstante, el uso de la lengua materna podr\u00e1 darse para complementar o ampliar explicaciones que as\u00ed lo necesiten.<\/p>\n<p style=\"text-align: justify; line-height: 150%;\">\u00a0<\/p>\n<p style=\"text-align: justify; line-height: 150%;\"><b>Las \u00e1reas por las que se comenzar\u00e1 a tratar el biling\u00fcismo ser\u00e1n Conocimiento del Medio y Pl\u00e1stica. <\/b>Estas \u00e1reas ser\u00e1n evaluadas en funci\u00f3n de los contenidos y objetivos establecidos&nbsp; para con ellas, es decir, no se eval\u00faa el idioma que se utiliza para comunicarse durante la impartici\u00f3n de las mismas. La nota que el alumnado obtenga en Conocimiento del Medio o Pl\u00e1stica ser\u00e1 la de la asignatura y el tener un buen dominio del idioma extranjero s\u00f3lo se considerar\u00e1 para subir nota, nunca el idioma ser\u00e1 en estas \u00e1reas, el objetivo a evaluar ni motivo de bajada de nota. <b>El idioma Ingl\u00e9s ser\u00e1 evaluado <\/b>por tanto,<b> en la asignatura Lengua Extranjera-Ingl\u00e9s<\/b>.<\/p>\n<p style=\"text-align: justify; line-height: 150%;\">\u00a0<\/p>\n<p style=\"text-align: justify; line-height: 150%;\"><b> <\/b><\/p>\n<p style=\"text-align: justify; line-height: 150%;\">Al ser Centro biling\u00fce todos los a\u00f1os (mientras la Consejer\u00eda de educaci\u00f3n as\u00ed lo indique) contaremos con un\/a auxiliar ling\u00fc\u00edstico\/a, una persona nativa de pa\u00eds de habla anglosajona y\/o personas totalmente biling\u00fces que favorecer\u00e1n el contacto directo y por tanto el aprendizaje de la Lengua 2 y su cultura. Este personal no docente normalmente se incorpora al Centro a principios del mes de octubre.<\/p>\n<p style=\"text-align: justify; line-height: 150%;\">\u00a0<\/p>\n<p style=\"text-align: justify; line-height: 150%;\">El alumnado que finalice la Etapa en la l\u00ednea biling\u00fce tendr\u00e1 en su expediente acad\u00e9mico la certificaci\u00f3n del nivel de conocimiento del Segundo Idioma seg\u00fan el marco com\u00fan europeo.<\/p>\n<p style=\"line-height: 150%; text-align: right;\">\u00a0<\/p>\n<p style=\"line-height: 150%; text-align: right;\">Noelia Carrasco Alvarado<\/p>\n<p style=\"line-height: 150%; text-align: right;\">Coordinadora del Biling\u00fcismo<\/p>\n","protected":false},"excerpt":{"rendered":"<p style=\"text-align: center; line-height: 150%;\" align=\"center\"><b><i><span style=\"text-decoration: underline;\"><br \/><\/span><\/i><\/b><\/p>\n<p style=\"text-align: center; line-height: 150%;\" align=\"center\"><b><i><span style=\"text-decoration: underline;\"><span style=\"text-decoration: none;\"> <\/span><\/span><\/i><\/b><\/p>\n<p style=\"text-align: justify; line-height: 150%;\"><b><i><span style=\"text-decoration: underline;\">PRESENTACI\u00d3N<\/span><\/i><\/b><\/p>\n<p style=\"text-align: justify; line-height: 150%;\"><b><i><span style=\"text-decoration: underline;\"><br \/><\/span><\/i><\/b><\/p>\n<p style=\"text-align: justify; line-height: 150%;\"><b><i><span style=\"text-decoration: underline;\"><span style=\"text-decoration: none;\"> <\/span><\/span><\/i><\/b><\/p>\n<p style=\"text-align: justify; line-height: 150%;\">Atendiendo a las caracter\u00edsticas de nuestro Centro, de los recursos con los que contamos tanto personales como materiales, as\u00ed como de las caracter\u00edsticas propias de nuestro alumnado; procedemos a dar respuesta a la formaci\u00f3n que se requiere para la inclusi\u00f3n de los ni\u00f1os y las ni\u00f1as de nuestro colegio en la sociedad pluriling\u00fce y multicultural en la que nos encontramos&nbsp; actualmente. Es necesario el dominio de varios idiomas y el conocimiento de distintas culturas. Esto no s\u00f3lo enriquece a nivel personal sino que favorece la&nbsp;inserci\u00f3n en la vida laboral y facilita la convivencia de distintas culturas en un mismo contexto. Nuestra intenci\u00f3n es dotar a nuestro alumnado de la mejor formaci\u00f3n posible facilit\u00e1ndole por ello, las herramientas necesarias para desenvolverse en la sociedad actual y asentar las bases para&nbsp;su correcto desarrollo, teniendo en cuenta los posibles cambios de la misma en el futuro. En la actualidad, para hacer de lo anteriormente citado una realidad, contamos con distintos Proyectos, Planes y Programas Educativos a los que durante el curso 2009-2010 sumamos el Proyecto biling\u00fce, enmarcado en aquel momento, en el Plan de Fomento del Pluriling\u00fcismo en Andaluc\u00eda, aprobado por acuerdo del Consejo de Gobierno de 22 de Marzo de 2005.&nbsp; El Plan&nbsp; de Fomento del Pluriling\u00fcismo queda derogado por la nueva orden del d\u00eda 28 de Junio de 2011 (BOJA n\u00ba 135 de 12 de Julio de 2011) y la citada orden es la que nos marca en la actualidad la forma de actuar a los Centros Biling\u00fces.<\/p>\n<p style=\"text-align: justify; line-height: 150%;\">Debemos considerar que la plena integraci\u00f3n de Espa\u00f1a en Europa exige de los alumnos y alumnas mayores destrezas comunicativas en las diferentes lenguas europeas.<\/p>\n","protected":false},"author":4,"featured_media":0,"comment_status":"closed","ping_status":"open","sticky":false,"template":"","format":"standard","meta":{"jetpack_post_was_ever_published":false,"_jetpack_newsletter_access":"","_jetpack_dont_email_post_to_subs":false,"_jetpack_newsletter_tier_id":0,"_jetpack_memberships_contains_paywalled_content":false,"_jetpack_memberships_contains_paid_content":false,"footnotes":""},"categories":[23],"tags":[],"class_list":["post-198","post","type-post","status-publish","format-standard","hentry","category-planes-y-programas"],"jetpack_featured_media_url":"","jetpack_sharing_enabled":true,"jetpack_shortlink":"https:\/\/wp.me\/p9VlHp-3c","jetpack-related-posts":[{"id":36,"url":"https:\/\/www.ceipmaestrorafaelbravomartin.es\/?p=36","url_meta":{"origin":198,"position":0},"title":"Plan biling\u00fce","author":"CEIP Maestro Rafael Bravo Mart\u00edn","date":"18 octubre, 2010","format":false,"excerpt":"\u00bfPOR QU\u00c9 SOMOS CENTRO BILING\u00dcE?La sociedad actual demanda la formaci\u00f3n pluriling\u00fce y multicultural, es decir, dominio de varios idiomas y conocimiento de distintas culturas. Esto no s\u00f3lo enriquece a nivel personal sino que favorece la\u00a0 inserci\u00f3n en la vida laboral y facilita la convivencia de distintas culturas en un mismo\u2026","rel":"","context":"En \u00abPlanes y programas\u00bb","block_context":{"text":"Planes y programas","link":"https:\/\/www.ceipmaestrorafaelbravomartin.es\/?cat=23"},"img":{"alt_text":"","src":"","width":0,"height":0},"classes":[]},{"id":246,"url":"https:\/\/www.ceipmaestrorafaelbravomartin.es\/?p=246","url_meta":{"origin":198,"position":1},"title":"\u00abThe Sleeping Clouds\u00bb y \u00abA Royal Visit\u00bb","author":"CEIP Maestro Rafael Bravo Mart\u00edn","date":"26 abril, 2012","format":false,"excerpt":"\u00a0 Con motivo del D\u00eda del Libro, los cursos 1\u00baB y 4\u00baB representaron dos peque\u00f1as obras teatrales en Idioma extranjero-Ingl\u00e9s, \u201cThe Sleeping Clouds\u201d y \u201c A Royal Visit\u201d respectivamente. Para los preparativos de las mismas y la obtenci\u00f3n de un magn\u00edfico resultado, contamos con la colaboraci\u00f3n de la comunidad educativa.\u2026","rel":"","context":"En \u00abPlanes y programas\u00bb","block_context":{"text":"Planes y programas","link":"https:\/\/www.ceipmaestrorafaelbravomartin.es\/?cat=23"},"img":{"alt_text":"","src":"","width":0,"height":0},"classes":[]},{"id":227,"url":"https:\/\/www.ceipmaestrorafaelbravomartin.es\/?p=227","url_meta":{"origin":198,"position":2},"title":"\u00abIngl\u00e9s en Infantil\u00bb","author":"CEIP Maestro Rafael Bravo Mart\u00edn","date":"22 febrero, 2012","format":false,"excerpt":"Aqu\u00ed ten\u00e9is un v\u00eddeo en el que se puede ver la forma que tenemos de trabajar el ingl\u00e9s en infantil; los ni\u00f1os y las ni\u00f1as aprenden en ingl\u00e9s vocabulario que trabajan en clase con las tutoras, ya que como anticipaci\u00f3n ling\u00fc\u00edstica, queremos que los contenidos vayan de la mano con\u2026","rel":"","context":"En \u00abEducaci\u00f3n Infantil\u00bb","block_context":{"text":"Educaci\u00f3n Infantil","link":"https:\/\/www.ceipmaestrorafaelbravomartin.es\/?cat=26"},"img":{"alt_text":"","src":"","width":0,"height":0},"classes":[]},{"id":1201,"url":"https:\/\/www.ceipmaestrorafaelbravomartin.es\/?p=1201","url_meta":{"origin":198,"position":3},"title":"Organigrama curso 2015\/2016.","author":"CEIP Maestro Rafael Bravo Mart\u00edn","date":"1 octubre, 2015","format":false,"excerpt":"Como todos los a\u00f1os, comenzamos un nuevo curso escolar con muchas ganas e ilusi\u00f3n por nuestro trabajo. En esta ocasi\u00f3n el equipo humano encargado de realizar la labor de ense\u00f1ar a los ni\u00f1os\/as de nuestro\u00a0colegio es el siguiente: Educaci\u00f3n Infantil. Beatriz Ayll\u00f3n. Rosario Duarte. Mar\u00eda Trinidad Fern\u00e1ndez. Mar\u00eda del Valme\u2026","rel":"","context":"En \u00abEl centro\u00bb","block_context":{"text":"El centro","link":"https:\/\/www.ceipmaestrorafaelbravomartin.es\/?cat=10"},"img":{"alt_text":"","src":"","width":0,"height":0},"classes":[]},{"id":211,"url":"https:\/\/www.ceipmaestrorafaelbravomartin.es\/?p=211","url_meta":{"origin":198,"position":4},"title":"Halloween 2011","author":"CEIP Maestro Rafael Bravo Mart\u00edn","date":"3 diciembre, 2011","format":false,"excerpt":"Para celebrar la fiesta correspondiente al d\u00eda 31 de Octubre-1 de Noviembre y teniendo en cuenta que nuestro Centro es Biling\u00fce; todo el Centro se dispuso a trabajar el tema referente a Halloween (fiesta perteneciente a la cultura Norteamericana) y que se celebra en la fecha indicada. El alumnado decor\u00f3\u2026","rel":"","context":"En \u00abSegundo ciclo de Primaria\u00bb","block_context":{"text":"Segundo ciclo de Primaria","link":"https:\/\/www.ceipmaestrorafaelbravomartin.es\/?cat=47"},"img":{"alt_text":"","src":"","width":0,"height":0},"classes":[]},{"id":230,"url":"https:\/\/www.ceipmaestrorafaelbravomartin.es\/?p=230","url_meta":{"origin":198,"position":5},"title":"D\u00eda de Andaluc\u00eda","author":"CEIP Maestro Rafael Bravo Mart\u00edn","date":"2 marzo, 2012","format":false,"excerpt":"Con motivo de la celebraci\u00f3n de Di\u00e1 de Andaluc\u00eda, en nuestro Centro se llevaron a cabo diversas actividades durante la semana previa al mismo. \u00a0 En Infantil se trabaj\u00f3 en clase con la ralizaci\u00f3n de diversas fichas. \u00a0 Primer Ciclo de Primaria particip\u00f3 en una Gymkana que organizamos desde el\u2026","rel":"","context":"En \u00abSin categor\u00eda\u00bb","block_context":{"text":"Sin categor\u00eda","link":"https:\/\/www.ceipmaestrorafaelbravomartin.es\/?cat=1"},"img":{"alt_text":"","src":"","width":0,"height":0},"classes":[]}],"_links":{"self":[{"href":"https:\/\/www.ceipmaestrorafaelbravomartin.es\/index.php?rest_route=\/wp\/v2\/posts\/198","targetHints":{"allow":["GET"]}}],"collection":[{"href":"https:\/\/www.ceipmaestrorafaelbravomartin.es\/index.php?rest_route=\/wp\/v2\/posts"}],"about":[{"href":"https:\/\/www.ceipmaestrorafaelbravomartin.es\/index.php?rest_route=\/wp\/v2\/types\/post"}],"author":[{"embeddable":true,"href":"https:\/\/www.ceipmaestrorafaelbravomartin.es\/index.php?rest_route=\/wp\/v2\/users\/4"}],"replies":[{"embeddable":true,"href":"https:\/\/www.ceipmaestrorafaelbravomartin.es\/index.php?rest_route=%2Fwp%2Fv2%2Fcomments&post=198"}],"version-history":[{"count":1,"href":"https:\/\/www.ceipmaestrorafaelbravomartin.es\/index.php?rest_route=\/wp\/v2\/posts\/198\/revisions"}],"predecessor-version":[{"id":901,"href":"https:\/\/www.ceipmaestrorafaelbravomartin.es\/index.php?rest_route=\/wp\/v2\/posts\/198\/revisions\/901"}],"wp:attachment":[{"href":"https:\/\/www.ceipmaestrorafaelbravomartin.es\/index.php?rest_route=%2Fwp%2Fv2%2Fmedia&parent=198"}],"wp:term":[{"taxonomy":"category","embeddable":true,"href":"https:\/\/www.ceipmaestrorafaelbravomartin.es\/index.php?rest_route=%2Fwp%2Fv2%2Fcategories&post=198"},{"taxonomy":"post_tag","embeddable":true,"href":"https:\/\/www.ceipmaestrorafaelbravomartin.es\/index.php?rest_route=%2Fwp%2Fv2%2Ftags&post=198"}],"curies":[{"name":"wp","href":"https:\/\/api.w.org\/{rel}","templated":true}]}}