{"id":20,"date":"2010-09-13T00:00:00","date_gmt":"2010-09-12T22:00:00","guid":{"rendered":"http:\/\/blogasuncion.es\/?p=20"},"modified":"2013-07-05T13:39:30","modified_gmt":"2013-07-05T11:39:30","slug":"presentacion-curso","status":"publish","type":"post","link":"https:\/\/www.ceipmaestrorafaelbravomartin.es\/?p=20","title":{"rendered":"Presentaci\u00f3n del curso 2010\/11"},"content":{"rendered":"<p><span style=\"font-size: 15.6px; border-collapse: collapse\" class=\"Apple-style-span\"><\/p>\n<p style=\"margin: 0.5em 0px; font-family: Arial,Helvetica,sans-serif; font-style: normal; font-weight: normal; font-size: 13px; text-align: justify\">&nbsp;<\/p>\n<ul>\n<li><span style=\"font-size: 12px; line-height: 8px\" class=\"Apple-style-span\">La dotaci\u00f3n de aire acondicionado a las nuevas 3 aulas con las que cuenta el Centro, una para Infantil de 3 a\u00f1os y dos para la especialidad de Pedagog\u00eda Terap\u00e9utica.<\/span><\/li>\n<li><span style=\"font-size: 12px; line-height: 8px\" class=\"Apple-style-span\">La elaboraci\u00f3n del Plan de Centro acorde a la nueva normativa. Su realizaci\u00f3n corresponde al Equipo Directivo durante el presente curso escolar, el cual contar\u00e1 con la colaboraci\u00f3n de padres, madres y profesorado del Centro.<\/span><\/li>\n<li><span style=\"font-size: 12px; line-height: 8px\" class=\"Apple-style-span\">Renovaci\u00f3n del Consejo Escolar. Se anunci\u00f3 que este curso se renovar\u00e1n todos los cargos y se anim\u00f3 a los padres y madres a que presenten su candidatura para las elecciones que se realizar\u00e1n durante este curso escolar.<\/span><\/li>\n<\/ul>\n<p>&nbsp;<\/p>\n<p style=\"margin: 0.5em 0px; font-family: Arial,Helvetica,sans-serif; font-style: normal; font-weight: normal; font-size: 13px; text-align: center\">&nbsp;<\/p>\n<p><\/span><\/p>\n","protected":false},"excerpt":{"rendered":"<p><span style=\"font-size: 15.6px; border-collapse: collapse\" class=\"Apple-style-span\"><\/p>\n<p style=\"margin: 0.5em 0px; font-family: Arial,Helvetica,sans-serif; font-style: normal; font-weight: normal; font-size: 13px; text-align: justify\">En el d\u00eda de hoy, viernes 10 de septiembre de 2010, ha tenido lugar en nuestro Centro la \u00a0presentaci\u00f3n oficial de curso 2010\/11. El equipo directivo, encabezado por el Director del Centro D\u00ba. \u00a0Rafael Bravo Mart\u00edn, se dirigi\u00f3 a todos los asistentes al evento y explic\u00f3 algunas de las novedades para el presente curso escolar. Entre ellas destac\u00f3:<\/p>\n<p><\/span><\/p>\n","protected":false},"author":4,"featured_media":0,"comment_status":"closed","ping_status":"open","sticky":false,"template":"","format":"standard","meta":{"jetpack_post_was_ever_published":false,"_jetpack_newsletter_access":"","_jetpack_dont_email_post_to_subs":false,"_jetpack_newsletter_tier_id":0,"_jetpack_memberships_contains_paywalled_content":false,"_jetpack_memberships_contains_paid_content":false,"footnotes":""},"categories":[9],"tags":[],"class_list":["post-20","post","type-post","status-publish","format-standard","hentry","category-c35-planes"],"jetpack_featured_media_url":"","jetpack_sharing_enabled":true,"jetpack_shortlink":"https:\/\/wp.me\/p9VlHp-k","jetpack-related-posts":[{"id":3551,"url":"https:\/\/www.ceipmaestrorafaelbravomartin.es\/?p=3551","url_meta":{"origin":20,"position":0},"title":"Inicio de curso 2025\/2026","author":"CEIP Maestro Rafael Bravo Mart\u00edn","date":"5 septiembre, 2025","format":false,"excerpt":"Estimadas familias, El pr\u00f3ximo mi\u00e9rcoles 10 de septiembre iniciamos el nuevo curso escolar cargado de ilusi\u00f3n y ganas de aprender. La organizaci\u00f3n ser\u00e1 de la siguiente manera:\u25cf De 3 a\u00f1os a 1\u00ba: se realizar\u00e1n reuniones de los padres y madres con los\/las tutores\/as a las horas abajo indicadas.\u25cf De 2\u00ba\u2026","rel":"","context":"En \u00abInformaci\u00f3n\u00bb","block_context":{"text":"Informaci\u00f3n","link":"https:\/\/www.ceipmaestrorafaelbravomartin.es\/?cat=2"},"img":{"alt_text":"","src":"","width":0,"height":0},"classes":[]},{"id":3472,"url":"https:\/\/www.ceipmaestrorafaelbravomartin.es\/?p=3472","url_meta":{"origin":20,"position":1},"title":"Inicio de curso","author":"CEIP Maestro Rafael Bravo Mart\u00edn","date":"4 septiembre, 2024","format":false,"excerpt":"Estimadas familias, El pr\u00f3ximo martes 10 de septiembre iniciamos el nuevo curso escolar cargado de ilusi\u00f3n y ganas de aprender. La organizaci\u00f3n ser\u00e1 de la siguiente manera:\u25cf De 3 a\u00f1os a 1\u00ba: se realizar\u00e1n reuniones de los padres y madres con los\/las tutores\/as a las horas abajo indicadas.\u25cf De 2\u00ba\u2026","rel":"","context":"En \u00abInformaci\u00f3n\u00bb","block_context":{"text":"Informaci\u00f3n","link":"https:\/\/www.ceipmaestrorafaelbravomartin.es\/?cat=2"},"img":{"alt_text":"","src":"","width":0,"height":0},"classes":[]},{"id":1363,"url":"https:\/\/www.ceipmaestrorafaelbravomartin.es\/?p=1363","url_meta":{"origin":20,"position":2},"title":"Proceso de escolarizaci\u00f3n curso 2016\/2017","author":"CEIP Maestro Rafael Bravo Mart\u00edn","date":"19 febrero, 2016","format":false,"excerpt":"Del 1 al 31 de marzo, ambos inclusive, se abre plazo para la presentaci\u00f3n de solicitud de matriculaci\u00f3n para el pr\u00f3ximo curso tanto del alumnado de nuevo ingreso como del que cambie de centro. En el tabl\u00f3n de anuncios, se publicar\u00e1 toda la informaci\u00f3n al respecto: normativa, zona de influencia,\u2026","rel":"","context":"En \u00abDirecci\u00f3n\u00bb","block_context":{"text":"Direcci\u00f3n","link":"https:\/\/www.ceipmaestrorafaelbravomartin.es\/?cat=46"},"img":{"alt_text":"","src":"","width":0,"height":0},"classes":[]},{"id":15,"url":"https:\/\/www.ceipmaestrorafaelbravomartin.es\/?p=15","url_meta":{"origin":20,"position":3},"title":"Nota informativa sobre escuelas deportivas","author":"CEIP Maestro Rafael Bravo Mart\u00edn","date":"13 octubre, 2010","format":false,"excerpt":"Se comunica a todo\/as las madres y padres de las alumnas\/os del centro que el pr\u00f3ximo lunes, 4 de octubre comenzar\u00e1n el proyecto \u201cEscuelas deportivas\u201d (o talleres de multideporte).Los talleres ir\u00e1n dirigidos a los alumnos\/as de la etapa de educaci\u00f3n primaria (de 1\u00ba a 6\u00ba curso).","rel":"","context":"En \u00abEscuelas deportivas\u00bb","block_context":{"text":"Escuelas deportivas","link":"https:\/\/www.ceipmaestrorafaelbravomartin.es\/?cat=18"},"img":{"alt_text":"","src":"","width":0,"height":0},"classes":[]},{"id":19,"url":"https:\/\/www.ceipmaestrorafaelbravomartin.es\/?p=19","url_meta":{"origin":20,"position":4},"title":"Normas de entradas y salidas del alumnado del Centro","author":"CEIP Maestro Rafael Bravo Mart\u00edn","date":"13 octubre, 2010","format":false,"excerpt":"Se informa a toda la comunidad educativa sobre las normas que rigen la entrada y salida del alumnado del Centro.","rel":"","context":"En \u00abEl centro\u00bb","block_context":{"text":"El centro","link":"https:\/\/www.ceipmaestrorafaelbravomartin.es\/?cat=10"},"img":{"alt_text":"","src":"","width":0,"height":0},"classes":[]},{"id":148,"url":"https:\/\/www.ceipmaestrorafaelbravomartin.es\/?p=148","url_meta":{"origin":20,"position":5},"title":"Semana Cultural: Nuestro Centro. Ayer y Hoy","author":"CEIP Maestro Rafael Bravo Mart\u00edn","date":"10 marzo, 2011","format":false,"excerpt":"Lema: Nuestro Centro. Ayer y Hoy. \u00a0 Durante la semana del 21 al 25 de marzo y durante un tiempo, cada curso con su tutor-a realizar\u00e1 una actividad relacionada con le lema de nuestra semana cultural.\u00a0 \u00a0 Actividades: - Limpieza del centro. - Decoraci\u00f3n del centro. - Conocimiento del centro.\u2026","rel":"","context":"En \u00abActividades extraescolares\u00bb","block_context":{"text":"Actividades extraescolares","link":"https:\/\/www.ceipmaestrorafaelbravomartin.es\/?cat=14"},"img":{"alt_text":"","src":"","width":0,"height":0},"classes":[]}],"_links":{"self":[{"href":"https:\/\/www.ceipmaestrorafaelbravomartin.es\/index.php?rest_route=\/wp\/v2\/posts\/20","targetHints":{"allow":["GET"]}}],"collection":[{"href":"https:\/\/www.ceipmaestrorafaelbravomartin.es\/index.php?rest_route=\/wp\/v2\/posts"}],"about":[{"href":"https:\/\/www.ceipmaestrorafaelbravomartin.es\/index.php?rest_route=\/wp\/v2\/types\/post"}],"author":[{"embeddable":true,"href":"https:\/\/www.ceipmaestrorafaelbravomartin.es\/index.php?rest_route=\/wp\/v2\/users\/4"}],"replies":[{"embeddable":true,"href":"https:\/\/www.ceipmaestrorafaelbravomartin.es\/index.php?rest_route=%2Fwp%2Fv2%2Fcomments&post=20"}],"version-history":[{"count":1,"href":"https:\/\/www.ceipmaestrorafaelbravomartin.es\/index.php?rest_route=\/wp\/v2\/posts\/20\/revisions"}],"predecessor-version":[{"id":463,"href":"https:\/\/www.ceipmaestrorafaelbravomartin.es\/index.php?rest_route=\/wp\/v2\/posts\/20\/revisions\/463"}],"wp:attachment":[{"href":"https:\/\/www.ceipmaestrorafaelbravomartin.es\/index.php?rest_route=%2Fwp%2Fv2%2Fmedia&parent=20"}],"wp:term":[{"taxonomy":"category","embeddable":true,"href":"https:\/\/www.ceipmaestrorafaelbravomartin.es\/index.php?rest_route=%2Fwp%2Fv2%2Fcategories&post=20"},{"taxonomy":"post_tag","embeddable":true,"href":"https:\/\/www.ceipmaestrorafaelbravomartin.es\/index.php?rest_route=%2Fwp%2Fv2%2Ftags&post=20"}],"curies":[{"name":"wp","href":"https:\/\/api.w.org\/{rel}","templated":true}]}}