{"id":200,"date":"2011-11-04T16:14:13","date_gmt":"2011-11-04T15:14:13","guid":{"rendered":"http:\/\/blogasuncion.es\/?p=200"},"modified":"2014-10-12T19:57:36","modified_gmt":"2014-10-12T17:57:36","slug":"destino-docente","status":"publish","type":"post","link":"https:\/\/www.ceipmaestrorafaelbravomartin.es\/?p=200","title":{"rendered":"Destino Docente"},"content":{"rendered":"<p style=\"text-align: center;\"><span style=\"font-size: 8pt;\"><strong>\u00abUn lugar    para que el docente encuentre todo lo necesario en su pr\u00f3ximo destino\u00bb<\/strong><\/span><\/p>\n<p>\u00a0<\/p>\n<p>\u00a0<\/p>\n<p><a href=\"http:\/\/www.destinodocente.es\/\"><img loading=\"lazy\" decoding=\"async\" style=\"display: block; margin-left: auto; margin-right: auto;\" src=\"http:\/\/blogasuncion.es\/wp-content\/uploads\/2011\/11\/destino%20docente.jpg\" height=\"243\" width=\"476\" \/><\/a><br \/><strong><span style=\"font-size: 10pt;\">&nbsp;<\/span><\/strong>{jcomments on}<\/p>\n","protected":false},"excerpt":{"rendered":"<p>\u00abUn lugar para que el docente encuentre todo lo necesario en su pr\u00f3ximo destino\u00bb \u00a0 \u00a0 &nbsp;{jcomments on}<\/p>\n","protected":false},"author":4,"featured_media":199,"comment_status":"closed","ping_status":"open","sticky":false,"template":"","format":"standard","meta":{"jetpack_post_was_ever_published":false,"_jetpack_newsletter_access":"","_jetpack_dont_email_post_to_subs":false,"_jetpack_newsletter_tier_id":0,"_jetpack_memberships_contains_paywalled_content":false,"_jetpack_memberships_contains_paid_content":false,"footnotes":""},"categories":[16],"tags":[],"class_list":["post-200","post","type-post","status-publish","format-standard","has-post-thumbnail","hentry","category-secretaria"],"jetpack_featured_media_url":"https:\/\/www.ceipmaestrorafaelbravomartin.es\/wp-content\/uploads\/2011\/11\/destino docente.jpg","jetpack_sharing_enabled":true,"jetpack_shortlink":"https:\/\/wp.me\/p9VlHp-3e","jetpack-related-posts":[{"id":1731,"url":"https:\/\/www.ceipmaestrorafaelbravomartin.es\/?p=1731","url_meta":{"origin":200,"position":0},"title":"BIENVENIDA CURSO 2017-2018","author":"CEIP Maestro Rafael Bravo Mart\u00edn","date":"14 septiembre, 2017","format":false,"excerpt":"BIENVENIDA Todo el claustro de profesores\/as os damos la bienvenida a este nuevo curso y a vuestro colegio. Como todo lo que comienza genera nuevas expectativas, ilusiones y posibilidades de mejorar aquello que sea necesario. El esp\u00edritu cr\u00edtico constructivo, emprendedor, el gusto por descubrir, aprender, colaborar, cooperar, respetar a todo\u2026","rel":"","context":"En \u00abDirecci\u00f3n\u00bb","block_context":{"text":"Direcci\u00f3n","link":"https:\/\/www.ceipmaestrorafaelbravomartin.es\/?cat=46"},"img":{"alt_text":"Principito","src":"https:\/\/i0.wp.com\/www.ceipmaestrorafaelbravomartin.es\/wp-content\/uploads\/2017\/09\/Principito-292x300.png?resize=350%2C200","width":350,"height":200},"classes":[]},{"id":303,"url":"https:\/\/www.ceipmaestrorafaelbravomartin.es\/?p=303","url_meta":{"origin":200,"position":1},"title":"Proceso de escolarizaci\u00f3n 2013\/2014","author":"CEIP Maestro Rafael Bravo Mart\u00edn","date":"21 febrero, 2013","format":false,"excerpt":"Normativa que regula los criterios y el procedimiento de admisi\u00f3n del alumnado en los centros docentes p\u00fablicos y privados concertados.\u00a0 DECRETO 40\/2011, de 22 de febrero, por el que se regulan los criterios y el procedimiento de admisi\u00f3n del alumnado en los centros docentes p\u00fablicos y privados concertados para cursar\u2026","rel":"","context":"En \u00abEl centro\u00bb","block_context":{"text":"El centro","link":"https:\/\/www.ceipmaestrorafaelbravomartin.es\/?cat=10"},"img":{"alt_text":"","src":"","width":0,"height":0},"classes":[]},{"id":687,"url":"https:\/\/www.ceipmaestrorafaelbravomartin.es\/?p=687","url_meta":{"origin":200,"position":2},"title":"Proceso de escolarizaci\u00f3n 2014\/2015","author":"CEIP Maestro Rafael Bravo Mart\u00edn","date":"4 marzo, 2014","format":false,"excerpt":"Normativa que regula los criterios y el procedimiento de admisi\u00f3n del alumnado en los centros docentes p\u00fablicos y privados concertados.\u00a0 DECRETO 40\/2011, de 22 de febrero, por el que se regulan los criterios y el procedimiento de admisi\u00f3n del alumnado en los centros docentes p\u00fablicos y privados concertados para cursar\u2026","rel":"","context":"En \u00abEl centro\u00bb","block_context":{"text":"El centro","link":"https:\/\/www.ceipmaestrorafaelbravomartin.es\/?cat=10"},"img":{"alt_text":"","src":"","width":0,"height":0},"classes":[]},{"id":36,"url":"https:\/\/www.ceipmaestrorafaelbravomartin.es\/?p=36","url_meta":{"origin":200,"position":3},"title":"Plan biling\u00fce","author":"CEIP Maestro Rafael Bravo Mart\u00edn","date":"18 octubre, 2010","format":false,"excerpt":"\u00bfPOR QU\u00c9 SOMOS CENTRO BILING\u00dcE?La sociedad actual demanda la formaci\u00f3n pluriling\u00fce y multicultural, es decir, dominio de varios idiomas y conocimiento de distintas culturas. Esto no s\u00f3lo enriquece a nivel personal sino que favorece la\u00a0 inserci\u00f3n en la vida laboral y facilita la convivencia de distintas culturas en un mismo\u2026","rel":"","context":"En \u00abPlanes y programas\u00bb","block_context":{"text":"Planes y programas","link":"https:\/\/www.ceipmaestrorafaelbravomartin.es\/?cat=23"},"img":{"alt_text":"","src":"","width":0,"height":0},"classes":[]},{"id":1633,"url":"https:\/\/www.ceipmaestrorafaelbravomartin.es\/?p=1633","url_meta":{"origin":200,"position":4},"title":"1\u00aa Campa\u00f1a solidaria de recogida de juguetes","author":"CEIP Maestro Rafael Bravo Mart\u00edn","date":"24 diciembre, 2016","format":false,"excerpt":"Desde el CEIP Maestro Rafael Bravo Mart\u00edn, agradecemos a las Hermandades alcalare\u00f1as su colaboraci\u00f3n para difundir y recoger todo lo aportado en la 1\u00aa Campa\u00f1a solidaria de recogida de juguetes Mar\u00eda Jes\u00fas C\u00e1mara Dur\u00e1n. Dichas hermandades har\u00e1n llegar a su destino todos los juguetes. Gracias a la colaboraci\u00f3n de todos\u2026","rel":"","context":"En \u00abEl centro\u00bb","block_context":{"text":"El centro","link":"https:\/\/www.ceipmaestrorafaelbravomartin.es\/?cat=10"},"img":{"alt_text":"primera-campana","src":"https:\/\/i0.wp.com\/www.ceipmaestrorafaelbravomartin.es\/wp-content\/uploads\/2016\/12\/primera-campa%C3%B1a-1024x751.jpg?resize=350%2C200","width":350,"height":200,"srcset":"https:\/\/i0.wp.com\/www.ceipmaestrorafaelbravomartin.es\/wp-content\/uploads\/2016\/12\/primera-campa%C3%B1a-1024x751.jpg?resize=350%2C200 1x, https:\/\/i0.wp.com\/www.ceipmaestrorafaelbravomartin.es\/wp-content\/uploads\/2016\/12\/primera-campa%C3%B1a-1024x751.jpg?resize=525%2C300 1.5x"},"classes":[]},{"id":170,"url":"https:\/\/www.ceipmaestrorafaelbravomartin.es\/?p=170","url_meta":{"origin":200,"position":5},"title":"Verbena 2011","author":"CEIP Maestro Rafael Bravo Mart\u00edn","date":"27 junio, 2011","format":false,"excerpt":"El pasado viernes 24 de junio, nuestro Cole ha celebrado el final de curso con su tradicional Verbena.","rel":"","context":"En \u00abActividades extraescolares\u00bb","block_context":{"text":"Actividades extraescolares","link":"https:\/\/www.ceipmaestrorafaelbravomartin.es\/?cat=14"},"img":{"alt_text":"","src":"","width":0,"height":0},"classes":[]}],"_links":{"self":[{"href":"https:\/\/www.ceipmaestrorafaelbravomartin.es\/index.php?rest_route=\/wp\/v2\/posts\/200","targetHints":{"allow":["GET"]}}],"collection":[{"href":"https:\/\/www.ceipmaestrorafaelbravomartin.es\/index.php?rest_route=\/wp\/v2\/posts"}],"about":[{"href":"https:\/\/www.ceipmaestrorafaelbravomartin.es\/index.php?rest_route=\/wp\/v2\/types\/post"}],"author":[{"embeddable":true,"href":"https:\/\/www.ceipmaestrorafaelbravomartin.es\/index.php?rest_route=\/wp\/v2\/users\/4"}],"replies":[{"embeddable":true,"href":"https:\/\/www.ceipmaestrorafaelbravomartin.es\/index.php?rest_route=%2Fwp%2Fv2%2Fcomments&post=200"}],"version-history":[{"count":1,"href":"https:\/\/www.ceipmaestrorafaelbravomartin.es\/index.php?rest_route=\/wp\/v2\/posts\/200\/revisions"}],"predecessor-version":[{"id":900,"href":"https:\/\/www.ceipmaestrorafaelbravomartin.es\/index.php?rest_route=\/wp\/v2\/posts\/200\/revisions\/900"}],"wp:featuredmedia":[{"embeddable":true,"href":"https:\/\/www.ceipmaestrorafaelbravomartin.es\/index.php?rest_route=\/wp\/v2\/media\/199"}],"wp:attachment":[{"href":"https:\/\/www.ceipmaestrorafaelbravomartin.es\/index.php?rest_route=%2Fwp%2Fv2%2Fmedia&parent=200"}],"wp:term":[{"taxonomy":"category","embeddable":true,"href":"https:\/\/www.ceipmaestrorafaelbravomartin.es\/index.php?rest_route=%2Fwp%2Fv2%2Fcategories&post=200"},{"taxonomy":"post_tag","embeddable":true,"href":"https:\/\/www.ceipmaestrorafaelbravomartin.es\/index.php?rest_route=%2Fwp%2Fv2%2Ftags&post=200"}],"curies":[{"name":"wp","href":"https:\/\/api.w.org\/{rel}","templated":true}]}}