{"id":2008,"date":"2020-01-26T20:09:38","date_gmt":"2020-01-26T19:09:38","guid":{"rendered":"http:\/\/www.ceipmaestrorafaelbravomartin.es\/?p=2008"},"modified":"2020-01-26T20:09:43","modified_gmt":"2020-01-26T19:09:43","slug":"planetario-en-el-cole","status":"publish","type":"post","link":"https:\/\/www.ceipmaestrorafaelbravomartin.es\/?p=2008","title":{"rendered":"Planetario en el cole"},"content":{"rendered":"\n<p>Esta semana hemos tenido la suerte, gracias a nuesta AMPA, de tener en el colegio la visita de un planetario portatil. En \u00e9l hemos aprendido mucho sobre constelaciones, planetas y estrellas. Ha sido una actividad muy enriquecedora y le ha encantado a todo nuestro alumnado. Seguiremos trabajando por los ni\u00f1os\/as de nuestro pueblo.<\/p>\n\n\n\n<figure class=\"wp-block-image\"><img loading=\"lazy\" decoding=\"async\" width=\"1024\" height=\"1024\" data-attachment-id=\"2009\" data-permalink=\"https:\/\/www.ceipmaestrorafaelbravomartin.es\/?attachment_id=2009\" data-orig-file=\"https:\/\/www.ceipmaestrorafaelbravomartin.es\/wp-content\/uploads\/2020\/01\/20200125_140243-COLLAGE-01.jpeg\" data-orig-size=\"1024,1024\" data-comments-opened=\"0\" data-image-meta=\"{&quot;aperture&quot;:&quot;0&quot;,&quot;credit&quot;:&quot;&quot;,&quot;camera&quot;:&quot;&quot;,&quot;caption&quot;:&quot;&quot;,&quot;created_timestamp&quot;:&quot;0&quot;,&quot;copyright&quot;:&quot;&quot;,&quot;focal_length&quot;:&quot;0&quot;,&quot;iso&quot;:&quot;0&quot;,&quot;shutter_speed&quot;:&quot;0&quot;,&quot;title&quot;:&quot;&quot;,&quot;orientation&quot;:&quot;1&quot;}\" data-image-title=\"20200125_140243-COLLAGE-01\" data-image-description=\"\" data-image-caption=\"\" data-medium-file=\"https:\/\/www.ceipmaestrorafaelbravomartin.es\/wp-content\/uploads\/2020\/01\/20200125_140243-COLLAGE-01-300x300.jpeg\" data-large-file=\"https:\/\/www.ceipmaestrorafaelbravomartin.es\/wp-content\/uploads\/2020\/01\/20200125_140243-COLLAGE-01.jpeg\" src=\"http:\/\/www.ceipmaestrorafaelbravomartin.es\/wp-content\/uploads\/2020\/01\/20200125_140243-COLLAGE-01.jpeg\" alt=\"\" class=\"wp-image-2009\" srcset=\"https:\/\/www.ceipmaestrorafaelbravomartin.es\/wp-content\/uploads\/2020\/01\/20200125_140243-COLLAGE-01.jpeg 1024w, https:\/\/www.ceipmaestrorafaelbravomartin.es\/wp-content\/uploads\/2020\/01\/20200125_140243-COLLAGE-01-150x150.jpeg 150w, https:\/\/www.ceipmaestrorafaelbravomartin.es\/wp-content\/uploads\/2020\/01\/20200125_140243-COLLAGE-01-300x300.jpeg 300w, https:\/\/www.ceipmaestrorafaelbravomartin.es\/wp-content\/uploads\/2020\/01\/20200125_140243-COLLAGE-01-768x768.jpeg 768w, https:\/\/www.ceipmaestrorafaelbravomartin.es\/wp-content\/uploads\/2020\/01\/20200125_140243-COLLAGE-01-50x50.jpeg 50w\" sizes=\"auto, (max-width: 1024px) 100vw, 1024px\" \/><figcaption>Un espect\u00e1culo estelar<\/figcaption><\/figure>\n","protected":false},"excerpt":{"rendered":"<p>Esta semana hemos tenido la suerte, gracias a nuesta AMPA, de tener en el colegio la visita de un planetario portatil. En \u00e9l hemos aprendido mucho sobre constelaciones, planetas y estrellas. Ha sido una actividad muy enriquecedora y le ha encantado a todo nuestro alumnado. Seguiremos trabajando por los ni\u00f1os\/as [&hellip;]<\/p>\n","protected":false},"author":6,"featured_media":0,"comment_status":"closed","ping_status":"closed","sticky":false,"template":"","format":"standard","meta":{"jetpack_post_was_ever_published":false,"_jetpack_newsletter_access":"","_jetpack_dont_email_post_to_subs":false,"_jetpack_newsletter_tier_id":0,"_jetpack_memberships_contains_paywalled_content":false,"_jetpack_memberships_contains_paid_content":false,"footnotes":""},"categories":[15,14,1],"tags":[],"class_list":["post-2008","post","type-post","status-publish","format-standard","hentry","category-ampa","category-estraexcolares","category-sin-categoria"],"jetpack_featured_media_url":"","jetpack_sharing_enabled":true,"jetpack_shortlink":"https:\/\/wp.me\/p9VlHp-wo","jetpack-related-posts":[{"id":2292,"url":"https:\/\/www.ceipmaestrorafaelbravomartin.es\/?p=2292","url_meta":{"origin":2008,"position":0},"title":"Nuestros ratitos ci\u00e9ntificos en el Cole","author":"CEIP Maestro Rafael Bravo Mart\u00edn","date":"26 marzo, 2020","format":false,"excerpt":"A lo largo de los meses de febrero y marzo se han llevado a cabo charlas de mujeres cient\u00edficas de nuestro entorno. Estas charlas forman parte de la \"Iniciativa 11 de febrero\" que conmemora el D\u00eda Internacional de la Mujer y la Ni\u00f1a en la Ciencia y que pretende visibilizar\u2026","rel":"","context":"En \u00abPlan de Igualdad\u00bb","block_context":{"text":"Plan de Igualdad","link":"https:\/\/www.ceipmaestrorafaelbravomartin.es\/?cat=123"},"img":{"alt_text":"","src":"https:\/\/i0.wp.com\/img.youtube.com\/vi\/MFGgtR0Aako\/0.jpg?resize=350%2C200","width":350,"height":200},"classes":[]},{"id":90,"url":"https:\/\/www.ceipmaestrorafaelbravomartin.es\/?p=90","url_meta":{"origin":2008,"position":1},"title":"\u00a1El oto\u00f1o ha llegado a nuestro cole!","author":"CEIP Maestro Rafael Bravo Mart\u00edn","date":"18 noviembre, 2010","format":false,"excerpt":"\u00a0La semana pasada se realizaron varias actividades relacionadas con el Oto\u00f1o en nuestro Centro:- Hemos decorado el colegio con un \u00e1rbol y ADORNOS realizados por el alumnado de Infantil en colaboraci\u00f3n con sus familiares.- El martes 16 de noviembre ha venido un CASTA\u00d1ERO para que todos\/as comamos casta\u00f1itas asadas. Los\u2026","rel":"","context":"En \u00abCurso 2010\/11\u00bb","block_context":{"text":"Curso 2010\/11","link":"https:\/\/www.ceipmaestrorafaelbravomartin.es\/?cat=40"},"img":{"alt_text":"","src":"","width":0,"height":0},"classes":[]},{"id":1763,"url":"https:\/\/www.ceipmaestrorafaelbravomartin.es\/?p=1763","url_meta":{"origin":2008,"position":2},"title":"Un d\u00eda de teatro.","author":"CEIP Maestro Rafael Bravo Mart\u00edn","date":"26 octubre, 2017","format":false,"excerpt":"En nuestro colegio tenemos muy claro que podemos aprender mucho fuera de nuestras paredes, por ese motivo hemos acudido a la casa de la cultura de la localidad, donde el grupo teatral\u00a0face to face\u00a0nos ha representado varias obras en ingl\u00e9s. Hemos disfrutado, nos hemos re\u00eddo y aprendido mucho","rel":"","context":"En \u00abBiling\u00fcismo\u00bb","block_context":{"text":"Biling\u00fcismo","link":"https:\/\/www.ceipmaestrorafaelbravomartin.es\/?cat=109"},"img":{"alt_text":"un d\u00eda de teatro","src":"https:\/\/i0.wp.com\/www.ceipmaestrorafaelbravomartin.es\/wp-content\/uploads\/2017\/10\/MONTAJE-TEATRO-300x225.jpg?resize=350%2C200","width":350,"height":200},"classes":[]},{"id":1816,"url":"https:\/\/www.ceipmaestrorafaelbravomartin.es\/?p=1816","url_meta":{"origin":2008,"position":3},"title":"SEXTO A : CARNAVAL 2018","author":"CEIP Maestro Rafael Bravo Mart\u00edn","date":"16 febrero, 2018","format":false,"excerpt":"Al estar tan cercano el D\u00eda de Andaluc\u00eda, el alumnado de Sexto A\u00a0 ha preparado unos antifaces que hagan alusi\u00f3n al mismo. Hemos contado con la colaboraci\u00f3n de las familias para hacerlos y tambi\u00e9n en las camisetas con los nombres de las provincias de nuestra Comunidad Aut\u00f3noma. Y por \u00faltimo\u2026","rel":"","context":"En \u00abEventos\u00bb","block_context":{"text":"Eventos","link":"https:\/\/www.ceipmaestrorafaelbravomartin.es\/?cat=103"},"img":{"alt_text":"","src":"","width":0,"height":0},"classes":[]},{"id":170,"url":"https:\/\/www.ceipmaestrorafaelbravomartin.es\/?p=170","url_meta":{"origin":2008,"position":4},"title":"Verbena 2011","author":"CEIP Maestro Rafael Bravo Mart\u00edn","date":"27 junio, 2011","format":false,"excerpt":"El pasado viernes 24 de junio, nuestro Cole ha celebrado el final de curso con su tradicional Verbena.","rel":"","context":"En \u00abActividades extraescolares\u00bb","block_context":{"text":"Actividades extraescolares","link":"https:\/\/www.ceipmaestrorafaelbravomartin.es\/?cat=14"},"img":{"alt_text":"","src":"","width":0,"height":0},"classes":[]},{"id":128,"url":"https:\/\/www.ceipmaestrorafaelbravomartin.es\/?p=128","url_meta":{"origin":2008,"position":5},"title":"\u00a1RICARDO!","author":"CEIP Maestro Rafael Bravo Mart\u00edn","date":"16 enero, 2011","format":false,"excerpt":"Hace poco ha venido a nuestro colegio una persona muy especial, (por lo menos para mi) es Ricardo! Para los que no sepan quien es Ricardo les dir\u00e9 que es un maestro y una persona m\u00e1s buena que el pan. Ricardo se fue de este colegio hace ya cinco o\u2026","rel":"","context":"En \u00abCartas de los lectores\/as.\u00bb","block_context":{"text":"Cartas de los lectores\/as.","link":"https:\/\/www.ceipmaestrorafaelbravomartin.es\/?cat=31"},"img":{"alt_text":"","src":"","width":0,"height":0},"classes":[]}],"_links":{"self":[{"href":"https:\/\/www.ceipmaestrorafaelbravomartin.es\/index.php?rest_route=\/wp\/v2\/posts\/2008","targetHints":{"allow":["GET"]}}],"collection":[{"href":"https:\/\/www.ceipmaestrorafaelbravomartin.es\/index.php?rest_route=\/wp\/v2\/posts"}],"about":[{"href":"https:\/\/www.ceipmaestrorafaelbravomartin.es\/index.php?rest_route=\/wp\/v2\/types\/post"}],"author":[{"embeddable":true,"href":"https:\/\/www.ceipmaestrorafaelbravomartin.es\/index.php?rest_route=\/wp\/v2\/users\/6"}],"replies":[{"embeddable":true,"href":"https:\/\/www.ceipmaestrorafaelbravomartin.es\/index.php?rest_route=%2Fwp%2Fv2%2Fcomments&post=2008"}],"version-history":[{"count":1,"href":"https:\/\/www.ceipmaestrorafaelbravomartin.es\/index.php?rest_route=\/wp\/v2\/posts\/2008\/revisions"}],"predecessor-version":[{"id":2010,"href":"https:\/\/www.ceipmaestrorafaelbravomartin.es\/index.php?rest_route=\/wp\/v2\/posts\/2008\/revisions\/2010"}],"wp:attachment":[{"href":"https:\/\/www.ceipmaestrorafaelbravomartin.es\/index.php?rest_route=%2Fwp%2Fv2%2Fmedia&parent=2008"}],"wp:term":[{"taxonomy":"category","embeddable":true,"href":"https:\/\/www.ceipmaestrorafaelbravomartin.es\/index.php?rest_route=%2Fwp%2Fv2%2Fcategories&post=2008"},{"taxonomy":"post_tag","embeddable":true,"href":"https:\/\/www.ceipmaestrorafaelbravomartin.es\/index.php?rest_route=%2Fwp%2Fv2%2Ftags&post=2008"}],"curies":[{"name":"wp","href":"https:\/\/api.w.org\/{rel}","templated":true}]}}