{"id":202,"date":"2011-11-10T09:13:42","date_gmt":"2011-11-10T08:13:42","guid":{"rendered":"http:\/\/blogasuncion.es\/?p=202"},"modified":"2013-07-05T13:04:24","modified_gmt":"2013-07-05T11:04:24","slug":"nota-informativa-padresmadres-del-centro","status":"publish","type":"post","link":"https:\/\/www.ceipmaestrorafaelbravomartin.es\/?p=202","title":{"rendered":"Nota informativa padres\/madres del Centro."},"content":{"rendered":"<p style=\"margin-bottom: 0cm;\" align=\"JUSTIFY\">&nbsp;<b>Estimados padres\/madres del CEIP Ntra. Sra. Asunci\u00f3n:<\/b><\/p>\n<p style=\"margin-bottom: 0cm;\" align=\"JUSTIFY\">\u00a0<\/p>\n<p style=\"margin-bottom: 0cm;\" align=\"JUSTIFY\"><b> <\/b><span style=\"font-weight: normal;\">Como est\u00e1is viendo la obra de arreglo del muro de la calle Luis Jaramillo est\u00e1 en marcha.. Lo previsto en el proyecto al finalizar la obra es hacer una puerta lateral al final de dicha calle. El solar que se encuentra enfrente es edificable por lo que cuando se construya en el mismo tendremos el mismo problema de espacio  para la entrada y la salida.<\/span><\/p>\n<p style=\"margin-bottom: 0cm; font-weight: normal;\" align=\"JUSTIFY\">Ante dicho panorama, esta Direcci\u00f3n junto con la presidencia de nuestra AMPA, nos pusimos en contacto con la Direcci\u00f3n del I.E.S Ilipa Magna, para preguntar sobre la posibilidad de eliminar el dep\u00f3sito de gas, que permitir\u00eda hacer en dicho espacio una plazoleta y ah\u00ed mismo la entrada del centro, entrada que ser\u00eda frontal y permitir\u00eda contar con mayor espacio.<\/p>\n<p style=\"margin-bottom: 0cm; font-weight: normal;\" align=\"JUSTIFY\">La Direcci\u00f3n del I.E.S. acogi\u00f3 bien la idea, pero siempre que se le resuelva el problema de su calefacci\u00f3n.  Ahora de gas, pasarla a gasoil. Dicha propuesta supone un gasto hasta ahora innecesario para el I.E.S. pero que acepta siempre que colaboremos con una parte del gasto. (Retirada del dep\u00f3sito y nueva caldera de gasoil).<\/p>\n<p style=\"margin-bottom: 0cm; font-weight: normal;\" align=\"JUSTIFY\">Reunido nuestro Consejo Escolar para tratar este asunto, lo aprueba por unanimidad   ya que considera  una oportunidad el poder modificar la obra para tener por fin una entrada en condiciones. Por ello aceptamos colaborar econ\u00f3micamente con el I.E.S. El presupuesto total se va a desglosar de la siguiente manera:  40% I.E.S., 30% nosotros y 30% el ayuntamiento.<\/p>\n<p style=\"margin-bottom: 0cm;\" align=\"JUSTIFY\"><span style=\"font-weight: normal;\"> El 30% que nos corresponde puede llegar a ser unos 2.800 euros aproximadamente, el dinero lo va anticipar en un principio nuestra AMPA, de los cuales  1.300 euros ser\u00e1n donados por \u00e9sta de manera desinteresada. El resto, unos 1.500 euros, tendremos que aportarlos entre todos los padres\/madres. Al tener alrededor de 500 alumnos\/as, esto supondr\u00eda un aporte por alumno\/a de <\/span><span style=\"text-decoration: underline;\"><span style=\"font-weight: normal;\">4 euros.<\/span><\/span><span style=\"font-weight: normal;\"> Por experiencias  pasadas sabemos que algunos padres\/madres no pueden o no desean colaborar, por ello se aceptar\u00e1 cualquier importe econ\u00f3mico por peque\u00f1o que sea. As\u00ed, que una vez que sepamos cual es la recaudaci\u00f3n os volveremos a informar por si hubiese que realizar otro tipo de actividad recaudatoria.<\/span><\/p>\n<p style=\"margin-bottom: 0cm; font-weight: normal;\" align=\"JUSTIFY\">\u00a0<\/p>\n<p style=\"margin-bottom: 0cm; font-weight: normal;\" align=\"JUSTIFY\">El dinero de la colaboraci\u00f3n individual se entregar\u00e1 a cada delegado\/a de clase.<\/p>\n<p style=\"margin-bottom: 0cm; font-weight: normal;\" align=\"JUSTIFY\">\u00a0<\/p>\n<p style=\"margin-bottom: 0cm; font-weight: normal;\" align=\"JUSTIFY\">Esperando poder  contar con vuestra colaboraci\u00f3n para beneficio de la Comunidad Educativa, nos despedimos atentamente.<\/p>\n<p style=\"margin-bottom: 0cm; font-weight: normal;\" align=\"JUSTIFY\">\u00a0<\/p>\n<p style=\"margin-bottom: 0cm;\" align=\"JUSTIFY\"><b> <\/b><\/p>\n<p style=\"margin-bottom: 0cm;\" align=\"JUSTIFY\">\u00a0<\/p>\n<p><b>El Director y la Presidenta del AMPA   Asunci\u00f3n.<\/b><\/p>\n<p><b><br \/><\/b><\/p>\n<p><b>Rafael Bravo  Mart\u00edn y Macarena Izquierdo<\/b><\/p>\n","protected":false},"excerpt":{"rendered":"<p>&nbsp;Estimados padres\/madres del CEIP Ntra. Sra. Asunci\u00f3n: \u00a0 Como est\u00e1is viendo la obra de arreglo del muro de la calle Luis Jaramillo est\u00e1 en marcha.. Lo previsto en el proyecto al finalizar la obra es hacer una puerta lateral al final de dicha calle. El solar que se encuentra enfrente [&hellip;]<\/p>\n","protected":false},"author":4,"featured_media":0,"comment_status":"closed","ping_status":"open","sticky":false,"template":"","format":"standard","meta":{"jetpack_post_was_ever_published":false,"_jetpack_newsletter_access":"","_jetpack_dont_email_post_to_subs":false,"_jetpack_newsletter_tier_id":0,"_jetpack_memberships_contains_paywalled_content":false,"_jetpack_memberships_contains_paid_content":false,"footnotes":""},"categories":[12],"tags":[],"class_list":["post-202","post","type-post","status-publish","format-standard","hentry","category-c39-consejo"],"jetpack_featured_media_url":"","jetpack_sharing_enabled":true,"jetpack_shortlink":"https:\/\/wp.me\/p9VlHp-3g","jetpack-related-posts":[{"id":207,"url":"https:\/\/www.ceipmaestrorafaelbravomartin.es\/?p=207","url_meta":{"origin":202,"position":0},"title":"Informaci\u00f3n para los padres\/madres del centro","author":"CEIP Maestro Rafael Bravo Mart\u00edn","date":"22 noviembre, 2011","format":false,"excerpt":"\u00a0Estimados padres\/madres: \u00a0 Ante la rumorolog\u00eda que se est\u00e1 produciendo en la puerta de nuestro centro, adem\u00e1s con muy mala intenci\u00f3n, me dirijo a ustedes para informaros que: La obra del muro exterior, los interiores y sus escaleras est\u00e1 siendo costeados completamente por la Consejer\u00eda de Educaci\u00f3n. Que los 4\u2026","rel":"","context":"En \u00abDirecci\u00f3n\u00bb","block_context":{"text":"Direcci\u00f3n","link":"https:\/\/www.ceipmaestrorafaelbravomartin.es\/?cat=46"},"img":{"alt_text":"","src":"","width":0,"height":0},"classes":[]},{"id":19,"url":"https:\/\/www.ceipmaestrorafaelbravomartin.es\/?p=19","url_meta":{"origin":202,"position":1},"title":"Normas de entradas y salidas del alumnado del Centro","author":"CEIP Maestro Rafael Bravo Mart\u00edn","date":"13 octubre, 2010","format":false,"excerpt":"Se informa a toda la comunidad educativa sobre las normas que rigen la entrada y salida del alumnado del Centro.","rel":"","context":"En \u00abEl centro\u00bb","block_context":{"text":"El centro","link":"https:\/\/www.ceipmaestrorafaelbravomartin.es\/?cat=10"},"img":{"alt_text":"","src":"","width":0,"height":0},"classes":[]},{"id":3551,"url":"https:\/\/www.ceipmaestrorafaelbravomartin.es\/?p=3551","url_meta":{"origin":202,"position":2},"title":"Inicio de curso 2025\/2026","author":"CEIP Maestro Rafael Bravo Mart\u00edn","date":"5 septiembre, 2025","format":false,"excerpt":"Estimadas familias, El pr\u00f3ximo mi\u00e9rcoles 10 de septiembre iniciamos el nuevo curso escolar cargado de ilusi\u00f3n y ganas de aprender. La organizaci\u00f3n ser\u00e1 de la siguiente manera:\u25cf De 3 a\u00f1os a 1\u00ba: se realizar\u00e1n reuniones de los padres y madres con los\/las tutores\/as a las horas abajo indicadas.\u25cf De 2\u00ba\u2026","rel":"","context":"En \u00abInformaci\u00f3n\u00bb","block_context":{"text":"Informaci\u00f3n","link":"https:\/\/www.ceipmaestrorafaelbravomartin.es\/?cat=2"},"img":{"alt_text":"","src":"","width":0,"height":0},"classes":[]},{"id":3472,"url":"https:\/\/www.ceipmaestrorafaelbravomartin.es\/?p=3472","url_meta":{"origin":202,"position":3},"title":"Inicio de curso","author":"CEIP Maestro Rafael Bravo Mart\u00edn","date":"4 septiembre, 2024","format":false,"excerpt":"Estimadas familias, El pr\u00f3ximo martes 10 de septiembre iniciamos el nuevo curso escolar cargado de ilusi\u00f3n y ganas de aprender. La organizaci\u00f3n ser\u00e1 de la siguiente manera:\u25cf De 3 a\u00f1os a 1\u00ba: se realizar\u00e1n reuniones de los padres y madres con los\/las tutores\/as a las horas abajo indicadas.\u25cf De 2\u00ba\u2026","rel":"","context":"En \u00abInformaci\u00f3n\u00bb","block_context":{"text":"Informaci\u00f3n","link":"https:\/\/www.ceipmaestrorafaelbravomartin.es\/?cat=2"},"img":{"alt_text":"","src":"","width":0,"height":0},"classes":[]},{"id":1182,"url":"https:\/\/www.ceipmaestrorafaelbravomartin.es\/?p=1182","url_meta":{"origin":202,"position":4},"title":"Comenzamos el nuevo curso.","author":"CEIP Maestro Rafael Bravo Mart\u00edn","date":"7 septiembre, 2015","format":false,"excerpt":"El pr\u00f3ximo jueves 10 de septiembre, tendr\u00e1 lugar la Presentaci\u00f3n del curso 2015\/2016. La entrada al centro comenzar\u00e1 con una bienvenida en el patio \"Antonio Mill\u00e1n Ruvira\" a las 12:30 horas. Dicho acto ser\u00e1 realizado por la directora, as\u00ed como por la coordinadora de biling\u00fcismo. A continuaci\u00f3n la presentaci\u00f3n por\u2026","rel":"","context":"En \u00abEventos\u00bb","block_context":{"text":"Eventos","link":"https:\/\/www.ceipmaestrorafaelbravomartin.es\/?cat=103"},"img":{"alt_text":"","src":"","width":0,"height":0},"classes":[]},{"id":15,"url":"https:\/\/www.ceipmaestrorafaelbravomartin.es\/?p=15","url_meta":{"origin":202,"position":5},"title":"Nota informativa sobre escuelas deportivas","author":"CEIP Maestro Rafael Bravo Mart\u00edn","date":"13 octubre, 2010","format":false,"excerpt":"Se comunica a todo\/as las madres y padres de las alumnas\/os del centro que el pr\u00f3ximo lunes, 4 de octubre comenzar\u00e1n el proyecto \u201cEscuelas deportivas\u201d (o talleres de multideporte).Los talleres ir\u00e1n dirigidos a los alumnos\/as de la etapa de educaci\u00f3n primaria (de 1\u00ba a 6\u00ba curso).","rel":"","context":"En \u00abEscuelas deportivas\u00bb","block_context":{"text":"Escuelas deportivas","link":"https:\/\/www.ceipmaestrorafaelbravomartin.es\/?cat=18"},"img":{"alt_text":"","src":"","width":0,"height":0},"classes":[]}],"_links":{"self":[{"href":"https:\/\/www.ceipmaestrorafaelbravomartin.es\/index.php?rest_route=\/wp\/v2\/posts\/202","targetHints":{"allow":["GET"]}}],"collection":[{"href":"https:\/\/www.ceipmaestrorafaelbravomartin.es\/index.php?rest_route=\/wp\/v2\/posts"}],"about":[{"href":"https:\/\/www.ceipmaestrorafaelbravomartin.es\/index.php?rest_route=\/wp\/v2\/types\/post"}],"author":[{"embeddable":true,"href":"https:\/\/www.ceipmaestrorafaelbravomartin.es\/index.php?rest_route=\/wp\/v2\/users\/4"}],"replies":[{"embeddable":true,"href":"https:\/\/www.ceipmaestrorafaelbravomartin.es\/index.php?rest_route=%2Fwp%2Fv2%2Fcomments&post=202"}],"version-history":[{"count":2,"href":"https:\/\/www.ceipmaestrorafaelbravomartin.es\/index.php?rest_route=\/wp\/v2\/posts\/202\/revisions"}],"predecessor-version":[{"id":425,"href":"https:\/\/www.ceipmaestrorafaelbravomartin.es\/index.php?rest_route=\/wp\/v2\/posts\/202\/revisions\/425"}],"wp:attachment":[{"href":"https:\/\/www.ceipmaestrorafaelbravomartin.es\/index.php?rest_route=%2Fwp%2Fv2%2Fmedia&parent=202"}],"wp:term":[{"taxonomy":"category","embeddable":true,"href":"https:\/\/www.ceipmaestrorafaelbravomartin.es\/index.php?rest_route=%2Fwp%2Fv2%2Fcategories&post=202"},{"taxonomy":"post_tag","embeddable":true,"href":"https:\/\/www.ceipmaestrorafaelbravomartin.es\/index.php?rest_route=%2Fwp%2Fv2%2Ftags&post=202"}],"curies":[{"name":"wp","href":"https:\/\/api.w.org\/{rel}","templated":true}]}}