{"id":2045,"date":"2020-02-10T15:06:23","date_gmt":"2020-02-10T14:06:23","guid":{"rendered":"http:\/\/www.ceipmaestrorafaelbravomartin.es\/?p=2045"},"modified":"2020-02-10T15:06:28","modified_gmt":"2020-02-10T14:06:28","slug":"reunion-informativa","status":"publish","type":"post","link":"https:\/\/www.ceipmaestrorafaelbravomartin.es\/?p=2045","title":{"rendered":"REUNI\u00d3N INFORMATIVA"},"content":{"rendered":"\n<p>Ante la imposibilidad de haber mandado la circular con el alumnado de sexto curso hoy antes de la hora de salida del Centro, y siendo ma\u00f1ana la reuni\u00f3n, enviamos dicha circular a trav\u00e9s de nuestro blog.<\/p>\n\n\n\n<figure class=\"wp-block-image size-large\"><img loading=\"lazy\" decoding=\"async\" width=\"1024\" height=\"717\" data-attachment-id=\"2046\" data-permalink=\"https:\/\/www.ceipmaestrorafaelbravomartin.es\/?attachment_id=2046\" data-orig-file=\"https:\/\/www.ceipmaestrorafaelbravomartin.es\/wp-content\/uploads\/2020\/02\/Reuni\u00f3n-informativa-DELPRIMrecortado-.jpg\" data-orig-size=\"2042,1430\" data-comments-opened=\"0\" data-image-meta=\"{&quot;aperture&quot;:&quot;0&quot;,&quot;credit&quot;:&quot;claustro&quot;,&quot;camera&quot;:&quot;&quot;,&quot;caption&quot;:&quot;&quot;,&quot;created_timestamp&quot;:&quot;0&quot;,&quot;copyright&quot;:&quot;&quot;,&quot;focal_length&quot;:&quot;0&quot;,&quot;iso&quot;:&quot;0&quot;,&quot;shutter_speed&quot;:&quot;0&quot;,&quot;title&quot;:&quot;&quot;,&quot;orientation&quot;:&quot;1&quot;}\" data-image-title=\"Reuni\u00f3n-informativa-DELPRIMrecortado-\" data-image-description=\"\" data-image-caption=\"\" data-medium-file=\"https:\/\/www.ceipmaestrorafaelbravomartin.es\/wp-content\/uploads\/2020\/02\/Reuni\u00f3n-informativa-DELPRIMrecortado--300x210.jpg\" data-large-file=\"https:\/\/www.ceipmaestrorafaelbravomartin.es\/wp-content\/uploads\/2020\/02\/Reuni\u00f3n-informativa-DELPRIMrecortado--1024x717.jpg\" src=\"http:\/\/www.ceipmaestrorafaelbravomartin.es\/wp-content\/uploads\/2020\/02\/Reuni\u00f3n-informativa-DELPRIMrecortado--1024x717.jpg\" alt=\"\" class=\"wp-image-2046\" srcset=\"https:\/\/www.ceipmaestrorafaelbravomartin.es\/wp-content\/uploads\/2020\/02\/Reuni\u00f3n-informativa-DELPRIMrecortado--1024x717.jpg 1024w, https:\/\/www.ceipmaestrorafaelbravomartin.es\/wp-content\/uploads\/2020\/02\/Reuni\u00f3n-informativa-DELPRIMrecortado--300x210.jpg 300w, https:\/\/www.ceipmaestrorafaelbravomartin.es\/wp-content\/uploads\/2020\/02\/Reuni\u00f3n-informativa-DELPRIMrecortado--768x538.jpg 768w, https:\/\/www.ceipmaestrorafaelbravomartin.es\/wp-content\/uploads\/2020\/02\/Reuni\u00f3n-informativa-DELPRIMrecortado--1536x1076.jpg 1536w, https:\/\/www.ceipmaestrorafaelbravomartin.es\/wp-content\/uploads\/2020\/02\/Reuni\u00f3n-informativa-DELPRIMrecortado-.jpg 2042w\" sizes=\"auto, (max-width: 1024px) 100vw, 1024px\" \/><\/figure>\n","protected":false},"excerpt":{"rendered":"<p>Ante la imposibilidad de haber mandado la circular con el alumnado de sexto curso hoy antes de la hora de salida del Centro, y siendo ma\u00f1ana la reuni\u00f3n, enviamos dicha circular a trav\u00e9s de nuestro blog.<\/p>\n","protected":false},"author":4,"featured_media":0,"comment_status":"closed","ping_status":"closed","sticky":false,"template":"","format":"standard","meta":{"jetpack_post_was_ever_published":false,"_jetpack_newsletter_access":"","_jetpack_dont_email_post_to_subs":false,"_jetpack_newsletter_tier_id":0,"_jetpack_memberships_contains_paywalled_content":false,"_jetpack_memberships_contains_paid_content":false,"footnotes":""},"categories":[10,2],"tags":[],"class_list":["post-2045","post","type-post","status-publish","format-standard","hentry","category-centro","category-info"],"jetpack_featured_media_url":"","jetpack_sharing_enabled":true,"jetpack_shortlink":"https:\/\/wp.me\/p9VlHp-wZ","jetpack-related-posts":[{"id":1927,"url":"https:\/\/www.ceipmaestrorafaelbravomartin.es\/?p=1927","url_meta":{"origin":2045,"position":0},"title":"Reuni\u00f3n informativa para el alumnado de nuevo ingreso.","author":"CEIP Maestro Rafael Bravo Mart\u00edn","date":"21 febrero, 2019","format":false,"excerpt":"LES INFORMAMOS QUE DESDE EL 1 DE MARZO HASTA EL 1 DE ABRIL TODOS\/AS LOS\/LAS INTERESADOS\/AS PODR\u00c1N PRESENTAR SU SOLICITUD EN LA SECRETAR\u00cdA DEL CENTRO DE 9:00 A 11:00. HABR\u00c1 UNA REUNI\u00d3N INFORMATIVA EN LA QUE PODR\u00c1N CONOCER EL CENTRO EL PR\u00d3XIMO MARTES, D\u00cdA 26 DE FEBRERO, A LAS 18:00\u2026","rel":"","context":"En \u00abEl centro\u00bb","block_context":{"text":"El centro","link":"https:\/\/www.ceipmaestrorafaelbravomartin.es\/?cat=10"},"img":{"alt_text":"","src":"","width":0,"height":0},"classes":[]},{"id":136,"url":"https:\/\/www.ceipmaestrorafaelbravomartin.es\/?p=136","url_meta":{"origin":2045,"position":1},"title":"Convocator\u00eda de Reuni\u00f3n Informativa a las familias sobre PASEN","author":"CEIP Maestro Rafael Bravo Mart\u00edn","date":"24 enero, 2011","format":false,"excerpt":"Se convoca a los tutores legales del alumnado del Centro a la reuni\u00f3n informativa que tendr\u00e1 lugar el pr\u00f3ximo martes d\u00eda 1 de febrero en el Sal\u00f3n de Usos M\u00faltiples del Centro. El motivo es dar a conocer la plataforma educativa PASEN que durante el presente curso escolar vamos a\u2026","rel":"","context":"En \u00abNoticias TIC\u00bb","block_context":{"text":"Noticias TIC","link":"https:\/\/www.ceipmaestrorafaelbravomartin.es\/?cat=19"},"img":{"alt_text":"","src":"","width":0,"height":0},"classes":[]},{"id":2844,"url":"https:\/\/www.ceipmaestrorafaelbravomartin.es\/?p=2844","url_meta":{"origin":2045,"position":2},"title":"Inicio del comedor escolar","author":"CEIP Maestro Rafael Bravo Mart\u00edn","date":"28 octubre, 2020","format":false,"excerpt":"Estimadas familias, El pr\u00f3ximo lunes 9 de noviembre comenzar\u00e1 a funcionar el comedor escolar de nuestro centro. Os adjuntamos la circular informativa de la empresa que se encargar\u00e1 de su gesti\u00f3n. Un saludo a todos\/as. Circular-a-Padres-Curso-2020-2021Descarga","rel":"","context":"En \u00abcomedor\u00bb","block_context":{"text":"comedor","link":"https:\/\/www.ceipmaestrorafaelbravomartin.es\/?cat=129"},"img":{"alt_text":"","src":"","width":0,"height":0},"classes":[]},{"id":3551,"url":"https:\/\/www.ceipmaestrorafaelbravomartin.es\/?p=3551","url_meta":{"origin":2045,"position":3},"title":"Inicio de curso 2025\/2026","author":"CEIP Maestro Rafael Bravo Mart\u00edn","date":"5 septiembre, 2025","format":false,"excerpt":"Estimadas familias, El pr\u00f3ximo mi\u00e9rcoles 10 de septiembre iniciamos el nuevo curso escolar cargado de ilusi\u00f3n y ganas de aprender. La organizaci\u00f3n ser\u00e1 de la siguiente manera:\u25cf De 3 a\u00f1os a 1\u00ba: se realizar\u00e1n reuniones de los padres y madres con los\/las tutores\/as a las horas abajo indicadas.\u25cf De 2\u00ba\u2026","rel":"","context":"En \u00abInformaci\u00f3n\u00bb","block_context":{"text":"Informaci\u00f3n","link":"https:\/\/www.ceipmaestrorafaelbravomartin.es\/?cat=2"},"img":{"alt_text":"","src":"","width":0,"height":0},"classes":[]},{"id":3472,"url":"https:\/\/www.ceipmaestrorafaelbravomartin.es\/?p=3472","url_meta":{"origin":2045,"position":4},"title":"Inicio de curso","author":"CEIP Maestro Rafael Bravo Mart\u00edn","date":"4 septiembre, 2024","format":false,"excerpt":"Estimadas familias, El pr\u00f3ximo martes 10 de septiembre iniciamos el nuevo curso escolar cargado de ilusi\u00f3n y ganas de aprender. La organizaci\u00f3n ser\u00e1 de la siguiente manera:\u25cf De 3 a\u00f1os a 1\u00ba: se realizar\u00e1n reuniones de los padres y madres con los\/las tutores\/as a las horas abajo indicadas.\u25cf De 2\u00ba\u2026","rel":"","context":"En \u00abInformaci\u00f3n\u00bb","block_context":{"text":"Informaci\u00f3n","link":"https:\/\/www.ceipmaestrorafaelbravomartin.es\/?cat=2"},"img":{"alt_text":"","src":"","width":0,"height":0},"classes":[]},{"id":1534,"url":"https:\/\/www.ceipmaestrorafaelbravomartin.es\/?p=1534","url_meta":{"origin":2045,"position":5},"title":"Inicio de curso 2016\/2017.","author":"CEIP Maestro Rafael Bravo Mart\u00edn","date":"6 septiembre, 2016","format":false,"excerpt":"El pr\u00f3ximo\u00a0martes 13\u00a0de septiembre tendr\u00e1 lugar la presentaci\u00f3n del el curso escolar que ahora comienza. La entrada al centro conmenzar\u00e1 con una bienvenida en el patio \"Antonio Mill\u00e1n Ruvira\" a las 12:30 horas. En dicho acto nos dedicar\u00e1n unas palabras la directora del centro y la coordinadora del proyecto biling\u00fce.\u2026","rel":"","context":"En \u00abEl centro\u00bb","block_context":{"text":"El centro","link":"https:\/\/www.ceipmaestrorafaelbravomartin.es\/?cat=10"},"img":{"alt_text":"","src":"","width":0,"height":0},"classes":[]}],"_links":{"self":[{"href":"https:\/\/www.ceipmaestrorafaelbravomartin.es\/index.php?rest_route=\/wp\/v2\/posts\/2045","targetHints":{"allow":["GET"]}}],"collection":[{"href":"https:\/\/www.ceipmaestrorafaelbravomartin.es\/index.php?rest_route=\/wp\/v2\/posts"}],"about":[{"href":"https:\/\/www.ceipmaestrorafaelbravomartin.es\/index.php?rest_route=\/wp\/v2\/types\/post"}],"author":[{"embeddable":true,"href":"https:\/\/www.ceipmaestrorafaelbravomartin.es\/index.php?rest_route=\/wp\/v2\/users\/4"}],"replies":[{"embeddable":true,"href":"https:\/\/www.ceipmaestrorafaelbravomartin.es\/index.php?rest_route=%2Fwp%2Fv2%2Fcomments&post=2045"}],"version-history":[{"count":1,"href":"https:\/\/www.ceipmaestrorafaelbravomartin.es\/index.php?rest_route=\/wp\/v2\/posts\/2045\/revisions"}],"predecessor-version":[{"id":2047,"href":"https:\/\/www.ceipmaestrorafaelbravomartin.es\/index.php?rest_route=\/wp\/v2\/posts\/2045\/revisions\/2047"}],"wp:attachment":[{"href":"https:\/\/www.ceipmaestrorafaelbravomartin.es\/index.php?rest_route=%2Fwp%2Fv2%2Fmedia&parent=2045"}],"wp:term":[{"taxonomy":"category","embeddable":true,"href":"https:\/\/www.ceipmaestrorafaelbravomartin.es\/index.php?rest_route=%2Fwp%2Fv2%2Fcategories&post=2045"},{"taxonomy":"post_tag","embeddable":true,"href":"https:\/\/www.ceipmaestrorafaelbravomartin.es\/index.php?rest_route=%2Fwp%2Fv2%2Ftags&post=2045"}],"curies":[{"name":"wp","href":"https:\/\/api.w.org\/{rel}","templated":true}]}}