{"id":2054,"date":"2020-02-11T15:31:19","date_gmt":"2020-02-11T14:31:19","guid":{"rendered":"http:\/\/www.ceipmaestrorafaelbravomartin.es\/?p=2054"},"modified":"2020-02-11T15:31:23","modified_gmt":"2020-02-11T14:31:23","slug":"habitos-de-vida-saludable","status":"publish","type":"post","link":"https:\/\/www.ceipmaestrorafaelbravomartin.es\/?p=2054","title":{"rendered":"H\u00c1BITOS DE VIDA SALUDABLE"},"content":{"rendered":"\n<figure class=\"wp-block-image size-large\"><img loading=\"lazy\" decoding=\"async\" width=\"689\" height=\"133\" data-attachment-id=\"2055\" data-permalink=\"https:\/\/www.ceipmaestrorafaelbravomartin.es\/?attachment_id=2055\" data-orig-file=\"https:\/\/www.ceipmaestrorafaelbravomartin.es\/wp-content\/uploads\/2020\/02\/unnamed.jpg\" data-orig-size=\"689,133\" data-comments-opened=\"0\" data-image-meta=\"{&quot;aperture&quot;:&quot;0&quot;,&quot;credit&quot;:&quot;Usuario&quot;,&quot;camera&quot;:&quot;&quot;,&quot;caption&quot;:&quot;&quot;,&quot;created_timestamp&quot;:&quot;0&quot;,&quot;copyright&quot;:&quot;&quot;,&quot;focal_length&quot;:&quot;0&quot;,&quot;iso&quot;:&quot;0&quot;,&quot;shutter_speed&quot;:&quot;0&quot;,&quot;title&quot;:&quot;&quot;,&quot;orientation&quot;:&quot;0&quot;}\" data-image-title=\"unnamed\" data-image-description=\"\" data-image-caption=\"\" data-medium-file=\"https:\/\/www.ceipmaestrorafaelbravomartin.es\/wp-content\/uploads\/2020\/02\/unnamed-300x58.jpg\" data-large-file=\"https:\/\/www.ceipmaestrorafaelbravomartin.es\/wp-content\/uploads\/2020\/02\/unnamed.jpg\" src=\"http:\/\/www.ceipmaestrorafaelbravomartin.es\/wp-content\/uploads\/2020\/02\/unnamed.jpg\" alt=\"\" class=\"wp-image-2055\" srcset=\"https:\/\/www.ceipmaestrorafaelbravomartin.es\/wp-content\/uploads\/2020\/02\/unnamed.jpg 689w, https:\/\/www.ceipmaestrorafaelbravomartin.es\/wp-content\/uploads\/2020\/02\/unnamed-300x58.jpg 300w\" sizes=\"auto, (max-width: 689px) 100vw, 689px\" \/><\/figure>\n\n\n\n<p> En el marco del \u201cPlan Escolar de Consumo de Frutas y Hortalizas\u00bb, recurso para promover Estilos de Vida Saludable del que nuestro centro es beneficiario, nos comunican que hemos resultado seleccionados para recibir el\u00a0<strong>\u00abKit de<\/strong>\u00a0<strong>Materiales para Huertos Escolares<\/strong>\u201d <\/p>\n\n\n\n<p>El\u00a0material del que consta el Kit se\u00a0repartir\u00e1\u00a0a los centros educativos beneficiarios\u00a0dividido\u00a0en dos entregas:<\/p>\n\n\n\n<ol class=\"wp-block-list\"><li>La primera entrega se realizar\u00e1 del&nbsp;<strong>17 de febrero&nbsp;<\/strong><strong>al 27 de marzo&nbsp;<\/strong><strong>de 2020<\/strong>,&nbsp;en la que&nbsp;se&nbsp;har\u00e1 llegar&nbsp;los&nbsp;materiales&nbsp;necesarios&nbsp;para la preparaci\u00f3n del terreno, material vegetal&nbsp;y&nbsp;aperos&nbsp;de labranza.&nbsp;En esta entrega&nbsp;tambi\u00e9n&nbsp;se incluye&nbsp;semillas,&nbsp;plantones de primavera&nbsp;y&nbsp;material para&nbsp;instalar&nbsp;un&nbsp;sistema de riego&nbsp;autom\u00e1tico.&nbsp;De esta forma,&nbsp;se podr\u00e1&nbsp;mantener&nbsp;el huerto&nbsp;en optimas condiciones de humedad&nbsp;durante los periodos de escasez de lluvias y en aquellos momentos en los que el centro escolar&nbsp;se encuentre&nbsp;cerrado.<br><\/li><li>En una segunda entrega,&nbsp;<strong>primer trimestre<\/strong><strong>&nbsp;<\/strong><strong>del curso&nbsp;<\/strong><strong>2020\/2021<\/strong><strong>,<\/strong>&nbsp;se facilitar\u00e1n&nbsp;las semillas y&nbsp;los plantones correspondientes a oto\u00f1o.<\/li><\/ol>\n\n\n\n<p> <a rel=\"noreferrer noopener\" href=\"http:\/\/www.juntadeandalucia.es\/educacion\/portals\/delegate\/content\/7786ea2e-50ae-4f28-927a-30e4fffe79a7\/Materiales%20para%20la%20Adaptaci%C3%B3n%20y%20Mejora%20de%20Huertos%20Escolares.%20Curso%202019_2020\" target=\"_blank\"><strong>MATERIALES PARA LA ADAPTACI\u00d3N Y MEJORA DE HUERTOS EN CENTROS ESCOLARES DE ANDALUC\u00cdA<br>CURSO 2019\/2020<\/strong><\/a> <\/p>\n","protected":false},"excerpt":{"rendered":"<p>En el marco del \u201cPlan Escolar de Consumo de Frutas y Hortalizas\u00bb, recurso para promover Estilos de Vida Saludable del que nuestro centro es beneficiario, nos comunican que hemos resultado seleccionados para recibir el\u00a0\u00abKit de\u00a0Materiales para Huertos Escolares\u201d El\u00a0material del que consta el Kit se\u00a0repartir\u00e1\u00a0a los centros educativos beneficiarios\u00a0dividido\u00a0en dos [&hellip;]<\/p>\n","protected":false},"author":4,"featured_media":0,"comment_status":"closed","ping_status":"closed","sticky":false,"template":"","format":"standard","meta":{"jetpack_post_was_ever_published":false,"_jetpack_newsletter_access":"","_jetpack_dont_email_post_to_subs":false,"_jetpack_newsletter_tier_id":0,"_jetpack_memberships_contains_paywalled_content":false,"_jetpack_memberships_contains_paid_content":false,"footnotes":""},"categories":[10,2,23],"tags":[],"class_list":["post-2054","post","type-post","status-publish","format-standard","hentry","category-centro","category-info","category-planes-y-programas"],"jetpack_featured_media_url":"","jetpack_sharing_enabled":true,"jetpack_shortlink":"https:\/\/wp.me\/p9VlHp-x8","jetpack-related-posts":[{"id":198,"url":"https:\/\/www.ceipmaestrorafaelbravomartin.es\/?p=198","url_meta":{"origin":2054,"position":0},"title":"Informaci\u00f3n Plan biling\u00fce curso 2011\/12","author":"CEIP Maestro Rafael Bravo Mart\u00edn","date":"4 noviembre, 2011","format":false,"excerpt":"PRESENTACI\u00d3N Atendiendo a las caracter\u00edsticas de nuestro Centro, de los recursos con los que contamos tanto personales como materiales, as\u00ed como de las caracter\u00edsticas propias de nuestro alumnado; procedemos a dar respuesta a la formaci\u00f3n que se requiere para la inclusi\u00f3n de los ni\u00f1os y las ni\u00f1as de nuestro colegio\u2026","rel":"","context":"En \u00abPlanes y programas\u00bb","block_context":{"text":"Planes y programas","link":"https:\/\/www.ceipmaestrorafaelbravomartin.es\/?cat=23"},"img":{"alt_text":"","src":"","width":0,"height":0},"classes":[]},{"id":30,"url":"https:\/\/www.ceipmaestrorafaelbravomartin.es\/?p=30","url_meta":{"origin":2054,"position":1},"title":"Tr\u00e1nsito Infantil-Primaria.","author":"CEIP Maestro Rafael Bravo Mart\u00edn","date":"15 octubre, 2010","format":false,"excerpt":"El Programa de Tr\u00e1nsito (entendido como paso de una etapa a otra) de Infantil a Primaria se incluye dentro del Plan de Acci\u00f3n Tutorial, incluido a su vez en el Plan Anual de Centro (PAC) seg\u00fan la Orden 16\/11\/2007, por la que se regula la organizaci\u00f3n de la orientaci\u00f3n y\u2026","rel":"","context":"En \u00abPlanes y programas\u00bb","block_context":{"text":"Planes y programas","link":"https:\/\/www.ceipmaestrorafaelbravomartin.es\/?cat=23"},"img":{"alt_text":"","src":"","width":0,"height":0},"classes":[]},{"id":36,"url":"https:\/\/www.ceipmaestrorafaelbravomartin.es\/?p=36","url_meta":{"origin":2054,"position":2},"title":"Plan biling\u00fce","author":"CEIP Maestro Rafael Bravo Mart\u00edn","date":"18 octubre, 2010","format":false,"excerpt":"\u00bfPOR QU\u00c9 SOMOS CENTRO BILING\u00dcE?La sociedad actual demanda la formaci\u00f3n pluriling\u00fce y multicultural, es decir, dominio de varios idiomas y conocimiento de distintas culturas. Esto no s\u00f3lo enriquece a nivel personal sino que favorece la\u00a0 inserci\u00f3n en la vida laboral y facilita la convivencia de distintas culturas en un mismo\u2026","rel":"","context":"En \u00abPlanes y programas\u00bb","block_context":{"text":"Planes y programas","link":"https:\/\/www.ceipmaestrorafaelbravomartin.es\/?cat=23"},"img":{"alt_text":"","src":"","width":0,"height":0},"classes":[]},{"id":162,"url":"https:\/\/www.ceipmaestrorafaelbravomartin.es\/?p=162","url_meta":{"origin":2054,"position":3},"title":"LA BICICLETA , UN MARAVILLOSO Y SALUDABLE MEDIO DE TRANSPORTE.","author":"CEIP Maestro Rafael Bravo Mart\u00edn","date":"17 junio, 2011","format":false,"excerpt":"Durante esto a\u00f1os,\u00a0 han sido muchos los ni\u00f1os\/as que han sacado su carnet de conducir bicicletas. El maestro Pepe Palma, junto con la maestra Puri llevan muchos a\u00f1os dedicando un d\u00eda a esta actividad tan maravillosa con los m\u00e1s peque\u00f1os\/as ( al finalizar su segundo curso de Educaci\u00f3n Primaria). \u00a0\u2026","rel":"","context":"En \u00abEd. F\u00edsica\u00bb","block_context":{"text":"Ed. F\u00edsica","link":"https:\/\/www.ceipmaestrorafaelbravomartin.es\/?cat=28"},"img":{"alt_text":"","src":"","width":0,"height":0},"classes":[]},{"id":98,"url":"https:\/\/www.ceipmaestrorafaelbravomartin.es\/?p=98","url_meta":{"origin":2054,"position":4},"title":"Consejo Escolar del 30 de noviembre de 2010","author":"CEIP Maestro Rafael Bravo Mart\u00edn","date":"3 diciembre, 2010","format":false,"excerpt":"En Alcala del R\u00edo, siendo las 17 horas del d\u00eda 3 de noviembre, se reuni\u00f3 el Consejo Escolar del Centro en sesi\u00f3n extraordinaria. Los temas que se trataron fueron:","rel":"","context":"En \u00abConsejo escolar\u00bb","block_context":{"text":"Consejo escolar","link":"https:\/\/www.ceipmaestrorafaelbravomartin.es\/?cat=12"},"img":{"alt_text":"","src":"","width":0,"height":0},"classes":[]},{"id":246,"url":"https:\/\/www.ceipmaestrorafaelbravomartin.es\/?p=246","url_meta":{"origin":2054,"position":5},"title":"\u00abThe Sleeping Clouds\u00bb y \u00abA Royal Visit\u00bb","author":"CEIP Maestro Rafael Bravo Mart\u00edn","date":"26 abril, 2012","format":false,"excerpt":"\u00a0 Con motivo del D\u00eda del Libro, los cursos 1\u00baB y 4\u00baB representaron dos peque\u00f1as obras teatrales en Idioma extranjero-Ingl\u00e9s, \u201cThe Sleeping Clouds\u201d y \u201c A Royal Visit\u201d respectivamente. Para los preparativos de las mismas y la obtenci\u00f3n de un magn\u00edfico resultado, contamos con la colaboraci\u00f3n de la comunidad educativa.\u2026","rel":"","context":"En \u00abPlanes y programas\u00bb","block_context":{"text":"Planes y programas","link":"https:\/\/www.ceipmaestrorafaelbravomartin.es\/?cat=23"},"img":{"alt_text":"","src":"","width":0,"height":0},"classes":[]}],"_links":{"self":[{"href":"https:\/\/www.ceipmaestrorafaelbravomartin.es\/index.php?rest_route=\/wp\/v2\/posts\/2054","targetHints":{"allow":["GET"]}}],"collection":[{"href":"https:\/\/www.ceipmaestrorafaelbravomartin.es\/index.php?rest_route=\/wp\/v2\/posts"}],"about":[{"href":"https:\/\/www.ceipmaestrorafaelbravomartin.es\/index.php?rest_route=\/wp\/v2\/types\/post"}],"author":[{"embeddable":true,"href":"https:\/\/www.ceipmaestrorafaelbravomartin.es\/index.php?rest_route=\/wp\/v2\/users\/4"}],"replies":[{"embeddable":true,"href":"https:\/\/www.ceipmaestrorafaelbravomartin.es\/index.php?rest_route=%2Fwp%2Fv2%2Fcomments&post=2054"}],"version-history":[{"count":2,"href":"https:\/\/www.ceipmaestrorafaelbravomartin.es\/index.php?rest_route=\/wp\/v2\/posts\/2054\/revisions"}],"predecessor-version":[{"id":2057,"href":"https:\/\/www.ceipmaestrorafaelbravomartin.es\/index.php?rest_route=\/wp\/v2\/posts\/2054\/revisions\/2057"}],"wp:attachment":[{"href":"https:\/\/www.ceipmaestrorafaelbravomartin.es\/index.php?rest_route=%2Fwp%2Fv2%2Fmedia&parent=2054"}],"wp:term":[{"taxonomy":"category","embeddable":true,"href":"https:\/\/www.ceipmaestrorafaelbravomartin.es\/index.php?rest_route=%2Fwp%2Fv2%2Fcategories&post=2054"},{"taxonomy":"post_tag","embeddable":true,"href":"https:\/\/www.ceipmaestrorafaelbravomartin.es\/index.php?rest_route=%2Fwp%2Fv2%2Ftags&post=2054"}],"curies":[{"name":"wp","href":"https:\/\/api.w.org\/{rel}","templated":true}]}}