{"id":206,"date":"2011-11-18T10:13:28","date_gmt":"2011-11-18T09:13:28","guid":{"rendered":"http:\/\/blogasuncion.es\/?p=206"},"modified":"2013-07-05T12:56:33","modified_gmt":"2013-07-05T10:56:33","slug":"convocatoria-reuncion-informativa-a-las-familias-sobre-pasen-2","status":"publish","type":"post","link":"https:\/\/www.ceipmaestrorafaelbravomartin.es\/?p=206","title":{"rendered":"Convocatoria Reuni\u00f3n Informativa a las familias sobre PASEN"},"content":{"rendered":"<p>\u00a0<\/p>\n<p>\u00a0<\/p>\n<p><center><\/p>\n<div id=\"__ss_6695886\" style=\"width: 425px;\"><strong style=\"margin: 12px 0pt 4px; display: block;\"><a href=\"http:\/\/www.slideshare.net\/adelafuente08\/pasen-perfil-tutores-legales-6695886\" title=\"Pasen perfil tutores legales\"><\/a><\/strong><\/p>\n<div align=\"center\" id=\"__sse6695886\">\n<object codebase=\"http:\/\/download.macromedia.com\/pub\/shockwave\/cabs\/flash\/swflash.cab#version=10,0,32,18\" classid=\"clsid:d27cdb6e-ae6d-11cf-96b8-444553540000\" type=\"application\/x-shockwave-flash\" height=\"343\" width=\"418\"><param name=\"name\" value=\"__sse6695886\" \/><param name=\"allowfullscreen\" value=\"true\" \/><param name=\"allowscriptaccess\" value=\"always\" \/><param name=\"src\" value=\"http:\/\/static.slidesharecdn.com\/swf\/ssplayer2.swf?doc=pasenperfiltutores-110125095258-phpapp01&amp;stripped_title=pasen-perfil-tutores-legales-6695886&amp;userName=adelafuente08\" \/><\/object>\n<\/div>\n<\/div>\n<p><\/center><\/p>\n<p>\u00a0<\/p>\n<p>Un cordial saludo.<\/p>\n","protected":false},"excerpt":{"rendered":"<p>Se convoca a todos los padres, madres y\/o los tutores legales del alumnado de 4\u00ba, 5\u00ba y 6\u00ba de primaria a la reuni\u00f3n informativa que tendr\u00e1 lugar el pr\u00f3ximo <strong>martes d\u00eda 22 de noviembre a las 17 horas <\/strong> en el Sal\u00f3n de Usos M\u00faltiples del Centro. El motivo es dar a conocer la plataforma educativa PASEN que durante el curso pasado comenzamos a utilizar. Esta plataforma es una aplicaci\u00f3n que permite la comunicaci\u00f3n entre los distintos miembros de la Comunidad Educativa y que os va a permitir, entre otras cosas, llevar un seguimiento acad\u00e9mico del alumnado, recibir notificaciones en el m\u00f3vil, comunicarse con el profesorado, justificar faltas de asistencia, etc.<\/p>\n<p><\/p>\n<p>Os dejo una breve presentaci\u00f3n que utilic\u00e9 el curso pasado en la reuni\u00f3n informativa que se realiz\u00f3 por el mismo motivo.<\/p>\n","protected":false},"author":4,"featured_media":0,"comment_status":"closed","ping_status":"open","sticky":false,"template":"","format":"standard","meta":{"jetpack_post_was_ever_published":false,"_jetpack_newsletter_access":"","_jetpack_dont_email_post_to_subs":false,"_jetpack_newsletter_tier_id":0,"_jetpack_memberships_contains_paywalled_content":false,"_jetpack_memberships_contains_paid_content":false,"footnotes":""},"categories":[19],"tags":[],"class_list":["post-206","post","type-post","status-publish","format-standard","hentry","category-noticiastic"],"jetpack_featured_media_url":"","jetpack_sharing_enabled":true,"jetpack_shortlink":"https:\/\/wp.me\/p9VlHp-3k","jetpack-related-posts":[{"id":201,"url":"https:\/\/www.ceipmaestrorafaelbravomartin.es\/?p=201","url_meta":{"origin":206,"position":0},"title":"Convocatoria Reuni\u00f3n Informativa a las familias sobre PASEN","author":"CEIP Maestro Rafael Bravo Mart\u00edn","date":"9 noviembre, 2011","format":false,"excerpt":"Se convoca a todos los padres, madres y\/o los tutores legales del alumnado de 1\u00ba, 2\u00ba, y 3\u00ba de primaria a la reuni\u00f3n informativa que tendr\u00e1 lugar el pr\u00f3ximo martes d\u00eda 15 de noviembre a las 17 horas en el Sal\u00f3n de Usos M\u00faltiples del Centro. El motivo es dar\u2026","rel":"","context":"En \u00abNoticias TIC\u00bb","block_context":{"text":"Noticias TIC","link":"https:\/\/www.ceipmaestrorafaelbravomartin.es\/?cat=19"},"img":{"alt_text":"","src":"","width":0,"height":0},"classes":[]},{"id":136,"url":"https:\/\/www.ceipmaestrorafaelbravomartin.es\/?p=136","url_meta":{"origin":206,"position":1},"title":"Convocator\u00eda de Reuni\u00f3n Informativa a las familias sobre PASEN","author":"CEIP Maestro Rafael Bravo Mart\u00edn","date":"24 enero, 2011","format":false,"excerpt":"Se convoca a los tutores legales del alumnado del Centro a la reuni\u00f3n informativa que tendr\u00e1 lugar el pr\u00f3ximo martes d\u00eda 1 de febrero en el Sal\u00f3n de Usos M\u00faltiples del Centro. El motivo es dar a conocer la plataforma educativa PASEN que durante el presente curso escolar vamos a\u2026","rel":"","context":"En \u00abNoticias TIC\u00bb","block_context":{"text":"Noticias TIC","link":"https:\/\/www.ceipmaestrorafaelbravomartin.es\/?cat=19"},"img":{"alt_text":"","src":"","width":0,"height":0},"classes":[]},{"id":139,"url":"https:\/\/www.ceipmaestrorafaelbravomartin.es\/?p=139","url_meta":{"origin":206,"position":2},"title":"Incidencias en Pasen","author":"CEIP Maestro Rafael Bravo Mart\u00edn","date":"4 febrero, 2011","format":false,"excerpt":"Tras la sesi\u00f3n informativa sobre el uso de Pasen que se celebr\u00f3 el pasado martes, hemos recibido numerosas incidencias en relaci\u00f3n a las credenciales que se les ha proporcionado a los tutores legales y alumnado. Por causas ajenas al Centro, algunas de las claves no son correctas. Por tanto, si\u2026","rel":"","context":"En \u00abNoticias TIC\u00bb","block_context":{"text":"Noticias TIC","link":"https:\/\/www.ceipmaestrorafaelbravomartin.es\/?cat=19"},"img":{"alt_text":"","src":"","width":0,"height":0},"classes":[]},{"id":221,"url":"https:\/\/www.ceipmaestrorafaelbravomartin.es\/?p=221","url_meta":{"origin":206,"position":3},"title":"Celebraci\u00f3n de la Navidad","author":"CEIP Maestro Rafael Bravo Mart\u00edn","date":"9 enero, 2012","format":false,"excerpt":"Con motivo de la Navidad se han llevado a cabo en el Centro varias actividades, algunas de las cuales queremos compartir con toda la Comunidad Educativa. Para comenzar, os dejamos el Certamen de Villancicos que el primer ciclo de Primaria realiz\u00f3 en el sal\u00f3n de actos del Centro. \u00a0 \u00a0\u00a0\u2026","rel":"","context":"En \u00abCurso 2011\/12\u00bb","block_context":{"text":"Curso 2011\/12","link":"https:\/\/www.ceipmaestrorafaelbravomartin.es\/?cat=45"},"img":{"alt_text":"Taller cocina","src":"https:\/\/i0.wp.com\/www.ceipmaestrorafaelbravomartin.es\/wp-content\/uploads\/2012\/01\/collage.jpg?resize=350%2C200&ssl=1","width":350,"height":200,"srcset":"https:\/\/i0.wp.com\/www.ceipmaestrorafaelbravomartin.es\/wp-content\/uploads\/2012\/01\/collage.jpg?resize=350%2C200&ssl=1 1x, https:\/\/i0.wp.com\/www.ceipmaestrorafaelbravomartin.es\/wp-content\/uploads\/2012\/01\/collage.jpg?resize=525%2C300&ssl=1 1.5x, https:\/\/i0.wp.com\/www.ceipmaestrorafaelbravomartin.es\/wp-content\/uploads\/2012\/01\/collage.jpg?resize=700%2C400&ssl=1 2x"},"classes":[]},{"id":82,"url":"https:\/\/www.ceipmaestrorafaelbravomartin.es\/?p=82","url_meta":{"origin":206,"position":4},"title":"Reuni\u00f3n con las familias en Ed. Infantil","author":"CEIP Maestro Rafael Bravo Mart\u00edn","date":"29 noviembre, 2009","format":false,"excerpt":"El 26 de octubre del 2010 se llev\u00f3 a cabo la reuni\u00f3n con las \u00a0 familias del alumnado de Educaci\u00f3n Infantil. En ella se trataron entre otros los siguientes puntos:","rel":"","context":"En \u00abEducaci\u00f3n Infantil\u00bb","block_context":{"text":"Educaci\u00f3n Infantil","link":"https:\/\/www.ceipmaestrorafaelbravomartin.es\/?cat=26"},"img":{"alt_text":"*","src":"file:\/\/\/C:\/DOCUME~1\/ANGELO~1\/CONFIG~1\/Temp\/msohtml1\/01\/clip_image001.gif","width":350,"height":200},"classes":[]},{"id":1927,"url":"https:\/\/www.ceipmaestrorafaelbravomartin.es\/?p=1927","url_meta":{"origin":206,"position":5},"title":"Reuni\u00f3n informativa para el alumnado de nuevo ingreso.","author":"CEIP Maestro Rafael Bravo Mart\u00edn","date":"21 febrero, 2019","format":false,"excerpt":"LES INFORMAMOS QUE DESDE EL 1 DE MARZO HASTA EL 1 DE ABRIL TODOS\/AS LOS\/LAS INTERESADOS\/AS PODR\u00c1N PRESENTAR SU SOLICITUD EN LA SECRETAR\u00cdA DEL CENTRO DE 9:00 A 11:00. HABR\u00c1 UNA REUNI\u00d3N INFORMATIVA EN LA QUE PODR\u00c1N CONOCER EL CENTRO EL PR\u00d3XIMO MARTES, D\u00cdA 26 DE FEBRERO, A LAS 18:00\u2026","rel":"","context":"En \u00abEl centro\u00bb","block_context":{"text":"El centro","link":"https:\/\/www.ceipmaestrorafaelbravomartin.es\/?cat=10"},"img":{"alt_text":"","src":"","width":0,"height":0},"classes":[]}],"_links":{"self":[{"href":"https:\/\/www.ceipmaestrorafaelbravomartin.es\/index.php?rest_route=\/wp\/v2\/posts\/206","targetHints":{"allow":["GET"]}}],"collection":[{"href":"https:\/\/www.ceipmaestrorafaelbravomartin.es\/index.php?rest_route=\/wp\/v2\/posts"}],"about":[{"href":"https:\/\/www.ceipmaestrorafaelbravomartin.es\/index.php?rest_route=\/wp\/v2\/types\/post"}],"author":[{"embeddable":true,"href":"https:\/\/www.ceipmaestrorafaelbravomartin.es\/index.php?rest_route=\/wp\/v2\/users\/4"}],"replies":[{"embeddable":true,"href":"https:\/\/www.ceipmaestrorafaelbravomartin.es\/index.php?rest_route=%2Fwp%2Fv2%2Fcomments&post=206"}],"version-history":[{"count":1,"href":"https:\/\/www.ceipmaestrorafaelbravomartin.es\/index.php?rest_route=\/wp\/v2\/posts\/206\/revisions"}],"predecessor-version":[{"id":418,"href":"https:\/\/www.ceipmaestrorafaelbravomartin.es\/index.php?rest_route=\/wp\/v2\/posts\/206\/revisions\/418"}],"wp:attachment":[{"href":"https:\/\/www.ceipmaestrorafaelbravomartin.es\/index.php?rest_route=%2Fwp%2Fv2%2Fmedia&parent=206"}],"wp:term":[{"taxonomy":"category","embeddable":true,"href":"https:\/\/www.ceipmaestrorafaelbravomartin.es\/index.php?rest_route=%2Fwp%2Fv2%2Fcategories&post=206"},{"taxonomy":"post_tag","embeddable":true,"href":"https:\/\/www.ceipmaestrorafaelbravomartin.es\/index.php?rest_route=%2Fwp%2Fv2%2Ftags&post=206"}],"curies":[{"name":"wp","href":"https:\/\/api.w.org\/{rel}","templated":true}]}}