{"id":2069,"date":"2020-02-24T17:04:18","date_gmt":"2020-02-24T16:04:18","guid":{"rendered":"http:\/\/www.ceipmaestrorafaelbravomartin.es\/?p=2069"},"modified":"2020-03-13T11:56:57","modified_gmt":"2020-03-13T10:56:57","slug":"triptico-informativo","status":"publish","type":"post","link":"https:\/\/www.ceipmaestrorafaelbravomartin.es\/?p=2069","title":{"rendered":"Tr\u00edptico informativo"},"content":{"rendered":"\n<figure class=\"wp-block-gallery columns-2 is-cropped wp-block-gallery-1 is-layout-flex wp-block-gallery-is-layout-flex\"><ul class=\"blocks-gallery-grid\"><li class=\"blocks-gallery-item\"><figure><img loading=\"lazy\" decoding=\"async\" width=\"1024\" height=\"724\" data-attachment-id=\"2070\" data-permalink=\"https:\/\/www.ceipmaestrorafaelbravomartin.es\/?attachment_id=2070\" data-orig-file=\"https:\/\/www.ceipmaestrorafaelbravomartin.es\/wp-content\/uploads\/2020\/02\/cara-a-tr\u00edptico-scaled.jpg\" data-orig-size=\"2560,1810\" data-comments-opened=\"0\" data-image-meta=\"{&quot;aperture&quot;:&quot;0&quot;,&quot;credit&quot;:&quot;&quot;,&quot;camera&quot;:&quot;&quot;,&quot;caption&quot;:&quot;&quot;,&quot;created_timestamp&quot;:&quot;0&quot;,&quot;copyright&quot;:&quot;&quot;,&quot;focal_length&quot;:&quot;0&quot;,&quot;iso&quot;:&quot;0&quot;,&quot;shutter_speed&quot;:&quot;0&quot;,&quot;title&quot;:&quot;&quot;,&quot;orientation&quot;:&quot;1&quot;}\" data-image-title=\"Tr\u00edptico cara A\" data-image-description=\"\" data-image-caption=\"\" data-medium-file=\"https:\/\/www.ceipmaestrorafaelbravomartin.es\/wp-content\/uploads\/2020\/02\/cara-a-tr\u00edptico-300x212.jpg\" data-large-file=\"https:\/\/www.ceipmaestrorafaelbravomartin.es\/wp-content\/uploads\/2020\/02\/cara-a-tr\u00edptico-1024x724.jpg\" src=\"http:\/\/www.ceipmaestrorafaelbravomartin.es\/wp-content\/uploads\/2020\/02\/cara-a-tr\u00edptico-1024x724.jpg\" alt=\"\" data-id=\"2070\" data-full-url=\"http:\/\/www.ceipmaestrorafaelbravomartin.es\/wp-content\/uploads\/2020\/02\/cara-a-tr\u00edptico-scaled.jpg\" data-link=\"http:\/\/www.ceipmaestrorafaelbravomartin.es\/?attachment_id=2070\" class=\"wp-image-2070\" srcset=\"https:\/\/www.ceipmaestrorafaelbravomartin.es\/wp-content\/uploads\/2020\/02\/cara-a-tr\u00edptico-1024x724.jpg 1024w, https:\/\/www.ceipmaestrorafaelbravomartin.es\/wp-content\/uploads\/2020\/02\/cara-a-tr\u00edptico-300x212.jpg 300w, https:\/\/www.ceipmaestrorafaelbravomartin.es\/wp-content\/uploads\/2020\/02\/cara-a-tr\u00edptico-768x543.jpg 768w, https:\/\/www.ceipmaestrorafaelbravomartin.es\/wp-content\/uploads\/2020\/02\/cara-a-tr\u00edptico-1536x1086.jpg 1536w, https:\/\/www.ceipmaestrorafaelbravomartin.es\/wp-content\/uploads\/2020\/02\/cara-a-tr\u00edptico-2048x1448.jpg 2048w\" sizes=\"auto, (max-width: 1024px) 100vw, 1024px\" \/><\/figure><\/li><li class=\"blocks-gallery-item\"><figure><img loading=\"lazy\" decoding=\"async\" width=\"1024\" height=\"724\" data-attachment-id=\"2071\" data-permalink=\"https:\/\/www.ceipmaestrorafaelbravomartin.es\/?attachment_id=2071\" data-orig-file=\"https:\/\/www.ceipmaestrorafaelbravomartin.es\/wp-content\/uploads\/2020\/02\/cara-b-tr\u00edpticoretocadofuente2020-scaled.jpg\" data-orig-size=\"2560,1811\" data-comments-opened=\"0\" data-image-meta=\"{&quot;aperture&quot;:&quot;0&quot;,&quot;credit&quot;:&quot;&quot;,&quot;camera&quot;:&quot;&quot;,&quot;caption&quot;:&quot;&quot;,&quot;created_timestamp&quot;:&quot;0&quot;,&quot;copyright&quot;:&quot;&quot;,&quot;focal_length&quot;:&quot;0&quot;,&quot;iso&quot;:&quot;0&quot;,&quot;shutter_speed&quot;:&quot;0&quot;,&quot;title&quot;:&quot;&quot;,&quot;orientation&quot;:&quot;0&quot;}\" data-image-title=\"Tr\u00edptico cara B\" data-image-description=\"\" data-image-caption=\"\" data-medium-file=\"https:\/\/www.ceipmaestrorafaelbravomartin.es\/wp-content\/uploads\/2020\/02\/cara-b-tr\u00edpticoretocadofuente2020-300x212.jpg\" data-large-file=\"https:\/\/www.ceipmaestrorafaelbravomartin.es\/wp-content\/uploads\/2020\/02\/cara-b-tr\u00edpticoretocadofuente2020-1024x724.jpg\" src=\"http:\/\/www.ceipmaestrorafaelbravomartin.es\/wp-content\/uploads\/2020\/02\/cara-b-tr\u00edpticoretocadofuente2020-1024x724.jpg\" alt=\"\" data-id=\"2071\" data-full-url=\"http:\/\/www.ceipmaestrorafaelbravomartin.es\/wp-content\/uploads\/2020\/02\/cara-b-tr\u00edpticoretocadofuente2020-scaled.jpg\" data-link=\"http:\/\/www.ceipmaestrorafaelbravomartin.es\/?attachment_id=2071\" class=\"wp-image-2071\" srcset=\"https:\/\/www.ceipmaestrorafaelbravomartin.es\/wp-content\/uploads\/2020\/02\/cara-b-tr\u00edpticoretocadofuente2020-1024x724.jpg 1024w, https:\/\/www.ceipmaestrorafaelbravomartin.es\/wp-content\/uploads\/2020\/02\/cara-b-tr\u00edpticoretocadofuente2020-300x212.jpg 300w, https:\/\/www.ceipmaestrorafaelbravomartin.es\/wp-content\/uploads\/2020\/02\/cara-b-tr\u00edpticoretocadofuente2020-768x543.jpg 768w, https:\/\/www.ceipmaestrorafaelbravomartin.es\/wp-content\/uploads\/2020\/02\/cara-b-tr\u00edpticoretocadofuente2020-1536x1087.jpg 1536w, https:\/\/www.ceipmaestrorafaelbravomartin.es\/wp-content\/uploads\/2020\/02\/cara-b-tr\u00edpticoretocadofuente2020-2048x1449.jpg 2048w\" sizes=\"auto, (max-width: 1024px) 100vw, 1024px\" \/><\/figure><\/li><\/ul><\/figure>\n","protected":false},"excerpt":{"rendered":"","protected":false},"author":6,"featured_media":0,"comment_status":"closed","ping_status":"closed","sticky":false,"template":"","format":"standard","meta":{"jetpack_post_was_ever_published":false,"_jetpack_newsletter_access":"","_jetpack_dont_email_post_to_subs":false,"_jetpack_newsletter_tier_id":0,"_jetpack_memberships_contains_paywalled_content":false,"_jetpack_memberships_contains_paid_content":false,"footnotes":""},"categories":[10,2,23,1],"tags":[],"class_list":["post-2069","post","type-post","status-publish","format-standard","hentry","category-centro","category-info","category-planes-y-programas","category-sin-categoria"],"jetpack_featured_media_url":"","jetpack_sharing_enabled":true,"jetpack_shortlink":"https:\/\/wp.me\/p9VlHp-xn","jetpack-related-posts":[{"id":1825,"url":"https:\/\/www.ceipmaestrorafaelbravomartin.es\/?p=1825","url_meta":{"origin":2069,"position":0},"title":"Admisi\u00f3n y Matriculaci\u00f3n curso 2018\/2019","author":"CEIP Maestro Rafael Bravo Mart\u00edn","date":"1 marzo, 2018","format":false,"excerpt":"Durante todo el mes de marzo queda abierto el per\u00edodo de solicitud de matriculaci\u00f3n en el Centro. Toda la informaci\u00f3n y listas correspondientes se ir\u00e1n exponiendo en el tabl\u00f3n informativo del Colegio, siguiendo el calendario previsto para el procedimiento de admisi\u00f3n y matriculaci\u00f3n para el curso 2018\/2019. Muchas gracias por\u2026","rel":"","context":"En \u00abSin categor\u00eda\u00bb","block_context":{"text":"Sin categor\u00eda","link":"https:\/\/www.ceipmaestrorafaelbravomartin.es\/?cat=1"},"img":{"alt_text":"","src":"","width":0,"height":0},"classes":[]},{"id":33,"url":"https:\/\/www.ceipmaestrorafaelbravomartin.es\/?p=33","url_meta":{"origin":2069,"position":1},"title":"Centro TIC","author":"CEIP Maestro Rafael Bravo Mart\u00edn","date":"18 octubre, 2010","format":false,"excerpt":"Nuestra sociedad actual est\u00e1 caracterizada por cambios r\u00e1pidos y profundos, especialmente motivados por el desarrollo de las Nuevas Tecnolog\u00edas de la Informaci\u00f3n y el Conocimiento. La escuela no puede estar ajena a este fen\u00f3meno y tenemos la obligaci\u00f3n de preparar a nuestros alumnos y alumnas para esta sociedad, en la\u2026","rel":"","context":"En \u00abPlanes y programas\u00bb","block_context":{"text":"Planes y programas","link":"https:\/\/www.ceipmaestrorafaelbravomartin.es\/?cat=23"},"img":{"alt_text":"","src":"","width":0,"height":0},"classes":[]},{"id":1252,"url":"https:\/\/www.ceipmaestrorafaelbravomartin.es\/?p=1252","url_meta":{"origin":2069,"position":2},"title":"Certamen de carteles y cuentos navide\u00f1os.","author":"CEIP Maestro Rafael Bravo Mart\u00edn","date":"30 noviembre, 2015","format":false,"excerpt":"Se acercan fechas se\u00f1aladas en nuestro colegio, por ello empiezan actividades para estas fiestas. Desde la biblioteca del centro nos proponen las siguientes actividades: Animaros y participad.","rel":"","context":"En \u00abBiblioteca Escolar\u00bb","block_context":{"text":"Biblioteca Escolar","link":"https:\/\/www.ceipmaestrorafaelbravomartin.es\/?cat=4"},"img":{"alt_text":"","src":"https:\/\/i0.wp.com\/www.ceipmaestrorafaelbravomartin.es\/wp-content\/uploads\/2015\/11\/IMG_20151130_111938308.jpg?resize=350%2C200&ssl=1","width":350,"height":200,"srcset":"https:\/\/i0.wp.com\/www.ceipmaestrorafaelbravomartin.es\/wp-content\/uploads\/2015\/11\/IMG_20151130_111938308.jpg?resize=350%2C200&ssl=1 1x, https:\/\/i0.wp.com\/www.ceipmaestrorafaelbravomartin.es\/wp-content\/uploads\/2015\/11\/IMG_20151130_111938308.jpg?resize=525%2C300&ssl=1 1.5x, https:\/\/i0.wp.com\/www.ceipmaestrorafaelbravomartin.es\/wp-content\/uploads\/2015\/11\/IMG_20151130_111938308.jpg?resize=700%2C400&ssl=1 2x, https:\/\/i0.wp.com\/www.ceipmaestrorafaelbravomartin.es\/wp-content\/uploads\/2015\/11\/IMG_20151130_111938308.jpg?resize=1050%2C600&ssl=1 3x, https:\/\/i0.wp.com\/www.ceipmaestrorafaelbravomartin.es\/wp-content\/uploads\/2015\/11\/IMG_20151130_111938308.jpg?resize=1400%2C800&ssl=1 4x"},"classes":[]},{"id":1409,"url":"https:\/\/www.ceipmaestrorafaelbravomartin.es\/?p=1409","url_meta":{"origin":2069,"position":3},"title":"Jornadas de prevenci\u00f3n del acoso y ciberacoso.","author":"CEIP Maestro Rafael Bravo Mart\u00edn","date":"10 marzo, 2016","format":false,"excerpt":"En nuestro centro se llevar\u00e1n a cabo unas jornadas de formaci\u00f3n en prevenci\u00f3n del acoso y ciberacoso. Estas est\u00e1n dirigidas a padres\/madres y profesorado. Aqu\u00ed ten\u00e9is el cartel informativo.","rel":"","context":"En \u00abSin categor\u00eda\u00bb","block_context":{"text":"Sin categor\u00eda","link":"https:\/\/www.ceipmaestrorafaelbravomartin.es\/?cat=1"},"img":{"alt_text":"IMG-20160308-WA0001","src":"https:\/\/i0.wp.com\/blogasuncion.es\/wp-content\/uploads\/2016\/03\/IMG-20160308-WA0001-246x300.jpg?resize=350%2C200","width":350,"height":200},"classes":[]},{"id":2054,"url":"https:\/\/www.ceipmaestrorafaelbravomartin.es\/?p=2054","url_meta":{"origin":2069,"position":4},"title":"H\u00c1BITOS DE VIDA SALUDABLE","author":"CEIP Maestro Rafael Bravo Mart\u00edn","date":"11 febrero, 2020","format":false,"excerpt":"En el marco del \u201cPlan Escolar de Consumo de Frutas y Hortalizas\", recurso para promover Estilos de Vida Saludable del que nuestro centro es beneficiario, nos comunican que hemos resultado seleccionados para recibir el\u00a0\"Kit de\u00a0Materiales para Huertos Escolares\u201d El\u00a0material del que consta el Kit se\u00a0repartir\u00e1\u00a0a los centros educativos beneficiarios\u00a0dividido\u00a0en dos\u2026","rel":"","context":"En \u00abEl centro\u00bb","block_context":{"text":"El centro","link":"https:\/\/www.ceipmaestrorafaelbravomartin.es\/?cat=10"},"img":{"alt_text":"","src":"https:\/\/i0.wp.com\/www.ceipmaestrorafaelbravomartin.es\/wp-content\/uploads\/2020\/02\/unnamed.jpg?resize=350%2C200","width":350,"height":200,"srcset":"https:\/\/i0.wp.com\/www.ceipmaestrorafaelbravomartin.es\/wp-content\/uploads\/2020\/02\/unnamed.jpg?resize=350%2C200 1x, https:\/\/i0.wp.com\/www.ceipmaestrorafaelbravomartin.es\/wp-content\/uploads\/2020\/02\/unnamed.jpg?resize=525%2C300 1.5x"},"classes":[]},{"id":35,"url":"https:\/\/www.ceipmaestrorafaelbravomartin.es\/?p=35","url_meta":{"origin":2069,"position":5},"title":"Aula Matinal","author":"CEIP Maestro Rafael Bravo Mart\u00edn","date":"18 octubre, 2010","format":false,"excerpt":"El C.E.I.P. Ntra. Sra. de la Asunci\u00f3n dispone de aula matinal, la cual est\u00e1 abierta desde las 7:30 h hasta la hora de entrada en el colegio a las 9:00 h.Para inscribirse deber\u00e1n hacerlo el curso anterior desde el 1 al 8 de junio en la Secretar\u00eda del Centro, entregando\u2026","rel":"","context":"En \u00abPlanes y programas\u00bb","block_context":{"text":"Planes y programas","link":"https:\/\/www.ceipmaestrorafaelbravomartin.es\/?cat=23"},"img":{"alt_text":"","src":"","width":0,"height":0},"classes":[]}],"_links":{"self":[{"href":"https:\/\/www.ceipmaestrorafaelbravomartin.es\/index.php?rest_route=\/wp\/v2\/posts\/2069","targetHints":{"allow":["GET"]}}],"collection":[{"href":"https:\/\/www.ceipmaestrorafaelbravomartin.es\/index.php?rest_route=\/wp\/v2\/posts"}],"about":[{"href":"https:\/\/www.ceipmaestrorafaelbravomartin.es\/index.php?rest_route=\/wp\/v2\/types\/post"}],"author":[{"embeddable":true,"href":"https:\/\/www.ceipmaestrorafaelbravomartin.es\/index.php?rest_route=\/wp\/v2\/users\/6"}],"replies":[{"embeddable":true,"href":"https:\/\/www.ceipmaestrorafaelbravomartin.es\/index.php?rest_route=%2Fwp%2Fv2%2Fcomments&post=2069"}],"version-history":[{"count":1,"href":"https:\/\/www.ceipmaestrorafaelbravomartin.es\/index.php?rest_route=\/wp\/v2\/posts\/2069\/revisions"}],"predecessor-version":[{"id":2072,"href":"https:\/\/www.ceipmaestrorafaelbravomartin.es\/index.php?rest_route=\/wp\/v2\/posts\/2069\/revisions\/2072"}],"wp:attachment":[{"href":"https:\/\/www.ceipmaestrorafaelbravomartin.es\/index.php?rest_route=%2Fwp%2Fv2%2Fmedia&parent=2069"}],"wp:term":[{"taxonomy":"category","embeddable":true,"href":"https:\/\/www.ceipmaestrorafaelbravomartin.es\/index.php?rest_route=%2Fwp%2Fv2%2Fcategories&post=2069"},{"taxonomy":"post_tag","embeddable":true,"href":"https:\/\/www.ceipmaestrorafaelbravomartin.es\/index.php?rest_route=%2Fwp%2Fv2%2Ftags&post=2069"}],"curies":[{"name":"wp","href":"https:\/\/api.w.org\/{rel}","templated":true}]}}