{"id":2084,"date":"2020-03-16T12:00:04","date_gmt":"2020-03-16T11:00:04","guid":{"rendered":"http:\/\/www.ceipmaestrorafaelbravomartin.es\/?p=2084"},"modified":"2020-03-25T11:58:46","modified_gmt":"2020-03-25T10:58:46","slug":"instrucciones-de-la-consejeria-de-educacion","status":"publish","type":"post","link":"https:\/\/www.ceipmaestrorafaelbravomartin.es\/?p=2084","title":{"rendered":"Instrucciones de la consejer\u00eda de educaci\u00f3n"},"content":{"rendered":"\n<p><strong>COMUNICADO A LAS FAMILIAS<\/strong><\/p>\n\n\n\n<p>Estimadas familias, ante la publicaci\u00f3n del Real Decreto por el que se declara el estado de alarma para la gesti\u00f3n de la situaci\u00f3n de crisis sanitaria ocasionada por el COVID-19, en la que entre otras consideraciones, adem\u00e1s de la suspensi\u00f3n de la actividad educativa presencial, se contempla la suspensi\u00f3n de los plazos administrativos, la Consejer\u00eda de Educaci\u00f3n y Deporte de la Junta de Andaluc\u00eda ha adoptado las siguientes medidas, que se aplicar\u00e1n a partir del <strong>lunes 16 de marzo de 2020<\/strong>:<\/p>\n\n\n\n<p>1.<strong> Los centros educativos permanecer\u00e1n cerrados<\/strong>. El seguimiento de las actividades educativas se har\u00e1, cuando sea posible, por medios telem\u00e1ticos.<\/p>\n\n\n\n<p>2. Se habilitar\u00e1, a partir del mismo lunes, una <strong>herramienta que permite solicitar plaza escolar<\/strong> (solo nuevas admisiones) en las ense\u00f1anzas de r\u00e9gimen general de manera simplificada, necesitando tan solo el n\u00famero de DNI y un tel\u00e9fono m\u00f3vil, sin perjuicio de que se determinen nuevos plazos. Se entender\u00e1 por momento de presentaci\u00f3n de dichas solicitudes la fecha en que se reanude el plazo.<\/p>\n\n\n\n<p>3. El plazo establecido en el\nprocedimiento para la reserva de plaza para continuar en escuelas infantiles de\ntitularidad de la Junta de Andaluc\u00eda y en centros educativos de primer ciclo de\neducaci\u00f3n infantil p\u00fablicos y privados adheridos al Programa de ayuda a las\nfamilias, establecido del 15 al 31 de marzo, se suspende y se establecer\u00e1 uno\nnuevo.<\/p>\n\n\n\n<p>Muchas gracias por su\ncomprensi\u00f3n.<\/p>\n\n\n\n<p>EL EQUIPO DIRECTIVO<\/p>\n","protected":false},"excerpt":{"rendered":"<p>COMUNICADO A LAS FAMILIAS Estimadas familias, ante la publicaci\u00f3n del Real Decreto por el que se declara el estado de alarma para la gesti\u00f3n de la situaci\u00f3n de crisis sanitaria ocasionada por el COVID-19, en la que entre otras consideraciones, adem\u00e1s de la suspensi\u00f3n de la actividad educativa presencial, se [&hellip;]<\/p>\n","protected":false},"author":6,"featured_media":0,"comment_status":"closed","ping_status":"closed","sticky":true,"template":"","format":"standard","meta":{"jetpack_post_was_ever_published":false,"_jetpack_newsletter_access":"","_jetpack_dont_email_post_to_subs":false,"_jetpack_newsletter_tier_id":0,"_jetpack_memberships_contains_paywalled_content":false,"_jetpack_memberships_contains_paid_content":false,"footnotes":""},"categories":[122],"tags":[],"class_list":["post-2084","post","type-post","status-publish","format-standard","hentry","category-estado-de-alarma"],"jetpack_featured_media_url":"","jetpack_sharing_enabled":true,"jetpack_shortlink":"https:\/\/wp.me\/p9VlHp-xC","jetpack-related-posts":[{"id":2212,"url":"https:\/\/www.ceipmaestrorafaelbravomartin.es\/?p=2212","url_meta":{"origin":2084,"position":0},"title":"Interrupci\u00f3n de procedimientos","author":"CEIP Maestro Rafael Bravo Mart\u00edn","date":"18 marzo, 2020","format":false,"excerpt":"De acuerdo con lo establecido en la Disposici\u00f3n adicional tercera del Real Decreto 463\/2020, de 14 de marzo, por el que se declara el estado de alarma para la gesti\u00f3n de la situaci\u00f3n de crisis sanitaria ocasionada por el COVID-19, se suspenden t\u00e9rminos y se interrumpen los plazos para la\u2026","rel":"","context":"En \u00abEstado de alarma\u00bb","block_context":{"text":"Estado de alarma","link":"https:\/\/www.ceipmaestrorafaelbravomartin.es\/?cat=122"},"img":{"alt_text":"","src":"","width":0,"height":0},"classes":[]},{"id":44,"url":"https:\/\/www.ceipmaestrorafaelbravomartin.es\/?p=44","url_meta":{"origin":2084,"position":1},"title":"La Consejer\u00eda de Educaci\u00f3n y Vodafone ofertan acceso a Internet","author":"CEIP Maestro Rafael Bravo Mart\u00edn","date":"20 octubre, 2010","format":false,"excerpt":"Recojo una notica publicada en la web ANDATIC (Asociacion de profesionales de la Educaci\u00f3n con las TIC), de la cual soy colaborador.","rel":"","context":"En \u00abNoticias TIC\u00bb","block_context":{"text":"Noticias TIC","link":"https:\/\/www.ceipmaestrorafaelbravomartin.es\/?cat=19"},"img":{"alt_text":"","src":"","width":0,"height":0},"classes":[]},{"id":146,"url":"https:\/\/www.ceipmaestrorafaelbravomartin.es\/?p=146","url_meta":{"origin":2084,"position":2},"title":"Abierto plazo de matriculaci\u00f3n para el curso 2011\/12","author":"CEIP Maestro Rafael Bravo Mart\u00edn","date":"2 marzo, 2011","format":false,"excerpt":"Se informa que durante todo el mes de marzo, hasta el d\u00eda 31 inclusive, \u00a0permanecer\u00e1 abierto el plazo de presentaci\u00f3n de solicitudes de admisi\u00f3n en los centros educativos p\u00fablicos y privados y concertados. Comienza de este modo el proceso de escolarizaci\u00f3n del curso 2011\/12 en el que participan todos los\u2026","rel":"","context":"En \u00abSecretar\u00eda\u00bb","block_context":{"text":"Secretar\u00eda","link":"https:\/\/www.ceipmaestrorafaelbravomartin.es\/?cat=16"},"img":{"alt_text":"","src":"","width":0,"height":0},"classes":[]},{"id":2092,"url":"https:\/\/www.ceipmaestrorafaelbravomartin.es\/?p=2092","url_meta":{"origin":2084,"position":3},"title":"RECOMENDACIONES PARA EL D\u00cdA A D\u00cdA","author":"CEIP Maestro Rafael Bravo Mart\u00edn","date":"16 marzo, 2020","format":false,"excerpt":"Teniendo en cuenta las instrucciones recibidas por parte de la Consejer\u00eda y el Real Decreto 463\/2020 de 14 de marzo, por el que se declara el estado de alarma para la gesti\u00f3n de la situaci\u00f3n de crisis sanitaria ocasionada por el COVID-19; hacemos las siguientes recomendaciones generales para el d\u00eda\u2026","rel":"","context":"En \u00abEstado de alarma\u00bb","block_context":{"text":"Estado de alarma","link":"https:\/\/www.ceipmaestrorafaelbravomartin.es\/?cat=122"},"img":{"alt_text":"","src":"","width":0,"height":0},"classes":[]},{"id":16,"url":"https:\/\/www.ceipmaestrorafaelbravomartin.es\/?p=16","url_meta":{"origin":2084,"position":4},"title":"Elecciones a Consejos Escolares","author":"CEIP Maestro Rafael Bravo Mart\u00edn","date":"13 octubre, 2010","format":false,"excerpt":"Se informa a toda la comunidad educativa de que a partir de este a\u00f1o y tras la publicaci\u00f3n del Decreto 328\/2010, de 13 de Julio por el que se aprueba el Reglamento Org\u00e1nico de las escuelas infantil de segundo ciclo, de los colegios de educaci\u00f3n infantil y primaria","rel":"","context":"En \u00abConsejo escolar\u00bb","block_context":{"text":"Consejo escolar","link":"https:\/\/www.ceipmaestrorafaelbravomartin.es\/?cat=12"},"img":{"alt_text":"","src":"","width":0,"height":0},"classes":[]},{"id":303,"url":"https:\/\/www.ceipmaestrorafaelbravomartin.es\/?p=303","url_meta":{"origin":2084,"position":5},"title":"Proceso de escolarizaci\u00f3n 2013\/2014","author":"CEIP Maestro Rafael Bravo Mart\u00edn","date":"21 febrero, 2013","format":false,"excerpt":"Normativa que regula los criterios y el procedimiento de admisi\u00f3n del alumnado en los centros docentes p\u00fablicos y privados concertados.\u00a0 DECRETO 40\/2011, de 22 de febrero, por el que se regulan los criterios y el procedimiento de admisi\u00f3n del alumnado en los centros docentes p\u00fablicos y privados concertados para cursar\u2026","rel":"","context":"En \u00abEl centro\u00bb","block_context":{"text":"El centro","link":"https:\/\/www.ceipmaestrorafaelbravomartin.es\/?cat=10"},"img":{"alt_text":"","src":"","width":0,"height":0},"classes":[]}],"_links":{"self":[{"href":"https:\/\/www.ceipmaestrorafaelbravomartin.es\/index.php?rest_route=\/wp\/v2\/posts\/2084","targetHints":{"allow":["GET"]}}],"collection":[{"href":"https:\/\/www.ceipmaestrorafaelbravomartin.es\/index.php?rest_route=\/wp\/v2\/posts"}],"about":[{"href":"https:\/\/www.ceipmaestrorafaelbravomartin.es\/index.php?rest_route=\/wp\/v2\/types\/post"}],"author":[{"embeddable":true,"href":"https:\/\/www.ceipmaestrorafaelbravomartin.es\/index.php?rest_route=\/wp\/v2\/users\/6"}],"replies":[{"embeddable":true,"href":"https:\/\/www.ceipmaestrorafaelbravomartin.es\/index.php?rest_route=%2Fwp%2Fv2%2Fcomments&post=2084"}],"version-history":[{"count":2,"href":"https:\/\/www.ceipmaestrorafaelbravomartin.es\/index.php?rest_route=\/wp\/v2\/posts\/2084\/revisions"}],"predecessor-version":[{"id":2086,"href":"https:\/\/www.ceipmaestrorafaelbravomartin.es\/index.php?rest_route=\/wp\/v2\/posts\/2084\/revisions\/2086"}],"wp:attachment":[{"href":"https:\/\/www.ceipmaestrorafaelbravomartin.es\/index.php?rest_route=%2Fwp%2Fv2%2Fmedia&parent=2084"}],"wp:term":[{"taxonomy":"category","embeddable":true,"href":"https:\/\/www.ceipmaestrorafaelbravomartin.es\/index.php?rest_route=%2Fwp%2Fv2%2Fcategories&post=2084"},{"taxonomy":"post_tag","embeddable":true,"href":"https:\/\/www.ceipmaestrorafaelbravomartin.es\/index.php?rest_route=%2Fwp%2Fv2%2Ftags&post=2084"}],"curies":[{"name":"wp","href":"https:\/\/api.w.org\/{rel}","templated":true}]}}